{"id":53257,"date":"2013-09-28T21:39:27","date_gmt":"2013-09-29T00:39:27","guid":{"rendered":"http:\/\/senoticias.com.br\/se\/?p=53257"},"modified":"2013-09-30T16:40:34","modified_gmt":"2013-09-30T19:40:34","slug":"morre-ex-presidente-do-tjse-epaminondas-silva-de-andrade","status":"publish","type":"post","link":"https:\/\/senoticias.com.br\/se\/morre-ex-presidente-do-tjse-epaminondas-silva-de-andrade\/","title":{"rendered":"Morre ex-presidente do TJSE Epaminondas Silva de Andrade"},"content":{"rendered":"<p style=\"text-align: justify;\">Epaminondas foi presidente do TJ-SE no per\u00edodo de 1997 a 1999<\/p>\n<div id=\"attachment_53258\" style=\"width: 235px\" class=\"wp-caption alignright\"><a href=\"http:\/\/senoticias.com.br\/se\/wp-content\/uploads\/2013\/09\/materia-epamindondas_280913.jpg\"><img loading=\"lazy\" decoding=\"async\" aria-describedby=\"caption-attachment-53258\" class=\"size-full wp-image-53258\" alt=\"Desembargador aposentado Epaminondas Silva de Andrade Lima (Foto: Arquivo TJSE)\" src=\"http:\/\/senoticias.com.br\/se\/wp-content\/uploads\/2013\/09\/materia-epamindondas_280913.jpg\" width=\"225\" height=\"169\" srcset=\"https:\/\/senoticias.com.br\/se\/wp-content\/uploads\/2013\/09\/materia-epamindondas_280913.jpg 225w, https:\/\/senoticias.com.br\/se\/wp-content\/uploads\/2013\/09\/materia-epamindondas_280913-60x45.jpg 60w, https:\/\/senoticias.com.br\/se\/wp-content\/uploads\/2013\/09\/materia-epamindondas_280913-150x113.jpg 150w\" sizes=\"(max-width: 225px) 100vw, 225px\" \/><\/a><p id=\"caption-attachment-53258\" class=\"wp-caption-text\">Desembargador aposentado Epaminondas Silva de Andrade Lima (Foto: Arquivo TJSE)<\/p><\/div>\n<p style=\"text-align: justify;\">Morreu na madrugada deste s\u00e1bado (28), aos 77 anos, o ex-Presidente do Tribunal de Justi\u00e7a de Sergipe o Desembargador aposentado Epaminondas Silva de Andrade Lima. Epaminondas foi presidente do TJ-SE no per\u00edodo de 1997 a 1999. Seu corpo est\u00e1 sendo velado no hall do Anexo I do Pal\u00e1cio da Justi\u00e7a, na rua de Pacatuba. O sepultamento acontecer\u00e1 neste domingo, dia 29, \u00e0s 11h, no Cemit\u00e9rio Colina da Saudade.<\/p>\n<p style=\"text-align: justify;\"><strong>Trajet\u00f3ria de vida<\/strong><\/p>\n<p style=\"text-align: justify;\">Epaminondas Silva de Andrade Lima, filho do tamb\u00e9m Desembargador Jo\u00e3o Bosco de Andrade Lima e Dulce Silva de Andrade Lima, nasceu no dia seis de novembro de 1935, no munic\u00edpio de Est\u00e2ncia, e bacharelou-se pela Faculdade de Direito da Universidade Federal de Pernambuco, em 1958.<\/p>\n<p style=\"text-align: justify;\">Epaminondas Silva de Andrade Lima assumiu, em fevereiro de 1955, ainda como estudante de Direito o posto de Promotor P\u00fablico da Comarca de S\u00e3o Crist\u00f3v\u00e3o, atuando em seguida na Comarca de Lagarto (1955). Quatro anos depois da sua cola\u00e7\u00e3o de grau em Direito foi aprovado em concurso p\u00fablico e nomeado Promotor de Justi\u00e7a da Comarca de Riach\u00e3o do Dantas, em julho de 1962. A partir daquele mesmo ano exerceu as fun\u00e7\u00f5es de membro do Conselho Penitenci\u00e1rio do Estado de Sergipe.<\/p>\n<p style=\"text-align: justify;\">A carreira de magistrado teve in\u00edcio em maio de 1963, quando tomou posse como Juiz de Direito de Primeira Entr\u00e2ncia da Comarca de Arau\u00e1. Homem de fortes convic\u00e7\u00f5es religiosas, ele buscou sempre, do ponto de vista filos\u00f3fico, associar a sua pr\u00e1tica de magistrado, aplicando a lei e observando os fundamentos do Cristianismo, conforme declarou em entrevista que concedeu \u00e0 revista Judiciarium, em fevereiro de 1997:<\/p>\n<p style=\"text-align: justify;\">&#8220;N\u00e3o sou um homem pessimista ou derrotista, mesmo porque sou crist\u00e3o e acredito na ressurrei\u00e7\u00e3o de Jesus Cristo. Acredito nas pessoas, nas institui\u00e7\u00f5es. Espero dos primeiros a contribui\u00e7\u00e3o para podermos, juntos viabilizar as segundas. A democracia, regime pol\u00edtico que nos abriga deve ser inerente tamb\u00e9m ao Poder Judici\u00e1rio.&#8221;<\/p>\n<p style=\"text-align: justify;\">Um ano depois de haver iniciado a sua atua\u00e7\u00e3o como magistrado, trabalhou na Comarca de S\u00e3o Crist\u00f3v\u00e3o (1964), onde foi promovido a Juiz de Direito de Segunda Entr\u00e2ncia. No ano de 1974 foi removido para a Comarca de Aracaju, onde atuou na<\/p>\n<p style=\"text-align: justify;\">Terceira Vara Criminal, na Nona Vara C\u00edvel (1980) e na S\u00e9tima Vara C\u00edvel (1984).<br \/>\nA posse no cargo de Desembargador do Tribunal de Justi\u00e7a do Estado de Sergipe ocorreu em 1989. Dois anos depois, em 1991, ele foi eleito Vice-Presidente do Poder Judici\u00e1rio. Presidiu o Judici\u00e1rio sergipano no bi\u00eanio 1997-1999 e tamb\u00e9m foi Presidente do Tribunal Regional Eleitoral (2001).<\/p>\n<p style=\"text-align: justify;\"><em><strong>Ascom TJSE<\/strong><\/em><\/p>\n","protected":false},"excerpt":{"rendered":"<p>Epaminondas foi presidente do TJ-SE no per\u00edodo de 1997 a 1999 Morreu na madrugada deste s\u00e1bado (28), aos 77 anos, o ex-Presidente do Tribunal de Justi\u00e7a de Sergipe o Desembargador aposentado Epaminondas Silva de Andrade Lima. Epaminondas foi presidente do TJ-SE no per\u00edodo de 1997 a 1999. Seu corpo est\u00e1 sendo velado no hall do [&hellip;]<\/p>\n","protected":false},"author":2,"featured_media":53258,"comment_status":"closed","ping_status":"closed","sticky":false,"template":"","format":"standard","meta":{"footnotes":""},"categories":[6],"tags":[],"class_list":{"0":"post-53257","1":"post","2":"type-post","3":"status-publish","4":"format-standard","5":"has-post-thumbnail","7":"category-politica"},"_links":{"self":[{"href":"https:\/\/senoticias.com.br\/se\/wp-json\/wp\/v2\/posts\/53257"}],"collection":[{"href":"https:\/\/senoticias.com.br\/se\/wp-json\/wp\/v2\/posts"}],"about":[{"href":"https:\/\/senoticias.com.br\/se\/wp-json\/wp\/v2\/types\/post"}],"author":[{"embeddable":true,"href":"https:\/\/senoticias.com.br\/se\/wp-json\/wp\/v2\/users\/2"}],"replies":[{"embeddable":true,"href":"https:\/\/senoticias.com.br\/se\/wp-json\/wp\/v2\/comments?post=53257"}],"version-history":[{"count":0,"href":"https:\/\/senoticias.com.br\/se\/wp-json\/wp\/v2\/posts\/53257\/revisions"}],"wp:featuredmedia":[{"embeddable":true,"href":"https:\/\/senoticias.com.br\/se\/wp-json\/wp\/v2\/media\/53258"}],"wp:attachment":[{"href":"https:\/\/senoticias.com.br\/se\/wp-json\/wp\/v2\/media?parent=53257"}],"wp:term":[{"taxonomy":"category","embeddable":true,"href":"https:\/\/senoticias.com.br\/se\/wp-json\/wp\/v2\/categories?post=53257"},{"taxonomy":"post_tag","embeddable":true,"href":"https:\/\/senoticias.com.br\/se\/wp-json\/wp\/v2\/tags?post=53257"}],"curies":[{"name":"wp","href":"https:\/\/api.w.org\/{rel}","templated":true}]}}