{"id":53253,"date":"2013-09-28T19:44:25","date_gmt":"2013-09-28T22:44:25","guid":{"rendered":"http:\/\/senoticias.com.br\/se\/?p=53253"},"modified":"2013-09-30T12:38:30","modified_gmt":"2013-09-30T15:38:30","slug":"dia-de-furia-diego-costa-sangra-faz-gol-e-da-vitoria-ao-atletico-sobre-real","status":"publish","type":"post","link":"https:\/\/senoticias.com.br\/se\/dia-de-furia-diego-costa-sangra-faz-gol-e-da-vitoria-ao-atletico-sobre-real\/","title":{"rendered":"Dia de f\u00faria: Diego Costa sangra, faz gol e d\u00e1 vit\u00f3ria ao Atl\u00e9tico sobre Real"},"content":{"rendered":"<p><em>Por <strong itemprop=\"author\">GLOBOESPORTE.COM, em\u00a0<\/strong><strong>Madri<\/strong><\/em><\/p>\n<p style=\"text-align: justify;\">Cotado para defender a sele\u00e7\u00e3o espanhola, o brasileiro Diego Costa foi o grande nome da vit\u00f3ria apertada do Atl\u00e9tico de Madri por 1 a 0 sobre o Real no movimentado cl\u00e1ssico deste s\u00e1bado diante de 79.845 torcedores no Santiago Bernab\u00e9u. Al\u00e9m dos tr\u00eas pontos, a equipe de Diego Simeone quebrou um jejum de 14 anos sem vit\u00f3rias sobre o maior rival no Campeonato Espanhol. O atacante brasileiro marcou o seu, criou v\u00e1rias chances, discutiu com os rivais, recebeu cart\u00e3o e ainda saiu com a canela sangrando ap\u00f3s entrada de Arbeloa. Diego Costa ainda chegou aos oito gols no torneio, dividindo a artilharia com Messi.<\/p>\n<div id=\"attachment_53254\" style=\"width: 606px\" class=\"wp-caption aligncenter\"><a href=\"http:\/\/senoticias.com.br\/se\/wp-content\/uploads\/2013\/09\/diegocosta_atleticodemadri_efe.jpg_95.jpg\"><img loading=\"lazy\" decoding=\"async\" aria-describedby=\"caption-attachment-53254\" class=\"size-full wp-image-53254\" alt=\"Diego Costa \u00e9 decisivo para vit\u00f3ria do Atl\u00e9tico de Madri sobre o Real Madrid (Foto: EFE)\" src=\"http:\/\/senoticias.com.br\/se\/wp-content\/uploads\/2013\/09\/diegocosta_atleticodemadri_efe.jpg_95.jpg\" width=\"596\" height=\"375\" srcset=\"https:\/\/senoticias.com.br\/se\/wp-content\/uploads\/2013\/09\/diegocosta_atleticodemadri_efe.jpg_95.jpg 596w, https:\/\/senoticias.com.br\/se\/wp-content\/uploads\/2013\/09\/diegocosta_atleticodemadri_efe.jpg_95-300x188.jpg 300w, https:\/\/senoticias.com.br\/se\/wp-content\/uploads\/2013\/09\/diegocosta_atleticodemadri_efe.jpg_95-342x215.jpg 342w\" sizes=\"(max-width: 596px) 100vw, 596px\" \/><\/a><p id=\"caption-attachment-53254\" class=\"wp-caption-text\">Diego Costa \u00e9 decisivo para vit\u00f3ria do Atl\u00e9tico de Madri sobre o Real Madrid (Foto: EFE)<\/p><\/div>\n<p style=\"text-align: justify;\">Com o triunfo, o Atl\u00e9tico continua ao lado do Barcelona na lideran\u00e7a do Campeonato Espanhol &#8211; ambos com 100% de aproveitamento e 21 pontos. J\u00e1 o Real, que foi previs\u00edvel ao longo dos 90 minutos, apesar do maior dom\u00ednio da posse de bola, perdeu sua primeira partida na competi\u00e7\u00e3o, estacionou nos 16 e seguiu na terceira posi\u00e7\u00e3o, s\u00f3 que agora mais distante dos rivais.<\/p>\n<p style=\"text-align: justify;\">Contrata\u00e7\u00e3o mais cara da hist\u00f3ria, Gareth Bale, recuperado da sobrecarga muscular na coxa, ficou no banco e foi a campo logo ap\u00f3s o intervalo, fazendo assim sua estreia no Santiago Bernab\u00e9u. Com isso, Carlo Ancelotti montou a equipe com Isco e Di Mar\u00eda (que mais tarde daria a vaga ao gal\u00eas) na cria\u00e7\u00e3o, com Cristiano Ronaldo e Benzema mais na frente.<\/p>\n<p style=\"text-align: justify;\">Al\u00e9m de Diego Costa, o Atl\u00e9tico de Madri teve dois brasileiros entre os titulares. O lateral-esquerdo Filipe Luis, que iniciou a jogada do gol do atacante brasuca, e o zagueiro Miranda come\u00e7aram a partida pela equipe de Diego Simeone. Leo Baptist\u00e3o ainda entrou nos minutos finais no lugar de Diego Costa.<\/p>\n<p style=\"text-align: justify;\">O Real Madrid volta a campo na pr\u00f3xima quarta-feira para receber o Copenhague pela Liga dos Campe\u00f5es. Pela mesma competi\u00e7\u00e3o, s\u00f3 que um dia antes, o Atl\u00e9tico vai a Portugal enfrentar o Porto. No Campeonato Espanhol, o pr\u00f3ximo advers\u00e1rio merengue ser\u00e1 o Levante daqui a uma semana, enquanto o Celta de Vigo visitar\u00e1 os colchoneros.<\/p>\n<p style=\"text-align: justify;\">Diego Costa brilha<\/p>\n<p style=\"text-align: justify;\">O protagonista da primeira etapa foi justamente Diego Costa. Ap\u00f3s o Real tentar emplacar uma press\u00e3o nos minutos iniciais, o brasileiro apareceu para colocar o Atl\u00e9tico em vantagem aos dez. A jogada come\u00e7ou quando Filipe Luis roubou a bola no campo de ataque e jogou com Koke. A\u00ed, ele enfiou grande bola para o camisa 9 tocar na sa\u00edda de Diego L\u00f3pez e abrir o marcador no Santiago Bernab\u00e9u.<\/p>\n<p style=\"text-align: justify;\">O gol n\u00e3o mudou muito o panorama da partida. Com Cristiano Ronaldo apagado, o Real tinha maior posse de bola, tentava pressionar o advers\u00e1rio, mas n\u00e3o encontrava espa\u00e7o na defesa do Atl\u00e9tico. Com isso, o jeito foi apostar na bola pelo alto. Benzema, por exemplo, assustou a meta de Courtois em duas cabe\u00e7adas.<\/p>\n<p style=\"text-align: justify;\">Com o passar do tempo, o clima foi ficando mais quente, e o \u00e1rbitro passou a distribuir cart\u00f5es. Arda Turan, F\u00e1bio Coentr\u00e3o, God\u00edn&#8230; todos foram punidos nos minutos finais do primeiro tempo. Os xar\u00e1s Diego Costa e Diego L\u00f3pez tamb\u00e9m discutiram feio, ap\u00f3s dividida na pequena \u00e1rea aos 41, quando o brasileiro quase ampliou a diferen\u00e7a.<\/p>\n<p style=\"text-align: justify;\">Bale em campo na segunda etapa<\/p>\n<p style=\"text-align: justify;\">Ancelotti promoveu duas mudan\u00e7as no intervalo na tentativa de melhorar a equipe. Illarramendi e Di Mar\u00eda sa\u00edram para as entradas de Modric e Gareth Bale. As altera\u00e7\u00f5es surtiram pouco efeito, e o Real n\u00e3o conseguia furar o bloqueio armado por Diego Simeone.<\/p>\n<p style=\"text-align: justify;\">Do lado do Atl\u00e9tico, Diego Costa seguia de cabe\u00e7a quente. Insatisfeito com uma marca\u00e7\u00e3o da arbitragem, o atacante brasileiro chegou a receber cart\u00e3o amarelo ap\u00f3s discutir com o juiz. Ao mesmo tempo, com a bola rolando, ele era o homem de refer\u00eancia l\u00e1 na frente e foi o respons\u00e1vel pelas melhores chances de sua equipe na etapa final.<\/p>\n<p style=\"text-align: justify;\">O jogo pegou fogo at\u00e9 os minutos finais, e as duas equipes poderiam muito bem ter chegado ao gol. Koke s\u00f3 n\u00e3o marcou porque parou na trave. Morata, do outro lado, quase empatou, mas Courtois fez grande defesa. No fim, a vit\u00f3ria simples acabou sendo um resultado justo pelo que o Atl\u00e9tico apresentou dentro de campo.<\/p>\n<p style=\"text-align: justify;\"><a href=\"http:\/\/globoesporte.globo.com\/futebol\/futebol-internacional\/futebol-espanhol\/#\/classificacao-e-jogos\" target=\"_blank\"><strong>Veja a tabela do Campeonato Espanhol<\/strong><\/a><\/p>\n","protected":false},"excerpt":{"rendered":"<p>Por GLOBOESPORTE.COM, em\u00a0Madri Cotado para defender a sele\u00e7\u00e3o espanhola, o brasileiro Diego Costa foi o grande nome da vit\u00f3ria apertada do Atl\u00e9tico de Madri por 1 a 0 sobre o Real no movimentado cl\u00e1ssico deste s\u00e1bado diante de 79.845 torcedores no Santiago Bernab\u00e9u. Al\u00e9m dos tr\u00eas pontos, a equipe de Diego Simeone quebrou um jejum [&hellip;]<\/p>\n","protected":false},"author":1,"featured_media":53254,"comment_status":"closed","ping_status":"closed","sticky":false,"template":"","format":"standard","meta":{"footnotes":""},"categories":[39,8],"tags":[],"class_list":{"0":"post-53253","1":"post","2":"type-post","3":"status-publish","4":"format-standard","5":"has-post-thumbnail","7":"category-esporte","8":"category-esporte-e-cultura"},"_links":{"self":[{"href":"https:\/\/senoticias.com.br\/se\/wp-json\/wp\/v2\/posts\/53253"}],"collection":[{"href":"https:\/\/senoticias.com.br\/se\/wp-json\/wp\/v2\/posts"}],"about":[{"href":"https:\/\/senoticias.com.br\/se\/wp-json\/wp\/v2\/types\/post"}],"author":[{"embeddable":true,"href":"https:\/\/senoticias.com.br\/se\/wp-json\/wp\/v2\/users\/1"}],"replies":[{"embeddable":true,"href":"https:\/\/senoticias.com.br\/se\/wp-json\/wp\/v2\/comments?post=53253"}],"version-history":[{"count":0,"href":"https:\/\/senoticias.com.br\/se\/wp-json\/wp\/v2\/posts\/53253\/revisions"}],"wp:featuredmedia":[{"embeddable":true,"href":"https:\/\/senoticias.com.br\/se\/wp-json\/wp\/v2\/media\/53254"}],"wp:attachment":[{"href":"https:\/\/senoticias.com.br\/se\/wp-json\/wp\/v2\/media?parent=53253"}],"wp:term":[{"taxonomy":"category","embeddable":true,"href":"https:\/\/senoticias.com.br\/se\/wp-json\/wp\/v2\/categories?post=53253"},{"taxonomy":"post_tag","embeddable":true,"href":"https:\/\/senoticias.com.br\/se\/wp-json\/wp\/v2\/tags?post=53253"}],"curies":[{"name":"wp","href":"https:\/\/api.w.org\/{rel}","templated":true}]}}