{"id":53251,"date":"2013-09-28T16:28:35","date_gmt":"2013-09-28T19:28:35","guid":{"rendered":"http:\/\/senoticias.com.br\/se\/?p=53251"},"modified":"2013-09-28T16:28:35","modified_gmt":"2013-09-28T19:28:35","slug":"em-debate-marcio-apresenta-propostas-para-um-novo-ciclo-do-pt","status":"publish","type":"post","link":"https:\/\/senoticias.com.br\/se\/em-debate-marcio-apresenta-propostas-para-um-novo-ciclo-do-pt\/","title":{"rendered":"Em debate, M\u00e1rcio apresenta propostas para um novo ciclo do PT"},"content":{"rendered":"<p style=\"text-align: justify;\">\n<div id=\"attachment_39661\" style=\"width: 210px\" class=\"wp-caption alignright\"><a href=\"http:\/\/senoticias.com.br\/se\/wp-content\/uploads\/2012\/09\/foto22.jpg\"><img loading=\"lazy\" decoding=\"async\" aria-describedby=\"caption-attachment-39661\" class=\"size-medium wp-image-39661\" alt=\" M\u00e1rcio Mac\u00eado, deputado federal. (Divulga\u00e7\u00e3o)\" src=\"http:\/\/senoticias.com.br\/se\/wp-content\/uploads\/2012\/09\/foto22-200x300.jpg\" width=\"200\" height=\"300\" srcset=\"https:\/\/senoticias.com.br\/se\/wp-content\/uploads\/2012\/09\/foto22-200x300.jpg 200w, https:\/\/senoticias.com.br\/se\/wp-content\/uploads\/2012\/09\/foto22-342x513.jpg 342w, https:\/\/senoticias.com.br\/se\/wp-content\/uploads\/2012\/09\/foto22-300x450.jpg 300w, https:\/\/senoticias.com.br\/se\/wp-content\/uploads\/2012\/09\/foto22.jpg 546w\" sizes=\"(max-width: 200px) 100vw, 200px\" \/><\/a><p id=\"caption-attachment-39661\" class=\"wp-caption-text\">M\u00e1rcio Mac\u00eado, deputado federal. (Divulga\u00e7\u00e3o)<\/p><\/div>\n<p style=\"text-align: justify;\">O deputado federal M\u00e1rcio Mac\u00eado participou neste s\u00e1bado (28) de mais um debate do Processo de Elei\u00e7\u00f5es Diretas (PED) do Partido dos Trabalhadores (PT) em Sergipe. Desta vez em Propri\u00e1. O parlamentar, que \u00e9 um dos candidatos a presidente do Diret\u00f3rio Estadual da legenda, apresentou as 13 principais propostas da sua chapa, recha\u00e7ou cr\u00edticas feitas pelo candidato Rog\u00e9rio Carvalho, respondeu aos questionamentos da milit\u00e2ncia e voltou a defender o legado dos governos de Marcelo D\u00e9da no Estado.<\/p>\n<p style=\"text-align: justify;\">\u201cRog\u00e9rio disse na imprensa que foi exonerado do cargo de presidente do PT. N\u00e3o se exonera presidente. Presidente \u00e9 eleito. Ele foi presidente do PT sem ser eleito, fruto de um acordo do qual eu n\u00e3o participei. Aquilo que est\u00e1 na imprensa de Rog\u00e9rio se auto-vitimar n\u00e3o combina com ele. O enredo n\u00e3o combina com o personagem, porque n\u00e3o \u00e9 isso que \u00e9 a verdade\u201d, afirmou M\u00e1rcio Mac\u00eado.<\/p>\n<p style=\"text-align: justify;\">O parlamentar, que \u00e9 candidato da chapa \u201cO partido que muda Sergipe\u201d, afirmou que cabe a cada militante e l\u00edder pol\u00edtico do PT defender o legado dos governos de Marcelo D\u00e9da no Estado, assim como as administra\u00e7\u00f5es exitosas do presidente Lula e da presidente Dilma no plano federal. \u201cQuerem apagar o legado do PT e de D\u00e9da em Sergipe. N\u00e3o podemos deixar isso acontecer\u201d, disse.<\/p>\n<p style=\"text-align: justify;\">Destacando a participa\u00e7\u00e3o do conjunto da milit\u00e2ncia nas decis\u00f5es partid\u00e1rias, M\u00e1rcio ressaltou que quer ser presidente do PT para construir, com os ac\u00famulos existentes, um novo momento para o partido. \u201cN\u00e3o tenho voca\u00e7\u00e3o messi\u00e2nica, para achar que as coisas s\u00f3 acontecem a partir da minha exist\u00eancia. H\u00e1 um grande legado\u201d, frisou.<\/p>\n<p style=\"text-align: justify;\">Consciente da import\u00e2ncia do \u201cdi\u00e1logo horizontalizado\u201d em todo o processo de fortalecimento do PT, M\u00e1rcio Mac\u00eado apresentou as principais propostas de sua candidatura. \u201cSou candidato e quero ser presidente do PT em Sergipe porque acho que os 43 diret\u00f3rios que me apoiam e a milit\u00e2ncia significativa desse partido enxergaram em mim o perfil ideal para enfrentar este momento hist\u00f3rico que o nosso partido vive. Sou candidato a presidente para defender o nosso legado, a nossa historia e abrir um novo ciclo do futuro\u201d, ressaltou.<\/p>\n<p style=\"text-align: justify;\">S\u00e3o propostas do deputado: trabalhar pelo fortalecimento e unidade do PT, estabelecendo um di\u00e1logo democr\u00e1tico e horizontalizado com as correntes e agrupamento visando \u00e0 constru\u00e7\u00e3o de uma dire\u00e7\u00e3o partid\u00e1ria colegiada; debater e fazer a defesa do legado do PT nos 10 anos de governo de Lula e Dilma e nos oito anos de governo de Marcelo D\u00e9da; criar uma pol\u00edtica de comunica\u00e7\u00e3o que permita a todos os militantes acesso \u00e0 informa\u00e7\u00e3o de forma transparente, r\u00e1pida, democr\u00e1tica e objetiva, potencializando o di\u00e1logo atrav\u00e9s dos modernos mecanismos de intera\u00e7\u00e3o nos meios digitais.<\/p>\n<p style=\"text-align: justify;\">M\u00e1rcio Mac\u00eado tamb\u00e9m defende a promo\u00e7\u00e3o de mais a\u00e7\u00f5es de forma\u00e7\u00e3o pol\u00edtica da milit\u00e2ncia; o estabelecimento de uma rela\u00e7\u00e3o pol\u00edtica qualificada com os movimentos sociais e populares; a consolida\u00e7\u00e3o da pol\u00edtica de fortalecimento dos setoriais do Partido (Juventude, Mulheres, Negros); a realiza\u00e7\u00e3o de debates regionais, atrav\u00e9s das caravanas tem\u00e1ticas do PT; a amplia\u00e7\u00e3o da participa\u00e7\u00e3o da milit\u00e2ncia, da juventude, dos negros e das mulheres, garantindo o protagonismo pol\u00edtico e a paridade e a cria\u00e7\u00e3o de um Grupo de Trabalho Eleitoral para elaborar o projeto estrat\u00e9gico de enfrentamento das elei\u00e7\u00f5es em 2014.<\/p>\n<p style=\"text-align: justify;\"><em><strong>Da Assessoria de Imprensa<\/strong><\/em><\/p>\n","protected":false},"excerpt":{"rendered":"<p>O deputado federal M\u00e1rcio Mac\u00eado participou neste s\u00e1bado (28) de mais um debate do Processo de Elei\u00e7\u00f5es Diretas (PED) do Partido dos Trabalhadores (PT) em Sergipe. Desta vez em Propri\u00e1. O parlamentar, que \u00e9 um dos candidatos a presidente do Diret\u00f3rio Estadual da legenda, apresentou as 13 principais propostas da sua chapa, recha\u00e7ou cr\u00edticas feitas [&hellip;]<\/p>\n","protected":false},"author":1,"featured_media":39661,"comment_status":"closed","ping_status":"closed","sticky":false,"template":"","format":"standard","meta":{"footnotes":""},"categories":[6],"tags":[],"class_list":{"0":"post-53251","1":"post","2":"type-post","3":"status-publish","4":"format-standard","5":"has-post-thumbnail","7":"category-politica"},"_links":{"self":[{"href":"https:\/\/senoticias.com.br\/se\/wp-json\/wp\/v2\/posts\/53251"}],"collection":[{"href":"https:\/\/senoticias.com.br\/se\/wp-json\/wp\/v2\/posts"}],"about":[{"href":"https:\/\/senoticias.com.br\/se\/wp-json\/wp\/v2\/types\/post"}],"author":[{"embeddable":true,"href":"https:\/\/senoticias.com.br\/se\/wp-json\/wp\/v2\/users\/1"}],"replies":[{"embeddable":true,"href":"https:\/\/senoticias.com.br\/se\/wp-json\/wp\/v2\/comments?post=53251"}],"version-history":[{"count":0,"href":"https:\/\/senoticias.com.br\/se\/wp-json\/wp\/v2\/posts\/53251\/revisions"}],"wp:featuredmedia":[{"embeddable":true,"href":"https:\/\/senoticias.com.br\/se\/wp-json\/wp\/v2\/media\/39661"}],"wp:attachment":[{"href":"https:\/\/senoticias.com.br\/se\/wp-json\/wp\/v2\/media?parent=53251"}],"wp:term":[{"taxonomy":"category","embeddable":true,"href":"https:\/\/senoticias.com.br\/se\/wp-json\/wp\/v2\/categories?post=53251"},{"taxonomy":"post_tag","embeddable":true,"href":"https:\/\/senoticias.com.br\/se\/wp-json\/wp\/v2\/tags?post=53251"}],"curies":[{"name":"wp","href":"https:\/\/api.w.org\/{rel}","templated":true}]}}