{"id":53248,"date":"2013-09-28T16:14:56","date_gmt":"2013-09-28T19:14:56","guid":{"rendered":"http:\/\/senoticias.com.br\/se\/?p=53248"},"modified":"2013-09-29T21:18:53","modified_gmt":"2013-09-30T00:18:53","slug":"pai-de-joia-do-santos-dispara-nao-vou-satisfazer-vontade-de-ninguem","status":"publish","type":"post","link":"https:\/\/senoticias.com.br\/se\/pai-de-joia-do-santos-dispara-nao-vou-satisfazer-vontade-de-ninguem\/","title":{"rendered":"Pai de joia do Santos dispara: &#8216;N\u00e3o vou satisfazer vontade de ningu\u00e9m&#8217;"},"content":{"rendered":"<p style=\"text-align: justify;\"><em><strong>Por Lincoln Chaves, para o Globo Esporte, em Santos, SP<\/strong><\/em><\/p>\n<div id=\"attachment_53250\" style=\"width: 310px\" class=\"wp-caption alignright\"><a href=\"http:\/\/senoticias.com.br\/se\/wp-content\/uploads\/2013\/09\/victorandrade_treinosantos_ricardosaibun.jpg_95.jpg\"><img loading=\"lazy\" decoding=\"async\" aria-describedby=\"caption-attachment-53250\" class=\"size-full wp-image-53250\" alt=\" Pai de Victor Andrade est\u00e1 descontente com o Alvinegro (Foto: Ricardo Saibun \/ Santos FC)\" src=\"http:\/\/senoticias.com.br\/se\/wp-content\/uploads\/2013\/09\/victorandrade_treinosantos_ricardosaibun.jpg_95.jpg\" width=\"300\" height=\"230\" srcset=\"https:\/\/senoticias.com.br\/se\/wp-content\/uploads\/2013\/09\/victorandrade_treinosantos_ricardosaibun.jpg_95.jpg 300w, https:\/\/senoticias.com.br\/se\/wp-content\/uploads\/2013\/09\/victorandrade_treinosantos_ricardosaibun.jpg_95-60x45.jpg 60w\" sizes=\"(max-width: 300px) 100vw, 300px\" \/><\/a><p id=\"caption-attachment-53250\" class=\"wp-caption-text\"><br \/>Pai de Victor Andrade est\u00e1 descontente com o<br \/>Alvinegro (Foto: Ricardo Saibun \/ Santos FC)<\/p><\/div>\n<p style=\"text-align: justify;\">Nelson Andrade, pai de Victor Andrade, est\u00e1 indignado. Ele n\u00e3o s\u00f3 assumiu a responsabilidade pelo atacante do Santos, que comemora 18 anos na segunda-feira, n\u00e3o ter viajado para a \u00c1sia com um grupo formado por atletas encostados e do time sub-20, como reclamou do clube permitir que supostas \u201cquest\u00f5es pessoais\u201d do t\u00e9cnico Claudinei Oliveira com o jogador estejam minando as oportunidades dele no Peixe.<\/p>\n<p style=\"text-align: justify;\">&#8211; A decis\u00e3o (de n\u00e3o viajar) n\u00e3o foi de Victor, mas minha. Por uma s\u00e9rie de fatores. O principal \u00e9 que n\u00e3o vou satisfazer vontade de ningu\u00e9m. \u00c9 uma quest\u00e3o pessoal do Claudinei com ele, que n\u00e3o sei quais s\u00e3o, e n\u00e3o concordo com isso. J\u00e1 atendi vontades uma vez, quando ele estava de f\u00e9rias, no final do ano passado, e voltou para jogar o Brasileiro sub-20. N\u00e3o admito que t\u00e9cnicos tomem decis\u00f5es no lugar dos dirigentes \u2013 dispara.<\/p>\n<p style=\"text-align: justify;\">Promovido por Muricy Ramalho, em junho do ano passado, quando sequer tinha completado 17 anos, Victor Andrade, fez apenas quatro jogos pelo Santos em 2013, sendo que foi a campo s\u00f3 uma vez com Claudinei: no amistoso contra o Barcelona, no \u00faltimo dia 3 de agosto, no Camp Nou. Na ocasi\u00e3o, o atacante atuou por 16 minutos. Ap\u00f3s o jogo na Espanha, o garoto chegou a se manifestar em uma rede social, pedindo mais oportunidades.<\/p>\n<p style=\"text-align: justify;\">Victor Andrade est\u00e1 vinculado ao Santos at\u00e9 outubro do ano que vem, com uma multa rescis\u00f3ria de \u20ac 50 milh\u00f5es (R$ 150 milh\u00f5es). A partir de abril, o atacante poder\u00e1 assinar um pr\u00e9-contrato com qualquer outro clube. Nelson, no entanto, avisa que uma eventual renova\u00e7\u00e3o s\u00f3 vai ocorrer se o Peixe mudar a atitude quanto ao jogador.<br \/>\n&#8211; S\u00f3 h\u00e1 renova\u00e7\u00e3o se houver postura do clube, se Victor tiver oportunidades de jogar. Sempre tratamos o clube com respeito, mas a rec\u00edproca \u00e0s vezes n\u00e3o \u00e9 verdadeira \u2013 resume.<\/p>\n<p style=\"text-align: justify;\">Vice-presidente do Santos e mandat\u00e1rio em exerc\u00edcio devido \u00e0 licen\u00e7a de Luis Alvaro Ribeiro, Od\u00edlio Rodrigues, minimiza o epis\u00f3dio e diz n\u00e3o ter conhecimento do suposto \u201cracha\u201d entre Victor Andrade e Claudinei.<\/p>\n<p style=\"text-align: justify;\">&#8211; A \u00fanica coisa que eu sei \u00e9 que isso ser\u00e1 resolvido internamente, com todo cuidado necess\u00e1rio, sempre com a vis\u00e3o de que defendemos o princ\u00edpio da hierarquia, da disciplina. O Victor \u00e9 um jogador promissor, patrim\u00f4nio do clube, por quem temos muito carinho, que tem de preservado \u2013 garante, evitando comentar as cr\u00edticas de Nelson \u00e0 postura do Peixe em rela\u00e7\u00e3o ao filho.<\/p>\n<p style=\"text-align: justify;\">&#8211; A diretoria n\u00e3o abre m\u00e3o de suas fun\u00e7\u00f5es de diretoria, administrativas e disciplinares. N\u00e3o transfere a fun\u00e7\u00e3o para outros. Temos um ambiente profissional \u2013 conclui.<\/p>\n","protected":false},"excerpt":{"rendered":"<p>Por Lincoln Chaves, para o Globo Esporte, em Santos, SP Nelson Andrade, pai de Victor Andrade, est\u00e1 indignado. Ele n\u00e3o s\u00f3 assumiu a responsabilidade pelo atacante do Santos, que comemora 18 anos na segunda-feira, n\u00e3o ter viajado para a \u00c1sia com um grupo formado por atletas encostados e do time sub-20, como reclamou do clube [&hellip;]<\/p>\n","protected":false},"author":1,"featured_media":53250,"comment_status":"closed","ping_status":"closed","sticky":false,"template":"","format":"standard","meta":{"footnotes":""},"categories":[39,8],"tags":[],"class_list":{"0":"post-53248","1":"post","2":"type-post","3":"status-publish","4":"format-standard","5":"has-post-thumbnail","7":"category-esporte","8":"category-esporte-e-cultura"},"_links":{"self":[{"href":"https:\/\/senoticias.com.br\/se\/wp-json\/wp\/v2\/posts\/53248"}],"collection":[{"href":"https:\/\/senoticias.com.br\/se\/wp-json\/wp\/v2\/posts"}],"about":[{"href":"https:\/\/senoticias.com.br\/se\/wp-json\/wp\/v2\/types\/post"}],"author":[{"embeddable":true,"href":"https:\/\/senoticias.com.br\/se\/wp-json\/wp\/v2\/users\/1"}],"replies":[{"embeddable":true,"href":"https:\/\/senoticias.com.br\/se\/wp-json\/wp\/v2\/comments?post=53248"}],"version-history":[{"count":0,"href":"https:\/\/senoticias.com.br\/se\/wp-json\/wp\/v2\/posts\/53248\/revisions"}],"wp:featuredmedia":[{"embeddable":true,"href":"https:\/\/senoticias.com.br\/se\/wp-json\/wp\/v2\/media\/53250"}],"wp:attachment":[{"href":"https:\/\/senoticias.com.br\/se\/wp-json\/wp\/v2\/media?parent=53248"}],"wp:term":[{"taxonomy":"category","embeddable":true,"href":"https:\/\/senoticias.com.br\/se\/wp-json\/wp\/v2\/categories?post=53248"},{"taxonomy":"post_tag","embeddable":true,"href":"https:\/\/senoticias.com.br\/se\/wp-json\/wp\/v2\/tags?post=53248"}],"curies":[{"name":"wp","href":"https:\/\/api.w.org\/{rel}","templated":true}]}}