{"id":53245,"date":"2013-09-28T13:15:47","date_gmt":"2013-09-28T16:15:47","guid":{"rendered":"http:\/\/senoticias.com.br\/se\/?p=53245"},"modified":"2013-09-28T13:17:02","modified_gmt":"2013-09-28T16:17:02","slug":"cortejado-por-partidos-antonio-neto-pode-se-filiar-ao-pp","status":"publish","type":"post","link":"https:\/\/senoticias.com.br\/se\/cortejado-por-partidos-antonio-neto-pode-se-filiar-ao-pp\/","title":{"rendered":"Cortejado por partidos, Antonio Neto pode se  filiar ao PP"},"content":{"rendered":"<p>&nbsp;<\/p>\n<p>&nbsp;<\/p>\n<div id=\"attachment_53246\" style=\"width: 310px\" class=\"wp-caption alignright\"><a href=\"http:\/\/senoticias.com.br\/se\/wp-content\/uploads\/2013\/09\/antonio-neto-e-benedito-Lira.jpg\"><img loading=\"lazy\" decoding=\"async\" aria-describedby=\"caption-attachment-53246\" class=\"size-medium wp-image-53246\" alt=\"Pastor Everaldo (presidente nacional do PSC), senador Eduardo Amorim, senador Benedito Lira e Ant\u00f4nio Neto. (Divulga\u00e7\u00e3o) \" src=\"http:\/\/senoticias.com.br\/se\/wp-content\/uploads\/2013\/09\/antonio-neto-e-benedito-Lira-300x225.jpg\" width=\"300\" height=\"225\" srcset=\"https:\/\/senoticias.com.br\/se\/wp-content\/uploads\/2013\/09\/antonio-neto-e-benedito-Lira-300x225.jpg 300w, https:\/\/senoticias.com.br\/se\/wp-content\/uploads\/2013\/09\/antonio-neto-e-benedito-Lira-342x256.jpg 342w, https:\/\/senoticias.com.br\/se\/wp-content\/uploads\/2013\/09\/antonio-neto-e-benedito-Lira-60x45.jpg 60w, https:\/\/senoticias.com.br\/se\/wp-content\/uploads\/2013\/09\/antonio-neto-e-benedito-Lira-150x113.jpg 150w, https:\/\/senoticias.com.br\/se\/wp-content\/uploads\/2013\/09\/antonio-neto-e-benedito-Lira-269x201.jpg 269w, https:\/\/senoticias.com.br\/se\/wp-content\/uploads\/2013\/09\/antonio-neto-e-benedito-Lira.jpg 560w\" sizes=\"(max-width: 300px) 100vw, 300px\" \/><\/a><p id=\"caption-attachment-53246\" class=\"wp-caption-text\">Pastor Everaldo (presidente nacional do PSC), senador Eduardo Amorim, senador Benedito Lira e Ant\u00f4nio Neto. (Divulga\u00e7\u00e3o)<\/p><\/div>\n<p style=\"text-align: justify;\">Tudo est\u00e1 encaminhado para que o advogado Ant\u00f4nio Neto se filie nos pr\u00f3ximos dias ao Partido Progressista. Durante a Plen\u00e1ria Pluripartid\u00e1ria ocorrida nesta sexta-feira, 27, na Assembleia Legislativa, o presidente nacional do PP, senador Benedito Lira (AL), fez quest\u00e3o de registrar o acolhimento do partido a Ant\u00f4nio Neto.<\/p>\n<p style=\"text-align: justify;\">\u201cO PP est\u00e1 de bra\u00e7os abertos para Ant\u00f4nio Neto, que al\u00e9m de ser uma revela\u00e7\u00e3o para a renova\u00e7\u00e3o pol\u00edtica, \u00e9 neto do meu grande amigo Ant\u00f4nio Monteiro\u201d, comentou Benedito Lira, que, logo ap\u00f3s a plen\u00e1ria, almo\u00e7ou com Ant\u00f4nio Neto e seu pai Adierson Monteiro.<\/p>\n<p style=\"text-align: justify;\">Em concord\u00e2ncia, o deputado Ven\u00e2ncio Fonseca, presidente do PP em Sergipe, frisou sua satisfa\u00e7\u00e3o em receber de uma s\u00f3 vez a deputada estadual Maria Mendon\u00e7a e Ant\u00f4nio Neto, destacando sua candidatura pelo partido na disputa por uma vaga \u00e0 C\u00e2mara Federal em 2014.<\/p>\n<p style=\"text-align: justify;\">\u201cAgrade\u00e7o muito a considera\u00e7\u00e3o do senador Benedito e do meu amigo deputado Ven\u00e2ncio pelo acolhimento, e fa\u00e7o refer\u00eancia ainda ao l\u00edder da bancada do PP em Bras\u00edlia, deputado Artur Lira, que tamb\u00e9m refor\u00e7ou o convite a mim para ser um progressista\u201d, comentou Ant\u00f4nio Neto, que est\u00e1 com seu processo de desfilia\u00e7\u00e3o do PSDB em finaliza\u00e7\u00e3o.<\/p>\n<p style=\"text-align: justify;\"><em><strong>Da Assessoria de Imprensa<\/strong><\/em><\/p>\n","protected":false},"excerpt":{"rendered":"<p>&nbsp; &nbsp; Tudo est\u00e1 encaminhado para que o advogado Ant\u00f4nio Neto se filie nos pr\u00f3ximos dias ao Partido Progressista. Durante a Plen\u00e1ria Pluripartid\u00e1ria ocorrida nesta sexta-feira, 27, na Assembleia Legislativa, o presidente nacional do PP, senador Benedito Lira (AL), fez quest\u00e3o de registrar o acolhimento do partido a Ant\u00f4nio Neto. \u201cO PP est\u00e1 de bra\u00e7os [&hellip;]<\/p>\n","protected":false},"author":1,"featured_media":53246,"comment_status":"closed","ping_status":"closed","sticky":false,"template":"","format":"standard","meta":{"footnotes":""},"categories":[6],"tags":[],"class_list":{"0":"post-53245","1":"post","2":"type-post","3":"status-publish","4":"format-standard","5":"has-post-thumbnail","7":"category-politica"},"_links":{"self":[{"href":"https:\/\/senoticias.com.br\/se\/wp-json\/wp\/v2\/posts\/53245"}],"collection":[{"href":"https:\/\/senoticias.com.br\/se\/wp-json\/wp\/v2\/posts"}],"about":[{"href":"https:\/\/senoticias.com.br\/se\/wp-json\/wp\/v2\/types\/post"}],"author":[{"embeddable":true,"href":"https:\/\/senoticias.com.br\/se\/wp-json\/wp\/v2\/users\/1"}],"replies":[{"embeddable":true,"href":"https:\/\/senoticias.com.br\/se\/wp-json\/wp\/v2\/comments?post=53245"}],"version-history":[{"count":0,"href":"https:\/\/senoticias.com.br\/se\/wp-json\/wp\/v2\/posts\/53245\/revisions"}],"wp:featuredmedia":[{"embeddable":true,"href":"https:\/\/senoticias.com.br\/se\/wp-json\/wp\/v2\/media\/53246"}],"wp:attachment":[{"href":"https:\/\/senoticias.com.br\/se\/wp-json\/wp\/v2\/media?parent=53245"}],"wp:term":[{"taxonomy":"category","embeddable":true,"href":"https:\/\/senoticias.com.br\/se\/wp-json\/wp\/v2\/categories?post=53245"},{"taxonomy":"post_tag","embeddable":true,"href":"https:\/\/senoticias.com.br\/se\/wp-json\/wp\/v2\/tags?post=53245"}],"curies":[{"name":"wp","href":"https:\/\/api.w.org\/{rel}","templated":true}]}}