{"id":53241,"date":"2013-09-28T12:05:37","date_gmt":"2013-09-28T15:05:37","guid":{"rendered":"http:\/\/senoticias.com.br\/se\/?p=53241"},"modified":"2013-09-30T23:23:47","modified_gmt":"2013-10-01T02:23:47","slug":"ipi-de-produtos-da-linha-branca-e-moveis-sobe-a-partir-de-outubro","status":"publish","type":"post","link":"https:\/\/senoticias.com.br\/se\/ipi-de-produtos-da-linha-branca-e-moveis-sobe-a-partir-de-outubro\/","title":{"rendered":"IPI de produtos da linha branca e m\u00f3veis sobe a partir de outubro"},"content":{"rendered":"<div id=\"attachment_53242\" style=\"width: 310px\" class=\"wp-caption alignright\"><a href=\"http:\/\/senoticias.com.br\/se\/wp-content\/uploads\/2013\/09\/Agencia-Brasil011211FRP_6723.jpg\"><img loading=\"lazy\" decoding=\"async\" aria-describedby=\"caption-attachment-53242\" class=\"size-full wp-image-53242\" alt=\"IPI de produtos da linha branca e m\u00f3veis sobe a partir de outubro.(Divulga\u00e7\u00e3o\/Ag\u00eancia Brasil)\" src=\"http:\/\/senoticias.com.br\/se\/wp-content\/uploads\/2013\/09\/Agencia-Brasil011211FRP_6723.jpg\" width=\"300\" height=\"225\" srcset=\"https:\/\/senoticias.com.br\/se\/wp-content\/uploads\/2013\/09\/Agencia-Brasil011211FRP_6723.jpg 300w, https:\/\/senoticias.com.br\/se\/wp-content\/uploads\/2013\/09\/Agencia-Brasil011211FRP_6723-60x45.jpg 60w, https:\/\/senoticias.com.br\/se\/wp-content\/uploads\/2013\/09\/Agencia-Brasil011211FRP_6723-150x113.jpg 150w, https:\/\/senoticias.com.br\/se\/wp-content\/uploads\/2013\/09\/Agencia-Brasil011211FRP_6723-269x201.jpg 269w\" sizes=\"(max-width: 300px) 100vw, 300px\" \/><\/a><p id=\"caption-attachment-53242\" class=\"wp-caption-text\">IPI de produtos da linha branca e m\u00f3veis sobe a partir de outubro.(Divulga\u00e7\u00e3o\/Ag\u00eancia Brasil)<\/p><\/div>\n<p style=\"text-align: justify;\">O Minist\u00e9rio da Fazenda anunciou nesta sexta-feira (27), que as al\u00edquotas do Imposto sobre Produtos Industrializados (IPI) para eletrodom\u00e9sticos da linha branca e m\u00f3veis ir\u00e3o subir a partir do dia 1\u00ba de outubro. Segundo o secret\u00e1rio de Pol\u00edtica Econ\u00f4mica do minist\u00e9rio, M\u00e1rcio Holland, a recomposi\u00e7\u00e3o foi definida com base no atual desempenho da economia.<\/p>\n<p style=\"text-align: justify;\">Estamos observando que a economia no segundo semestre est\u00e1 apresentando bom comportamento. Vendas est\u00e3o indo bem nestes setores, a produ\u00e7\u00e3o est\u00e1 regular e o n\u00edvel de utiliza\u00e7\u00e3o da capacidade instalada est\u00e1 regular, disse.<\/p>\n<p style=\"text-align: justify;\">A al\u00edquota para o fog\u00e3o passar\u00e1 de 3% para 4%; da geladeira, de 8,5% para 10%; do tanquinho, de 4,5% para 5%, da m\u00e1quina de lavar, permanecer\u00e1 em 10%; e de m\u00f3veis e pain\u00e9is, subir\u00e1 de 3% para 3,5%.<\/p>\n<p style=\"text-align: justify;\">O secret\u00e1rio ressaltou que al\u00edquotas valem at\u00e9 o dia 31 de dezembro.<\/p>\n<p style=\"text-align: justify;\">Originalmente, o IPI da linha branca correspondia a 4% para os fog\u00f5es, 10% para os tanquinhos, 15% para as geladeiras e 20% para as m\u00e1quinas de lavar. Em abril de 2009, as al\u00edquotas foram reduzidas, mas voltaram ao normal em fevereiro de 2010.<\/p>\n<p style=\"text-align: justify;\">Em dezembro de 2011, a linha branca teve nova desonera\u00e7\u00e3o. As al\u00edquotas foram novamente reduzidas e est\u00e3o sendo gradualmente recompostas desde fevereiro deste ano.<\/p>\n<p style=\"text-align: justify;\">Os m\u00f3veis e pain\u00e9is originalmente pagavam 10% de IPI e est\u00e3o com a tributa\u00e7\u00e3o reduzida desde novembro de 2009. As al\u00edquotas tamb\u00e9m come\u00e7aram a ser reajustadas em fevereiro.<\/p>\n<p>Agencia Brasil<\/p>\n","protected":false},"excerpt":{"rendered":"<p>O Minist\u00e9rio da Fazenda anunciou nesta sexta-feira (27), que as al\u00edquotas do Imposto sobre Produtos Industrializados (IPI) para eletrodom\u00e9sticos da linha branca e m\u00f3veis ir\u00e3o subir a partir do dia 1\u00ba de outubro. Segundo o secret\u00e1rio de Pol\u00edtica Econ\u00f4mica do minist\u00e9rio, M\u00e1rcio Holland, a recomposi\u00e7\u00e3o foi definida com base no atual desempenho da economia. Estamos [&hellip;]<\/p>\n","protected":false},"author":2,"featured_media":53242,"comment_status":"closed","ping_status":"closed","sticky":false,"template":"","format":"standard","meta":{"footnotes":""},"categories":[310],"tags":[],"class_list":{"0":"post-53241","1":"post","2":"type-post","3":"status-publish","4":"format-standard","5":"has-post-thumbnail","7":"category-destaques-da-semana"},"_links":{"self":[{"href":"https:\/\/senoticias.com.br\/se\/wp-json\/wp\/v2\/posts\/53241"}],"collection":[{"href":"https:\/\/senoticias.com.br\/se\/wp-json\/wp\/v2\/posts"}],"about":[{"href":"https:\/\/senoticias.com.br\/se\/wp-json\/wp\/v2\/types\/post"}],"author":[{"embeddable":true,"href":"https:\/\/senoticias.com.br\/se\/wp-json\/wp\/v2\/users\/2"}],"replies":[{"embeddable":true,"href":"https:\/\/senoticias.com.br\/se\/wp-json\/wp\/v2\/comments?post=53241"}],"version-history":[{"count":0,"href":"https:\/\/senoticias.com.br\/se\/wp-json\/wp\/v2\/posts\/53241\/revisions"}],"wp:featuredmedia":[{"embeddable":true,"href":"https:\/\/senoticias.com.br\/se\/wp-json\/wp\/v2\/media\/53242"}],"wp:attachment":[{"href":"https:\/\/senoticias.com.br\/se\/wp-json\/wp\/v2\/media?parent=53241"}],"wp:term":[{"taxonomy":"category","embeddable":true,"href":"https:\/\/senoticias.com.br\/se\/wp-json\/wp\/v2\/categories?post=53241"},{"taxonomy":"post_tag","embeddable":true,"href":"https:\/\/senoticias.com.br\/se\/wp-json\/wp\/v2\/tags?post=53241"}],"curies":[{"name":"wp","href":"https:\/\/api.w.org\/{rel}","templated":true}]}}