{"id":53238,"date":"2013-09-28T07:42:49","date_gmt":"2013-09-28T10:42:49","guid":{"rendered":"http:\/\/senoticias.com.br\/se\/?p=53238"},"modified":"2013-09-30T10:42:15","modified_gmt":"2013-09-30T13:42:15","slug":"pm-recebe-mil-armas-e-conclui-meta-de-renovacao-de-itens-belicos-em-se","status":"publish","type":"post","link":"https:\/\/senoticias.com.br\/se\/pm-recebe-mil-armas-e-conclui-meta-de-renovacao-de-itens-belicos-em-se\/","title":{"rendered":"PM recebe mil armas e conclui meta de renova\u00e7\u00e3o de itens b\u00e9licos em SE"},"content":{"rendered":"<p>&nbsp;<\/p>\n<p style=\"text-align: justify;\"><em><strong>Marina Fontenele, do G1 SE<\/strong><\/em><\/p>\n<p style=\"text-align: justify;\">A Pol\u00edcia Militar de Sergipe recebeu mil pistolas modelo ponto 40 na tarde desta sexta-feira (27). Cada arma vai ficar sob a cust\u00f3dia do pr\u00f3prio agente, o que complementa o ciclo de renova\u00e7\u00e3o do material b\u00e9lico iniciado em 2007.<\/p>\n<div id=\"attachment_53239\" style=\"width: 606px\" class=\"wp-caption aligncenter\"><a href=\"http:\/\/senoticias.com.br\/se\/wp-content\/uploads\/2013\/09\/dsc_0201.jpg\"><img loading=\"lazy\" decoding=\"async\" aria-describedby=\"caption-attachment-53239\" class=\"size-full wp-image-53239\" alt=\" Cardozo, sinaliza investimento na seguran\u00e7a p\u00fablica em Sergipe (Foto: Marina Fontenele\/G1)\" src=\"http:\/\/senoticias.com.br\/se\/wp-content\/uploads\/2013\/09\/dsc_0201.jpg\" width=\"596\" height=\"447\" srcset=\"https:\/\/senoticias.com.br\/se\/wp-content\/uploads\/2013\/09\/dsc_0201.jpg 596w, https:\/\/senoticias.com.br\/se\/wp-content\/uploads\/2013\/09\/dsc_0201-300x225.jpg 300w, https:\/\/senoticias.com.br\/se\/wp-content\/uploads\/2013\/09\/dsc_0201-342x256.jpg 342w, https:\/\/senoticias.com.br\/se\/wp-content\/uploads\/2013\/09\/dsc_0201-60x45.jpg 60w, https:\/\/senoticias.com.br\/se\/wp-content\/uploads\/2013\/09\/dsc_0201-150x113.jpg 150w, https:\/\/senoticias.com.br\/se\/wp-content\/uploads\/2013\/09\/dsc_0201-269x201.jpg 269w\" sizes=\"(max-width: 596px) 100vw, 596px\" \/><\/a><p id=\"caption-attachment-53239\" class=\"wp-caption-text\"><br \/>Cardozo, sinaliza investimento na seguran\u00e7a p\u00fablica em Sergipe (Foto: Marina Fontenele\/G1)<\/p><\/div>\n<p style=\"text-align: justify;\">A entrega aconteceu durante a cerim\u00f4nia de assinatura do termo de ades\u00e3o do estado ao programa Brasil Mais Seguro, do Governo Federal, que contou com a presen\u00e7a do ministro da Justi\u00e7a, Jos\u00e9 Eduardo Martins Cardozo.<\/p>\n<p style=\"text-align: justify;\">De acordo com o governador em exerc\u00edcio, Jackson Barreto, as mil pistolas custaram mais de R$ 1,8 milh\u00e3o e esta entrega faz parte do cumprimento da meta de deixar cada policial militar com uma arma.<\/p>\n<p style=\"text-align: justify;\">\u201cDesde 2007, foram investidos mais de R$ 7 milh\u00f5es no processo de renova\u00e7\u00e3o do material b\u00e9lico, equipamentos de seguran\u00e7a e de prote\u00e7\u00e3o individual como coletes bal\u00edsticos. Isso possibilitou que, da mesma forma que na PM, cada policial civil tenha uma arma de fogo acautelada no seu nome\u201d, afirma o governador em exerc\u00edcio.<\/p>\n<p style=\"text-align: justify;\">O Brasil Mais Seguro vai destinar mais R$ 50 milh\u00f5es para a seguran\u00e7a p\u00fablica no estado. \u201cDesses, R$ 26 milh\u00f5es v\u00e3o ser utilizados na compra de equipamentos de comunica\u00e7\u00e3o digital com cobertura em praticamente todos os 75 munic\u00edpios sergipanos. As informa\u00e7\u00f5es ser\u00e3o integradas de forma muito r\u00e1pida, o que vai agilizar nos resultados das opera\u00e7\u00f5es\u201d, destaca Jackson. Ele disse ainda que vai realizar concurso p\u00fablico para aumento do efetivo policial.<\/p>\n","protected":false},"excerpt":{"rendered":"<p>&nbsp; Marina Fontenele, do G1 SE A Pol\u00edcia Militar de Sergipe recebeu mil pistolas modelo ponto 40 na tarde desta sexta-feira (27). Cada arma vai ficar sob a cust\u00f3dia do pr\u00f3prio agente, o que complementa o ciclo de renova\u00e7\u00e3o do material b\u00e9lico iniciado em 2007. A entrega aconteceu durante a cerim\u00f4nia de assinatura do termo [&hellip;]<\/p>\n","protected":false},"author":1,"featured_media":53239,"comment_status":"closed","ping_status":"closed","sticky":false,"template":"","format":"standard","meta":{"footnotes":""},"categories":[310,7],"tags":[],"class_list":{"0":"post-53238","1":"post","2":"type-post","3":"status-publish","4":"format-standard","5":"has-post-thumbnail","7":"category-destaques-da-semana","8":"category-policia"},"_links":{"self":[{"href":"https:\/\/senoticias.com.br\/se\/wp-json\/wp\/v2\/posts\/53238"}],"collection":[{"href":"https:\/\/senoticias.com.br\/se\/wp-json\/wp\/v2\/posts"}],"about":[{"href":"https:\/\/senoticias.com.br\/se\/wp-json\/wp\/v2\/types\/post"}],"author":[{"embeddable":true,"href":"https:\/\/senoticias.com.br\/se\/wp-json\/wp\/v2\/users\/1"}],"replies":[{"embeddable":true,"href":"https:\/\/senoticias.com.br\/se\/wp-json\/wp\/v2\/comments?post=53238"}],"version-history":[{"count":0,"href":"https:\/\/senoticias.com.br\/se\/wp-json\/wp\/v2\/posts\/53238\/revisions"}],"wp:featuredmedia":[{"embeddable":true,"href":"https:\/\/senoticias.com.br\/se\/wp-json\/wp\/v2\/media\/53239"}],"wp:attachment":[{"href":"https:\/\/senoticias.com.br\/se\/wp-json\/wp\/v2\/media?parent=53238"}],"wp:term":[{"taxonomy":"category","embeddable":true,"href":"https:\/\/senoticias.com.br\/se\/wp-json\/wp\/v2\/categories?post=53238"},{"taxonomy":"post_tag","embeddable":true,"href":"https:\/\/senoticias.com.br\/se\/wp-json\/wp\/v2\/tags?post=53238"}],"curies":[{"name":"wp","href":"https:\/\/api.w.org\/{rel}","templated":true}]}}