{"id":53235,"date":"2013-09-28T07:36:40","date_gmt":"2013-09-28T10:36:40","guid":{"rendered":"http:\/\/senoticias.com.br\/se\/?p=53235"},"modified":"2013-09-28T07:36:40","modified_gmt":"2013-09-28T10:36:40","slug":"acordo-com-televisao-permite-que-estaduais-iniciem-em-19-de-janeiro","status":"publish","type":"post","link":"https:\/\/senoticias.com.br\/se\/acordo-com-televisao-permite-que-estaduais-iniciem-em-19-de-janeiro\/","title":{"rendered":"Acordo com televis\u00e3o permite que Estaduais iniciem em 19 de janeiro"},"content":{"rendered":"<p>&nbsp;<\/p>\n<p>&nbsp;<\/p>\n<p><em><strong>Ag\u00eancia Futebol Interior<\/strong><\/em><\/p>\n<div id=\"attachment_53236\" style=\"width: 276px\" class=\"wp-caption alignright\"><a href=\"http:\/\/senoticias.com.br\/se\/wp-content\/uploads\/2013\/09\/0002048111144_img.jpg\"><img loading=\"lazy\" decoding=\"async\" aria-describedby=\"caption-attachment-53236\" class=\"size-full wp-image-53236\" alt=\" Para 2015, a proposta de calend\u00e1rio da Globo e federa\u00e7\u00f5es estaduais \u00e9 iniciar os campeonatos em fevereiro. (Futebol Interior)\" src=\"http:\/\/senoticias.com.br\/se\/wp-content\/uploads\/2013\/09\/0002048111144_img.jpg\" width=\"266\" height=\"200\" srcset=\"https:\/\/senoticias.com.br\/se\/wp-content\/uploads\/2013\/09\/0002048111144_img.jpg 266w, https:\/\/senoticias.com.br\/se\/wp-content\/uploads\/2013\/09\/0002048111144_img-60x45.jpg 60w, https:\/\/senoticias.com.br\/se\/wp-content\/uploads\/2013\/09\/0002048111144_img-150x113.jpg 150w\" sizes=\"(max-width: 266px) 100vw, 266px\" \/><\/a><p id=\"caption-attachment-53236\" class=\"wp-caption-text\"><br \/>Para 2015, a proposta de calend\u00e1rio da Globo e federa\u00e7\u00f5es estaduais \u00e9 iniciar os campeonatos em fevereiro. (Futebol Interior)<\/p><\/div>\n<p style=\"text-align: justify;\">Em reuni\u00e3o com as principais federa\u00e7\u00f5es estaduais de futebol, a Rede Globo, detentora dos direitos de transmiss\u00e3o dos campeonatos, definiu que as competi\u00e7\u00f5es come\u00e7ar\u00e3o em 19 de janeiro de 2014, ou seja, uma semana depois do que havia sido divulgado pela CBF e que gerou pol\u00eamica entre clubes e jogadores por causa do pouco tempo de prepara\u00e7\u00e3o na pr\u00e9-temporada. &#8220;Em fun\u00e7\u00e3o dessa prorroga\u00e7\u00e3o do in\u00edcio, ser\u00e1 cumprido o prazo m\u00ednimo de 10 dias para a prepara\u00e7\u00e3o dos jogadores&#8221;, explica a Globo Comunica\u00e7\u00e3o.<\/p>\n<p style=\"text-align: justify;\">Isso significa a redu\u00e7\u00e3o de duas datas no calend\u00e1rio do pr\u00f3ximo ano, que ficou apertado por causa da realiza\u00e7\u00e3o da Copa do Mundo no Brasil. Tamb\u00e9m \u00e9 uma vit\u00f3ria do Bom Senso FC, grupo de jogadores que se uniu para reclamar do calend\u00e1rio de 2014 e que tem atletas como Paulo Andr\u00e9 (Corinthians), Alex (Coritiba), Rog\u00e9rio Ceni (S\u00e3o Paulo), entre outros.<\/p>\n<p style=\"text-align: justify;\">Para 2015, a proposta de calend\u00e1rio da Globo e federa\u00e7\u00f5es estaduais \u00e9 iniciar os campeonatos locais apenas no in\u00edcio de fevereiro. &#8220;Com isso, os clubes e os jogadores ter\u00e3o quatro semanas para se preparem ap\u00f3s o retorno das f\u00e9rias. Isso n\u00e3o seria poss\u00edvel em 2014 por conta da Copa do Mundo &#8211; que causa uma parada de 45 dias nas competi\u00e7\u00f5es nacionais e continentais&#8221;, diz a Globo Comunica\u00e7\u00e3o.<\/p>\n<p style=\"text-align: justify;\">Nesta sexta, a emissora fez uma reuni\u00e3o com os quatro grandes clubes cariocas e a Federa\u00e7\u00e3o de Futebol do Rio (Ferj) para fechar o formato do Campeonato Carioca que ser\u00e1 apresentado aos demais clubes na ter\u00e7a-feira que vem, no arbitral. A proposta, que ainda precisa da aprova\u00e7\u00e3o, prev\u00ea 15 jogos em turno \u00fanico, mais semifinais e final. Ou seja: 19 rodadas, exatamente a mesma quantidade do Carioca deste ano, que poderia ter tido 21, n\u00e3o fosse o Botafogo campe\u00e3o com anteced\u00eancia. A proposta tamb\u00e9m precisa da aprova\u00e7\u00e3o do Conselho Nacional de Esporte, e j\u00e1 foi enviada ao \u00f3rg\u00e3o. O presidente da Ferj, Rubens Lopes, est\u00e1 confiante: &#8220;Teremos o sinal verde&#8221;.<\/p>\n","protected":false},"excerpt":{"rendered":"<p>&nbsp; &nbsp; Ag\u00eancia Futebol Interior Em reuni\u00e3o com as principais federa\u00e7\u00f5es estaduais de futebol, a Rede Globo, detentora dos direitos de transmiss\u00e3o dos campeonatos, definiu que as competi\u00e7\u00f5es come\u00e7ar\u00e3o em 19 de janeiro de 2014, ou seja, uma semana depois do que havia sido divulgado pela CBF e que gerou pol\u00eamica entre clubes e jogadores [&hellip;]<\/p>\n","protected":false},"author":1,"featured_media":53236,"comment_status":"closed","ping_status":"closed","sticky":false,"template":"","format":"standard","meta":{"footnotes":""},"categories":[39,8],"tags":[],"class_list":{"0":"post-53235","1":"post","2":"type-post","3":"status-publish","4":"format-standard","5":"has-post-thumbnail","7":"category-esporte","8":"category-esporte-e-cultura"},"_links":{"self":[{"href":"https:\/\/senoticias.com.br\/se\/wp-json\/wp\/v2\/posts\/53235"}],"collection":[{"href":"https:\/\/senoticias.com.br\/se\/wp-json\/wp\/v2\/posts"}],"about":[{"href":"https:\/\/senoticias.com.br\/se\/wp-json\/wp\/v2\/types\/post"}],"author":[{"embeddable":true,"href":"https:\/\/senoticias.com.br\/se\/wp-json\/wp\/v2\/users\/1"}],"replies":[{"embeddable":true,"href":"https:\/\/senoticias.com.br\/se\/wp-json\/wp\/v2\/comments?post=53235"}],"version-history":[{"count":0,"href":"https:\/\/senoticias.com.br\/se\/wp-json\/wp\/v2\/posts\/53235\/revisions"}],"wp:featuredmedia":[{"embeddable":true,"href":"https:\/\/senoticias.com.br\/se\/wp-json\/wp\/v2\/media\/53236"}],"wp:attachment":[{"href":"https:\/\/senoticias.com.br\/se\/wp-json\/wp\/v2\/media?parent=53235"}],"wp:term":[{"taxonomy":"category","embeddable":true,"href":"https:\/\/senoticias.com.br\/se\/wp-json\/wp\/v2\/categories?post=53235"},{"taxonomy":"post_tag","embeddable":true,"href":"https:\/\/senoticias.com.br\/se\/wp-json\/wp\/v2\/tags?post=53235"}],"curies":[{"name":"wp","href":"https:\/\/api.w.org\/{rel}","templated":true}]}}