{"id":53232,"date":"2013-09-28T07:29:13","date_gmt":"2013-09-28T10:29:13","guid":{"rendered":"http:\/\/senoticias.com.br\/se\/?p=53232"},"modified":"2013-09-28T07:34:49","modified_gmt":"2013-09-28T10:34:49","slug":"maria-do-carmo-e-deda-estao-em-aracaju-na-disputa-pelo-senado","status":"publish","type":"post","link":"https:\/\/senoticias.com.br\/se\/maria-do-carmo-e-deda-estao-em-aracaju-na-disputa-pelo-senado\/","title":{"rendered":"Maria do Carmo e D\u00e9da est\u00e3o empatados em Aracaju na disputa pelo Senado"},"content":{"rendered":"<p><em><strong>por Valter Lima, do Brasil 247<\/strong><\/em><\/p>\n<p style=\"text-align: justify;\">A senadora tem 35,6% das inten\u00e7\u00f5es de voto, enquanto o governador \u00e9 op\u00e7\u00e3o de 33,5% dos entrevistados; em terceiro lugar est\u00e1 Ivan Leite, com 6,4% dos votos, seguido por Andr\u00e9 Moura, que ficou com 5,2%; no cen\u00e1rio sem D\u00e9da, Maria vai a 40% e Rog\u00e9rio Carvalho (que poderia ser a op\u00e7\u00e3o do PT) fica com 10%<\/p>\n<div id=\"attachment_53233\" style=\"width: 600px\" class=\"wp-caption aligncenter\"><a href=\"http:\/\/senoticias.com.br\/se\/wp-content\/uploads\/2013\/09\/images-cms-image-000336265.jpg\"><img loading=\"lazy\" decoding=\"async\" aria-describedby=\"caption-attachment-53233\" class=\"size-full wp-image-53233\" alt=\"A senadora tem 35,6% das inten\u00e7\u00f5es de voto, enquanto o governador \u00e9 op\u00e7\u00e3o de 33,5% dos entrevistados.(Divulga\u00e7\u00e3o)\" src=\"http:\/\/senoticias.com.br\/se\/wp-content\/uploads\/2013\/09\/images-cms-image-000336265.jpg\" width=\"590\" height=\"211\" srcset=\"https:\/\/senoticias.com.br\/se\/wp-content\/uploads\/2013\/09\/images-cms-image-000336265.jpg 590w, https:\/\/senoticias.com.br\/se\/wp-content\/uploads\/2013\/09\/images-cms-image-000336265-300x107.jpg 300w, https:\/\/senoticias.com.br\/se\/wp-content\/uploads\/2013\/09\/images-cms-image-000336265-342x122.jpg 342w\" sizes=\"(max-width: 590px) 100vw, 590px\" \/><\/a><p id=\"caption-attachment-53233\" class=\"wp-caption-text\">A senadora tem 35,6% das inten\u00e7\u00f5es de voto, enquanto o governador \u00e9 op\u00e7\u00e3o de 33,5% dos entrevistados.(Divulga\u00e7\u00e3o)<\/p><\/div>\n<p style=\"text-align: justify;\">Pesquisa do instituto <strong>W1emcampo<\/strong>, divulgada nesta sexta-feira (27) pelo programa &#8220;Jornal da Manh\u00e3&#8221;, da Jovem Pan FM, revela que, na disputa pelo Senado, em Aracaju, a senadora Maria do Carmo Alves (DEM) e o governador do Estado Marcelo D\u00e9da (PT) est\u00e3o tecnicamente empatados. A demista tem 35,6% das inten\u00e7\u00f5es de voto, enquanto o petista \u00e9 op\u00e7\u00e3o de 33,5% dos entrevistados. Em terceiro lugar est\u00e1 Ivan Leite, com 6,4% dos votos, seguido por Andr\u00e9 Moura, que ficou com 5,2%. Brancos e nulos somaram 13,6%. N\u00e3o sabem ou n\u00e3o quiseram opinar obteve 5,8%.<\/p>\n<p style=\"text-align: justify;\">A segunda situa\u00e7\u00e3o traz Rog\u00e9rio Carvalho em substitui\u00e7\u00e3o ao nome de Marcelo D\u00e9da. Com esse cen\u00e1rio, Maria do Carmo dispara, com 40,7% das inten\u00e7\u00f5es de voto, e ainda abre larga vantagem para Rog\u00e9rio Carvalho, que viria em segundo com apenas 10,1% das inten\u00e7\u00f5es. Neste cen\u00e1rio, Ivan Leite aparece na terceira posi\u00e7\u00e3o (9,3%), seguido por Andr\u00e9 Moura (6,4%). Brancos e nulos somam 21%. N\u00e3o souberam ou n\u00e3o quiseram opinar, 12,5%.<\/p>\n<p style=\"text-align: justify;\">A pesquisa foi realizada entre os dias 19 e 20 de setembro, apenas na cidade de Aracaju, que responde por 26,4% do eleitorado sergipano. Foram entrevistados 400 eleitores em 37 bairros da capital e na zona de expans\u00e3o. A margem de erro \u00e9 de 4,9 pontos percentuais para mais ou para menos, considerando um grau de confian\u00e7a de 95%.<\/p>\n","protected":false},"excerpt":{"rendered":"<p>por Valter Lima, do Brasil 247 A senadora tem 35,6% das inten\u00e7\u00f5es de voto, enquanto o governador \u00e9 op\u00e7\u00e3o de 33,5% dos entrevistados; em terceiro lugar est\u00e1 Ivan Leite, com 6,4% dos votos, seguido por Andr\u00e9 Moura, que ficou com 5,2%; no cen\u00e1rio sem D\u00e9da, Maria vai a 40% e Rog\u00e9rio Carvalho (que poderia ser [&hellip;]<\/p>\n","protected":false},"author":1,"featured_media":53233,"comment_status":"closed","ping_status":"closed","sticky":false,"template":"","format":"standard","meta":{"footnotes":""},"categories":[6],"tags":[],"class_list":{"0":"post-53232","1":"post","2":"type-post","3":"status-publish","4":"format-standard","5":"has-post-thumbnail","7":"category-politica"},"_links":{"self":[{"href":"https:\/\/senoticias.com.br\/se\/wp-json\/wp\/v2\/posts\/53232"}],"collection":[{"href":"https:\/\/senoticias.com.br\/se\/wp-json\/wp\/v2\/posts"}],"about":[{"href":"https:\/\/senoticias.com.br\/se\/wp-json\/wp\/v2\/types\/post"}],"author":[{"embeddable":true,"href":"https:\/\/senoticias.com.br\/se\/wp-json\/wp\/v2\/users\/1"}],"replies":[{"embeddable":true,"href":"https:\/\/senoticias.com.br\/se\/wp-json\/wp\/v2\/comments?post=53232"}],"version-history":[{"count":0,"href":"https:\/\/senoticias.com.br\/se\/wp-json\/wp\/v2\/posts\/53232\/revisions"}],"wp:featuredmedia":[{"embeddable":true,"href":"https:\/\/senoticias.com.br\/se\/wp-json\/wp\/v2\/media\/53233"}],"wp:attachment":[{"href":"https:\/\/senoticias.com.br\/se\/wp-json\/wp\/v2\/media?parent=53232"}],"wp:term":[{"taxonomy":"category","embeddable":true,"href":"https:\/\/senoticias.com.br\/se\/wp-json\/wp\/v2\/categories?post=53232"},{"taxonomy":"post_tag","embeddable":true,"href":"https:\/\/senoticias.com.br\/se\/wp-json\/wp\/v2\/tags?post=53232"}],"curies":[{"name":"wp","href":"https:\/\/api.w.org\/{rel}","templated":true}]}}