{"id":53229,"date":"2013-09-27T22:41:32","date_gmt":"2013-09-28T01:41:32","guid":{"rendered":"http:\/\/senoticias.com.br\/se\/?p=53229"},"modified":"2013-09-27T22:41:45","modified_gmt":"2013-09-28T01:41:45","slug":"radiopatrulha-recaptura-seis-internos-da-usip","status":"publish","type":"post","link":"https:\/\/senoticias.com.br\/se\/radiopatrulha-recaptura-seis-internos-da-usip\/","title":{"rendered":"Radiopatrulha recaptura seis internos da USIP"},"content":{"rendered":"<p>&nbsp;<\/p>\n<p style=\"text-align: justify;\"><a href=\"http:\/\/senoticias.com.br\/se\/wp-content\/uploads\/2013\/02\/grande-radiopatrulha_colegio_011112.jpg\"><img loading=\"lazy\" decoding=\"async\" class=\"alignleft size-medium wp-image-43903\" alt=\"grande-radiopatrulha_colegio_011112\" src=\"http:\/\/senoticias.com.br\/se\/wp-content\/uploads\/2013\/02\/grande-radiopatrulha_colegio_011112-300x199.jpg\" width=\"300\" height=\"199\" srcset=\"https:\/\/senoticias.com.br\/se\/wp-content\/uploads\/2013\/02\/grande-radiopatrulha_colegio_011112-300x199.jpg 300w, https:\/\/senoticias.com.br\/se\/wp-content\/uploads\/2013\/02\/grande-radiopatrulha_colegio_011112-342x227.jpg 342w, https:\/\/senoticias.com.br\/se\/wp-content\/uploads\/2013\/02\/grande-radiopatrulha_colegio_011112.jpg 1000w\" sizes=\"(max-width: 300px) 100vw, 300px\" \/><\/a>Seis internos da Unidade Socioeducativa de Interna\u00e7\u00e3o Provis\u00f3ria (Usip) foram recapturados por policiais militares da Companhia de Pol\u00edcia de Radiopatrulha (CPRp) na noite dessa quinta-feira, 26. Os adolescentes foram apreendidos por tr\u00eas guarni\u00e7\u00f5es da Radiopatrulha no Hospital Jo\u00e3o Alves Filho, no bairro Capucho, em Aracaju, e no munic\u00edpio de S\u00e3o Crist\u00f3v\u00e3o.<\/p>\n<p style=\"text-align: justify;\">As equipes comandadas pelos cabos Mois\u00e9s e Moraes e pelo soldado Adriano recapturaram os internos ap\u00f3s den\u00fancias de populares realizadas via Centro Integrado de Opera\u00e7\u00f5es em Seguran\u00e7a P\u00fablica (Ciosp). Os adolescentes foram conduzidos \u00e0 Usip para ado\u00e7\u00e3o de provid\u00eancias cab\u00edveis.<\/p>\n<p style=\"text-align: justify;\"><strong>Da Ascom\/PM\/SE<\/strong><\/p>\n<p>&nbsp;<\/p>\n","protected":false},"excerpt":{"rendered":"<p>&nbsp; Seis internos da Unidade Socioeducativa de Interna\u00e7\u00e3o Provis\u00f3ria (Usip) foram recapturados por policiais militares da Companhia de Pol\u00edcia de Radiopatrulha (CPRp) na noite dessa quinta-feira, 26. Os adolescentes foram apreendidos por tr\u00eas guarni\u00e7\u00f5es da Radiopatrulha no Hospital Jo\u00e3o Alves Filho, no bairro Capucho, em Aracaju, e no munic\u00edpio de S\u00e3o Crist\u00f3v\u00e3o. As equipes comandadas [&hellip;]<\/p>\n","protected":false},"author":1,"featured_media":43905,"comment_status":"closed","ping_status":"closed","sticky":false,"template":"","format":"standard","meta":{"footnotes":""},"categories":[7],"tags":[],"class_list":{"0":"post-53229","1":"post","2":"type-post","3":"status-publish","4":"format-standard","5":"has-post-thumbnail","7":"category-policia"},"_links":{"self":[{"href":"https:\/\/senoticias.com.br\/se\/wp-json\/wp\/v2\/posts\/53229"}],"collection":[{"href":"https:\/\/senoticias.com.br\/se\/wp-json\/wp\/v2\/posts"}],"about":[{"href":"https:\/\/senoticias.com.br\/se\/wp-json\/wp\/v2\/types\/post"}],"author":[{"embeddable":true,"href":"https:\/\/senoticias.com.br\/se\/wp-json\/wp\/v2\/users\/1"}],"replies":[{"embeddable":true,"href":"https:\/\/senoticias.com.br\/se\/wp-json\/wp\/v2\/comments?post=53229"}],"version-history":[{"count":0,"href":"https:\/\/senoticias.com.br\/se\/wp-json\/wp\/v2\/posts\/53229\/revisions"}],"wp:featuredmedia":[{"embeddable":true,"href":"https:\/\/senoticias.com.br\/se\/wp-json\/wp\/v2\/media\/43905"}],"wp:attachment":[{"href":"https:\/\/senoticias.com.br\/se\/wp-json\/wp\/v2\/media?parent=53229"}],"wp:term":[{"taxonomy":"category","embeddable":true,"href":"https:\/\/senoticias.com.br\/se\/wp-json\/wp\/v2\/categories?post=53229"},{"taxonomy":"post_tag","embeddable":true,"href":"https:\/\/senoticias.com.br\/se\/wp-json\/wp\/v2\/tags?post=53229"}],"curies":[{"name":"wp","href":"https:\/\/api.w.org\/{rel}","templated":true}]}}