{"id":53226,"date":"2013-09-27T22:34:01","date_gmt":"2013-09-28T01:34:01","guid":{"rendered":"http:\/\/senoticias.com.br\/se\/?p=53226"},"modified":"2013-09-28T21:39:07","modified_gmt":"2013-09-29T00:39:07","slug":"cgese-e-destaque-no-11o-no-encontro-nordestino-de-contabilidade","status":"publish","type":"post","link":"https:\/\/senoticias.com.br\/se\/cgese-e-destaque-no-11o-no-encontro-nordestino-de-contabilidade\/","title":{"rendered":"CGE\/SE \u00e9 destaque no 11\u00ba no Encontro Nordestino de Contabilidade"},"content":{"rendered":"<div id=\"attachment_53228\" style=\"width: 310px\" class=\"wp-caption alignleft\"><a href=\"http:\/\/senoticias.com.br\/se\/wp-content\/uploads\/2013\/09\/ad_700.jpg\"><img loading=\"lazy\" decoding=\"async\" aria-describedby=\"caption-attachment-53228\" class=\"size-medium wp-image-53228\" alt=\" Secret\u00e1rio-chefe da CGE\/SE, Adinelson Alves.(Divulga\u00e7\u00e3o)\" src=\"http:\/\/senoticias.com.br\/se\/wp-content\/uploads\/2013\/09\/ad_700-300x197.jpg\" width=\"300\" height=\"197\" srcset=\"https:\/\/senoticias.com.br\/se\/wp-content\/uploads\/2013\/09\/ad_700-300x197.jpg 300w, https:\/\/senoticias.com.br\/se\/wp-content\/uploads\/2013\/09\/ad_700-342x224.jpg 342w, https:\/\/senoticias.com.br\/se\/wp-content\/uploads\/2013\/09\/ad_700.jpg 700w\" sizes=\"(max-width: 300px) 100vw, 300px\" \/><\/a><p id=\"caption-attachment-53228\" class=\"wp-caption-text\">Secret\u00e1rio-chefe da CGE\/SE, Adinelson Alves.(Divulga\u00e7\u00e3o)<\/p><\/div>\n<p style=\"text-align: justify;\">O Governo de Sergipe, por meio da Controladoria-Geral do Estado (CGE\/SE), participou nesta quinta e sexta-feira, 26 e 27, do 11\u00ba Encontro Nordestino de Contabilidade (Enecon), realizado no Centro de Conven\u00e7\u00f5es de Sergipe (CIC). Com o tema: &#8220;Gest\u00e3o, Transpar\u00eancia e Sustentabilidade: Um Novo Olhar&#8221;, o evento traz o que h\u00e1 de mais novo no debate sobre a Contabilidade, sobretudo a nova forma de atuar do profissional da \u00e1rea cont\u00e1bil frente \u00e0s demandas do mercado.<\/p>\n<p style=\"text-align: justify;\">Representando o governador em exerc\u00edcio, Jackson Barreto, durante a solenidade de abertura, o secret\u00e1rio-chefe da CGE, Adinelson Alves, parabenizou toda a classe cont\u00e1bil sergipana e brasileira pela realiza\u00e7\u00e3o do Encontro. O secret\u00e1rio fez quest\u00e3o, ainda, de ressaltar a import\u00e2ncia da Contabilidade para as organiza\u00e7\u00f5es p\u00fablicas e privadas, al\u00e9m de destacar que o ano para sediar o evento n\u00e3o teria sido mais prop\u00edcio para Sergipe, j\u00e1 que 2013 \u00e9 considerado o \u2018Ano da Contabilidade no Brasil\u2019.<\/p>\n<p style=\"text-align: justify;\">\u201cA Controladoria congratula-se com o Conselho Regional de Contabilidade (CRC\/SE) e todos os parceiros que se uniram para a realiza\u00e7\u00e3o do 11\u00ba Enecon em nossa cidade, trazendo para Sergipe o conhecimento, o debate, sobre a import\u00e2ncia da Contabilidade para as organiza\u00e7\u00f5es p\u00fablicas e privadas, enquanto instrumento que produz informa\u00e7\u00f5es confi\u00e1veis, tempestivas e que orientam a sociedade brasileira a tomar decis\u00f5es sobre as empresas e a qualidade dos governos\u201d, ressaltou o secret\u00e1rio-chefe.<\/p>\n<p style=\"text-align: justify;\">Contabilidade no Setor P\u00fablico<\/p>\n<p style=\"text-align: justify;\">Paralelamente ao 11\u00ba Enecon, foi realizado, tamb\u00e9m, nesta sexta-feira, 27, o 1\u00ba F\u00f3rum Nordestino de Contabilidade Aplicada ao Setor P\u00fablico. Entre os assuntos abordados durante a manh\u00e3 estiveram: \u201cTranspar\u00eancia e Controle Social\u201d, \u201cA\u00e7\u00f5es e Desafios dos \u00d3rg\u00e3os de Controle diante da \u2018Nova\u2019 Contabilidade Aplicada ao Setor P\u00fablico\u201d e \u201cImplanta\u00e7\u00e3o de um Novo Modelo Cont\u00e1bil \u2013 Case do Estado de Minas\u201d.<\/p>\n<p style=\"text-align: justify;\">Convidado para presidir a mesa sobre a \u2018nova\u2019 contabilidade e os \u00f3rg\u00e3os de controle, o secret\u00e1rio-chefe, Adinelson Alves, lembrou a import\u00e2ncia do exame de sufici\u00eancia para a classe cont\u00e1bil. \u201cO exame equivale ao da Ordem dos Advogados do Brasil (OAB) e avaliar\u00e1 a qualidade da forma\u00e7\u00e3o acad\u00eamica, para autorizar esses profissionais a ingressarem no mercado de trabalho, construindo um ambiente de transpar\u00eancia e de preven\u00e7\u00e3o \u00e0 corrup\u00e7\u00e3o\u201d, disse.<\/p>\n<p style=\"text-align: justify;\">O conselheiro do Tribunal de Contas da Bahia (TCE\/BA) e especialista em Auditoria Governamental, Inaldo da Paix\u00e3o, a quem Adinelson denominou \u2018mission\u00e1rio do Controle da Administra\u00e7\u00e3o P\u00fablica\u2019, tratou de temas como Normas Brasileiras de Contabilidade Aplicada ao Setor P\u00fablico (NBSCAP), transpar\u00eancia, Lei de Acesso \u00e0 Informa\u00e7\u00e3o, al\u00e9m de outras tem\u00e1ticas pertinentes \u00e0 \u00e1rea. Segundo ele, o Brasil precisa passar por reformas urgentes nos sistemas de controle, pol\u00edtico, tribut\u00e1rio e C\u00f3digo Penal Brasileiro.<\/p>\n<p style=\"text-align: justify;\">\u201cEu acredito que o Brasil poderia avan\u00e7ar ainda mais se n\u00f3s pensarmos em reformar o nosso sistema de controle, e eu n\u00e3o me limito ao controle interno, tampouco ao controle externo, mas tamb\u00e9m \u00e0 ess\u00eancia da informa\u00e7\u00e3o que \u00e9 a Contabilidade. Para que esta seja de qualidade \u00e9 necess\u00e1rio enfatizar a transpar\u00eancia, permitindo que a sociedade brasileira entenda aquilo que n\u00f3s somos\u201d, ressaltou Inaldo Paix\u00e3o.<\/p>\n<p style=\"text-align: justify;\">Sobre o v\u00eddeo \u201cIlha das Flores\u201d, do cineasta Jorge Furtado, de 1989, veiculado durante a apresenta\u00e7\u00e3o, Inaldo afirmou que quis fazer uma provoca\u00e7\u00e3o ao p\u00fablico. \u201cEu procuro utiliz\u00e1-lo em minhas apresenta\u00e7\u00f5es porque entendo que um melhor sistema de controle combateria cidades como Ilha das Flores. Se pudesse resumir minha palestra em uma s\u00f3 palavra seria \u2018transpar\u00eancia\u2019, assim haveria um melhor controle, uma melhor contabilidade e um melhor sistema de Tribunal de Contas e Controladorias\u201d, disse.<\/p>\n<p style=\"text-align: justify;\">De acordo com o secret\u00e1rio-chefe da CGE, Adinelson Alves, esta foi uma oportunidade \u00edmpar para que os TCE\u2019s, a Controladoria e a classe cont\u00e1bil pudessem debater com o intuito de ampliar, ainda mais, a transpar\u00eancia e a efetividade das pol\u00edticas p\u00fablicas de modo a atender a expectativa da sociedade sergipana. \u201cE assim contribuir efetivamente para o desenvolvimento de Sergipe \u2013 gerando emprego, renda, desenvolvimento \u2013 tornando o nosso estado um lugar cada vez mais agrad\u00e1vel para viver e empreender\u201d, explicou.<\/p>\n<p style=\"text-align: justify;\"><strong>Enecon: saldo positivo<\/strong><\/p>\n<p style=\"text-align: justify;\">Organizado pelo CRC\/SE, o 11\u00ba Enecon, contou com cerca de 800 participantes, vindos de norte a sul do pa\u00eds. Para A\u00e9cio Prado, presidente do CRC\/SE, o sucesso do evento \u00e9 resultado de uma ampla divulga\u00e7\u00e3o e mobiliza\u00e7\u00e3o do Conselho Regional de Contabilidade de Sergipe em parceria com os outros Conselhos do Brasil.<\/p>\n<p style=\"text-align: justify;\">\u201cO processo come\u00e7ou h\u00e1 dois anos no Enecon de Salvador, onde Sergipe se candidatou a sediar o evento e desde aquele dia, n\u00f3s acreditamos que seria poss\u00edvel. Neste sentido, aceitamos o desafio, pensamos em todos os detalhes e hoje estamos concretizando este sonho. Fizemos um trabalho de comunica\u00e7\u00e3o e de divulga\u00e7\u00e3o muito bom, interligado com todos os Conselhos de Nordeste e j\u00e1, na reta final, fizemos um \u2018corpo a corpo\u2019, indo a todas as faculdades, \u00f3rg\u00e3os do Governo de Sergipe e ao Tribunal de Contas de Sergipe, para divulgar o Encontro\u201d, finalizou A\u00e9cio Prado.<\/p>\n<p><strong>Assessoria de Comunica\u00e7\u00e3o | Ascom <\/strong><br \/>\n<strong>Controladoria-Geral do Estado de Sergipe | CGE<\/strong><\/p>\n","protected":false},"excerpt":{"rendered":"<p>O Governo de Sergipe, por meio da Controladoria-Geral do Estado (CGE\/SE), participou nesta quinta e sexta-feira, 26 e 27, do 11\u00ba Encontro Nordestino de Contabilidade (Enecon), realizado no Centro de Conven\u00e7\u00f5es de Sergipe (CIC). Com o tema: &#8220;Gest\u00e3o, Transpar\u00eancia e Sustentabilidade: Um Novo Olhar&#8221;, o evento traz o que h\u00e1 de mais novo no debate [&hellip;]<\/p>\n","protected":false},"author":1,"featured_media":53228,"comment_status":"closed","ping_status":"closed","sticky":false,"template":"","format":"standard","meta":{"footnotes":""},"categories":[6,1],"tags":[],"class_list":{"0":"post-53226","1":"post","2":"type-post","3":"status-publish","4":"format-standard","5":"has-post-thumbnail","7":"category-politica","8":"category-sem-categoria"},"_links":{"self":[{"href":"https:\/\/senoticias.com.br\/se\/wp-json\/wp\/v2\/posts\/53226"}],"collection":[{"href":"https:\/\/senoticias.com.br\/se\/wp-json\/wp\/v2\/posts"}],"about":[{"href":"https:\/\/senoticias.com.br\/se\/wp-json\/wp\/v2\/types\/post"}],"author":[{"embeddable":true,"href":"https:\/\/senoticias.com.br\/se\/wp-json\/wp\/v2\/users\/1"}],"replies":[{"embeddable":true,"href":"https:\/\/senoticias.com.br\/se\/wp-json\/wp\/v2\/comments?post=53226"}],"version-history":[{"count":0,"href":"https:\/\/senoticias.com.br\/se\/wp-json\/wp\/v2\/posts\/53226\/revisions"}],"wp:featuredmedia":[{"embeddable":true,"href":"https:\/\/senoticias.com.br\/se\/wp-json\/wp\/v2\/media\/53228"}],"wp:attachment":[{"href":"https:\/\/senoticias.com.br\/se\/wp-json\/wp\/v2\/media?parent=53226"}],"wp:term":[{"taxonomy":"category","embeddable":true,"href":"https:\/\/senoticias.com.br\/se\/wp-json\/wp\/v2\/categories?post=53226"},{"taxonomy":"post_tag","embeddable":true,"href":"https:\/\/senoticias.com.br\/se\/wp-json\/wp\/v2\/tags?post=53226"}],"curies":[{"name":"wp","href":"https:\/\/api.w.org\/{rel}","templated":true}]}}