{"id":53224,"date":"2013-09-27T22:23:49","date_gmt":"2013-09-28T01:23:49","guid":{"rendered":"http:\/\/senoticias.com.br\/se\/?p=53224"},"modified":"2013-09-29T10:39:23","modified_gmt":"2013-09-29T13:39:23","slug":"governador-visita-ao-setor-de-oncologia-do-huse-e-as-novas-instalacoes-do-case","status":"publish","type":"post","link":"https:\/\/senoticias.com.br\/se\/governador-visita-ao-setor-de-oncologia-do-huse-e-as-novas-instalacoes-do-case\/","title":{"rendered":"Governador visita ao setor de Oncologia do Huse e \u00e0s novas instala\u00e7\u00f5es do Case"},"content":{"rendered":"<div id=\"attachment_52390\" style=\"width: 310px\" class=\"wp-caption alignleft\"><a href=\"http:\/\/senoticias.com.br\/se\/wp-content\/uploads\/2013\/09\/JacksonBarretoFotodeMarcosRodriguesASN.jpeg\"><img loading=\"lazy\" decoding=\"async\" aria-describedby=\"caption-attachment-52390\" class=\"size-medium wp-image-52390\" alt=\"O governador em exerc\u00edcio Jackson Barreto (Foto: Marcos Rodrigues\/ASN)\" src=\"http:\/\/senoticias.com.br\/se\/wp-content\/uploads\/2013\/09\/JacksonBarretoFotodeMarcosRodriguesASN-300x228.jpeg\" width=\"300\" height=\"228\" srcset=\"https:\/\/senoticias.com.br\/se\/wp-content\/uploads\/2013\/09\/JacksonBarretoFotodeMarcosRodriguesASN-300x228.jpeg 300w, https:\/\/senoticias.com.br\/se\/wp-content\/uploads\/2013\/09\/JacksonBarretoFotodeMarcosRodriguesASN-342x260.jpeg 342w, https:\/\/senoticias.com.br\/se\/wp-content\/uploads\/2013\/09\/JacksonBarretoFotodeMarcosRodriguesASN-60x45.jpeg 60w, https:\/\/senoticias.com.br\/se\/wp-content\/uploads\/2013\/09\/JacksonBarretoFotodeMarcosRodriguesASN-150x113.jpeg 150w, https:\/\/senoticias.com.br\/se\/wp-content\/uploads\/2013\/09\/JacksonBarretoFotodeMarcosRodriguesASN.jpeg 780w\" sizes=\"(max-width: 300px) 100vw, 300px\" \/><\/a><p id=\"caption-attachment-52390\" class=\"wp-caption-text\">O governador em exerc\u00edcio Jackson Barreto (Foto: Marcos Rodrigues\/ASN)<\/p><\/div>\n<p style=\"text-align: justify;\">Nesta segunda-feira, 30, o governador em exerc\u00edcio, Jackson Barreto visitar\u00e1 o setor de Oncologia do Hospital de Urg\u00eancias de Sergipe (Huse) para conhecer a nova tecnologia ofertada no servi\u00e7o de radioterapia da Unidade. Em funcionamento desde o \u00faltimo dia 20, o sistema 3D do Acelerador Linear contribui para o aperfei\u00e7oamento do tratamento.<\/p>\n<p style=\"text-align: justify;\">O software 3D realiza com precis\u00e3o o c\u00e1lculo da dose de radia\u00e7\u00e3o \u00e0 qual o paciente ser\u00e1 submetido e consegue avaliar a estrutura dos pacientes. O sistema trabalha conectado a uma rede de computadores que controla e gerencia as informa\u00e7\u00f5es produzidas em conson\u00e2ncia com o Acelerador Linear. O Investimento na aquisi\u00e7\u00e3o do software foi de cerca de R$ 200 mil, oriundos do governo federal. Com a nova tecnologia, o profissional visualiza melhor o tumor, poupando as c\u00e9lulas vizinhas durante a aplica\u00e7\u00e3o do medicamento.<\/p>\n<p style=\"text-align: justify;\">Oncologia<\/p>\n<p style=\"text-align: justify;\">Refer\u00eancia no tratamento do c\u00e2ncer, o Centro de Oncologia do Huse disp\u00f5e de 54 leitos para internamento e realiza atendimentos cl\u00ednicos e ambulatoriais, assim como tratamentos oncol\u00f3gicos \u00e0 base de quimioterapia e radioterapia. Por m\u00eas, o Centro realiza 400 consultas m\u00e9dicas e realiza uma m\u00e9dia 1400 sess\u00f5es de radioterapia. Atualmente, o servi\u00e7o tem 600 pacientes oncol\u00f3gicos cadastrados.<\/p>\n<p style=\"text-align: justify;\"><strong>Case<\/strong><\/p>\n<p style=\"text-align: justify;\">Ap\u00f3s conhecer o novo tratamento ofertado pelo Centro de Oncologia do Huse, Jackson Barreto segue com sua comitiva para as novas instala\u00e7\u00f5es do Case (Centro de Aten\u00e7\u00e3o \u00e0 Sa\u00fade do Estado de Sergipe). Or\u00e7ado em R$ 300 mil, o novo Centro est\u00e1 instalado em um novo pr\u00e9dio, localizado na Avenida Tancredo Neves, e come\u00e7ou a funcionar na \u00faltima segunda-feira, 23.<\/p>\n<p style=\"text-align: justify;\">As novas instala\u00e7\u00f5es oferecem mais conforto para os 23.353 usu\u00e1rios cadastrados no servi\u00e7o de distribui\u00e7\u00e3o de medicamentos, pr\u00f3teses e \u00f3rteses. O Case disponibiliza 309 medicamentos.<\/p>\n<p style=\"text-align: justify;\">Foram implantados no pr\u00e9dio, rampa, corrim\u00e3o, piso antiderrapante, al\u00e9m do ponto exclusivo de atendimento que garante a acessibilidade de pessoas que t\u00eam dificuldade de locomo\u00e7\u00e3o.<\/p>\n<p style=\"text-align: justify;\"><em><strong>Da Ag\u00eancia Sergipe de Not\u00edcias<\/strong><\/em><\/p>\n","protected":false},"excerpt":{"rendered":"<p>Nesta segunda-feira, 30, o governador em exerc\u00edcio, Jackson Barreto visitar\u00e1 o setor de Oncologia do Hospital de Urg\u00eancias de Sergipe (Huse) para conhecer a nova tecnologia ofertada no servi\u00e7o de radioterapia da Unidade. Em funcionamento desde o \u00faltimo dia 20, o sistema 3D do Acelerador Linear contribui para o aperfei\u00e7oamento do tratamento. O software 3D [&hellip;]<\/p>\n","protected":false},"author":1,"featured_media":52390,"comment_status":"closed","ping_status":"closed","sticky":false,"template":"","format":"standard","meta":{"footnotes":""},"categories":[6],"tags":[],"class_list":{"0":"post-53224","1":"post","2":"type-post","3":"status-publish","4":"format-standard","5":"has-post-thumbnail","7":"category-politica"},"_links":{"self":[{"href":"https:\/\/senoticias.com.br\/se\/wp-json\/wp\/v2\/posts\/53224"}],"collection":[{"href":"https:\/\/senoticias.com.br\/se\/wp-json\/wp\/v2\/posts"}],"about":[{"href":"https:\/\/senoticias.com.br\/se\/wp-json\/wp\/v2\/types\/post"}],"author":[{"embeddable":true,"href":"https:\/\/senoticias.com.br\/se\/wp-json\/wp\/v2\/users\/1"}],"replies":[{"embeddable":true,"href":"https:\/\/senoticias.com.br\/se\/wp-json\/wp\/v2\/comments?post=53224"}],"version-history":[{"count":0,"href":"https:\/\/senoticias.com.br\/se\/wp-json\/wp\/v2\/posts\/53224\/revisions"}],"wp:featuredmedia":[{"embeddable":true,"href":"https:\/\/senoticias.com.br\/se\/wp-json\/wp\/v2\/media\/52390"}],"wp:attachment":[{"href":"https:\/\/senoticias.com.br\/se\/wp-json\/wp\/v2\/media?parent=53224"}],"wp:term":[{"taxonomy":"category","embeddable":true,"href":"https:\/\/senoticias.com.br\/se\/wp-json\/wp\/v2\/categories?post=53224"},{"taxonomy":"post_tag","embeddable":true,"href":"https:\/\/senoticias.com.br\/se\/wp-json\/wp\/v2\/tags?post=53224"}],"curies":[{"name":"wp","href":"https:\/\/api.w.org\/{rel}","templated":true}]}}