{"id":53219,"date":"2013-09-27T22:04:56","date_gmt":"2013-09-28T01:04:56","guid":{"rendered":"http:\/\/senoticias.com.br\/se\/?p=53219"},"modified":"2013-09-27T22:04:56","modified_gmt":"2013-09-28T01:04:56","slug":"laercio-oliveira-defende-a-regulamentacao-da-profissao-de-fotografo","status":"publish","type":"post","link":"https:\/\/senoticias.com.br\/se\/laercio-oliveira-defende-a-regulamentacao-da-profissao-de-fotografo\/","title":{"rendered":"La\u00e9rcio Oliveira defende a regulamenta\u00e7\u00e3o da profiss\u00e3o de fot\u00f3grafo"},"content":{"rendered":"<p>&nbsp;<\/p>\n<div id=\"attachment_53220\" style=\"width: 310px\" class=\"wp-caption alignleft\"><a href=\"http:\/\/senoticias.com.br\/se\/wp-content\/uploads\/2013\/09\/La\u00e9rcio.jpg\"><img loading=\"lazy\" decoding=\"async\" aria-describedby=\"caption-attachment-53220\" class=\"size-medium wp-image-53220\" alt=\"La\u00e9rcio Oliveira defende a regulamenta\u00e7\u00e3o da profiss\u00e3o de fot\u00f3grafo.(Divulga\u00e7\u00e3o)\" src=\"http:\/\/senoticias.com.br\/se\/wp-content\/uploads\/2013\/09\/La\u00e9rcio-300x199.jpg\" width=\"300\" height=\"199\" srcset=\"https:\/\/senoticias.com.br\/se\/wp-content\/uploads\/2013\/09\/La\u00e9rcio-300x199.jpg 300w, https:\/\/senoticias.com.br\/se\/wp-content\/uploads\/2013\/09\/La\u00e9rcio-342x227.jpg 342w, https:\/\/senoticias.com.br\/se\/wp-content\/uploads\/2013\/09\/La\u00e9rcio.jpg 512w\" sizes=\"(max-width: 300px) 100vw, 300px\" \/><\/a><p id=\"caption-attachment-53220\" class=\"wp-caption-text\">La\u00e9rcio Oliveira defende a regulamenta\u00e7\u00e3o da profiss\u00e3o de fot\u00f3grafo.(Divulga\u00e7\u00e3o)<\/p><\/div>\n<p style=\"text-align: justify;\">O deputado federal La\u00e9rcio Oliveira vai apresentar na Comiss\u00e3o de Constitui\u00e7\u00e3o Justi\u00e7a e Cidadania um requerimento de urg\u00eancia para incluir na pauta o projeto de lei 2176\/11 que regulamenta a profiss\u00e3o do fot\u00f3grafo. O PL j\u00e1 foi aprovado na Comiss\u00e3o do Trabalho, Administra\u00e7\u00e3o e Servi\u00e7o P\u00fablico, onde o deputado foi relator. O parlamentar decidiu apresentar o requerimento quando recebeu em seu gabinete a visita dos fot\u00f3grafos Jo\u00e3o Ferreira Cruz e Jackson Marques, do projeto Fot\u00f3grafo Legal.<\/p>\n<p style=\"text-align: justify;\">Para La\u00e9rcio Oliveira, a proposta vai incluir os fot\u00f3grafos no &#8220;mundo formal&#8221;. Ele afirma que, com a regulamenta\u00e7\u00e3o profissional, &#8220;as rela\u00e7\u00f5es de emprego e os neg\u00f3cios jur\u00eddicos por ela gerados poder\u00e3o ser devidamente fiscalizados&#8221;.<\/p>\n<p style=\"text-align: justify;\">Na pr\u00e1tica, segundo Jo\u00e3o Cruz, significa que quando uma pessoa contratar os servi\u00e7os de fotografia, ter\u00e3o a garantia da presta\u00e7\u00e3o de um servi\u00e7o de qualidade. \u201cHoje o que a gente v\u00ea \u00e9 pessoas contratando os servi\u00e7os de fot\u00f3grafo pelo menor pre\u00e7o e muitas vezes eles faltam no dia do evento, como um casamento, por exemplo, ou entregam fotos ruins. Ou seja, o cliente fica sem um registro de um evento t\u00e3o importante da vida dele. Com a regulamenta\u00e7\u00e3o, n\u00f3s teremos como controlar esse tipo de situa\u00e7\u00e3o\u201d, informou.<\/p>\n<p style=\"text-align: justify;\">Quando foi relator do projeto, na Ctasp, o deputado apresentou emenda para excluir do texto o rep\u00f3rter fotogr\u00e1fico, a servi\u00e7o de empresa jornal\u00edstica. De acordo com Oliveira, a rela\u00e7\u00e3o de trabalho desse profissional deve ser regida pelo Decreto-Lei 972\/69, que trata da profiss\u00e3o de jornalista.<\/p>\n<p style=\"text-align: justify;\">Est\u00e3o aptos ao exerc\u00edcio profissional de fot\u00f3grafo os diplomados em fotografia no ensino superior ou no ensino t\u00e9cnico; e tamb\u00e9m os n\u00e3o diplomados que, \u00e0 data da vig\u00eancia da nova lei, tenham exercido a profiss\u00e3o por, no m\u00ednimo, dois anos.<\/p>\n<p style=\"text-align: justify;\">Para a comprova\u00e7\u00e3o desse tempo de servi\u00e7o, ser\u00e1 exigida declara\u00e7\u00e3o da respectiva entidade de classe, al\u00e9m dos recibos de pagamentos de servi\u00e7os prestados, em papel timbrado, ou declara\u00e7\u00e3o com firma reconhecida em cart\u00f3rio.<\/p>\n<p style=\"text-align: justify;\"><strong>Tramita\u00e7\u00e3o<\/strong><\/p>\n<p style=\"text-align: justify;\">O projeto tem car\u00e1ter conclusivo e se aprovado na Comiss\u00e3o Constitui\u00e7\u00e3o e Justi\u00e7a e de Cidadania, seguir\u00e1 para o Senado.<\/p>\n<p style=\"text-align: justify;\"><strong>Da Assessoria de Imprensa<\/strong><\/p>\n","protected":false},"excerpt":{"rendered":"<p>&nbsp; O deputado federal La\u00e9rcio Oliveira vai apresentar na Comiss\u00e3o de Constitui\u00e7\u00e3o Justi\u00e7a e Cidadania um requerimento de urg\u00eancia para incluir na pauta o projeto de lei 2176\/11 que regulamenta a profiss\u00e3o do fot\u00f3grafo. O PL j\u00e1 foi aprovado na Comiss\u00e3o do Trabalho, Administra\u00e7\u00e3o e Servi\u00e7o P\u00fablico, onde o deputado foi relator. O parlamentar decidiu [&hellip;]<\/p>\n","protected":false},"author":1,"featured_media":53220,"comment_status":"closed","ping_status":"closed","sticky":false,"template":"","format":"standard","meta":{"footnotes":""},"categories":[6],"tags":[],"class_list":{"0":"post-53219","1":"post","2":"type-post","3":"status-publish","4":"format-standard","5":"has-post-thumbnail","7":"category-politica"},"_links":{"self":[{"href":"https:\/\/senoticias.com.br\/se\/wp-json\/wp\/v2\/posts\/53219"}],"collection":[{"href":"https:\/\/senoticias.com.br\/se\/wp-json\/wp\/v2\/posts"}],"about":[{"href":"https:\/\/senoticias.com.br\/se\/wp-json\/wp\/v2\/types\/post"}],"author":[{"embeddable":true,"href":"https:\/\/senoticias.com.br\/se\/wp-json\/wp\/v2\/users\/1"}],"replies":[{"embeddable":true,"href":"https:\/\/senoticias.com.br\/se\/wp-json\/wp\/v2\/comments?post=53219"}],"version-history":[{"count":0,"href":"https:\/\/senoticias.com.br\/se\/wp-json\/wp\/v2\/posts\/53219\/revisions"}],"wp:featuredmedia":[{"embeddable":true,"href":"https:\/\/senoticias.com.br\/se\/wp-json\/wp\/v2\/media\/53220"}],"wp:attachment":[{"href":"https:\/\/senoticias.com.br\/se\/wp-json\/wp\/v2\/media?parent=53219"}],"wp:term":[{"taxonomy":"category","embeddable":true,"href":"https:\/\/senoticias.com.br\/se\/wp-json\/wp\/v2\/categories?post=53219"},{"taxonomy":"post_tag","embeddable":true,"href":"https:\/\/senoticias.com.br\/se\/wp-json\/wp\/v2\/tags?post=53219"}],"curies":[{"name":"wp","href":"https:\/\/api.w.org\/{rel}","templated":true}]}}