{"id":52220,"date":"2013-09-01T17:30:36","date_gmt":"2013-09-01T20:30:36","guid":{"rendered":"http:\/\/senoticias.com.br\/se\/?p=52220"},"modified":"2013-09-01T20:31:17","modified_gmt":"2013-09-01T23:31:17","slug":"motorista-perde-controle-da-direcao-e-carro-para-dentro-do-mar","status":"publish","type":"post","link":"https:\/\/senoticias.com.br\/se\/motorista-perde-controle-da-direcao-e-carro-para-dentro-do-mar\/","title":{"rendered":"Motorista perde controle da dire\u00e7\u00e3o e carro para dentro do mar"},"content":{"rendered":"<p style=\"text-align: justify;\"><em><span style=\"color: #888888;\"><strong>Do G1 SC<\/strong><\/span><\/em><\/p>\n<p style=\"text-align: justify;\"><a href=\"http:\/\/senoticias.com.br\/se\/wp-content\/uploads\/2013\/09\/carro_1-1.jpg\"><img loading=\"lazy\" decoding=\"async\" class=\"alignright size-full wp-image-52222\" alt=\"carro_1 (1)\" src=\"http:\/\/senoticias.com.br\/se\/wp-content\/uploads\/2013\/09\/carro_1-1.jpg\" width=\"361\" height=\"267\" srcset=\"https:\/\/senoticias.com.br\/se\/wp-content\/uploads\/2013\/09\/carro_1-1.jpg 361w, https:\/\/senoticias.com.br\/se\/wp-content\/uploads\/2013\/09\/carro_1-1-300x221.jpg 300w, https:\/\/senoticias.com.br\/se\/wp-content\/uploads\/2013\/09\/carro_1-1-342x252.jpg 342w, https:\/\/senoticias.com.br\/se\/wp-content\/uploads\/2013\/09\/carro_1-1-60x45.jpg 60w\" sizes=\"(max-width: 361px) 100vw, 361px\" \/><\/a>Uma cena inusitada foi registrada no in\u00edcio da tarde de s\u00e1bado (31) na praia de Perequ\u00ea, em Porto Belo, no Litoral Norte de Santa Catarina. O motorista de uma caminhonete perdeu o controle da dire\u00e7\u00e3o e o carro foi parar no mar.<\/p>\n<p style=\"text-align: justify;\">De acordo com a Pol\u00edcia Militar, o homem de 31 anos e a namorada estavam brigando quando aconteceu o acidente. Os dois sa\u00edram ilesos e o carro teve que ser retirado com a ajuda de um guincho.<\/p>\n","protected":false},"excerpt":{"rendered":"<p>Do G1 SC Uma cena inusitada foi registrada no in\u00edcio da tarde de s\u00e1bado (31) na praia de Perequ\u00ea, em Porto Belo, no Litoral Norte de Santa Catarina. O motorista de uma caminhonete perdeu o controle da dire\u00e7\u00e3o e o carro foi parar no mar. De acordo com a Pol\u00edcia Militar, o homem de 31 [&hellip;]<\/p>\n","protected":false},"author":3,"featured_media":52221,"comment_status":"closed","ping_status":"closed","sticky":false,"template":"","format":"standard","meta":{"footnotes":""},"categories":[310],"tags":[],"class_list":{"0":"post-52220","1":"post","2":"type-post","3":"status-publish","4":"format-standard","5":"has-post-thumbnail","7":"category-destaques-da-semana"},"_links":{"self":[{"href":"https:\/\/senoticias.com.br\/se\/wp-json\/wp\/v2\/posts\/52220"}],"collection":[{"href":"https:\/\/senoticias.com.br\/se\/wp-json\/wp\/v2\/posts"}],"about":[{"href":"https:\/\/senoticias.com.br\/se\/wp-json\/wp\/v2\/types\/post"}],"author":[{"embeddable":true,"href":"https:\/\/senoticias.com.br\/se\/wp-json\/wp\/v2\/users\/3"}],"replies":[{"embeddable":true,"href":"https:\/\/senoticias.com.br\/se\/wp-json\/wp\/v2\/comments?post=52220"}],"version-history":[{"count":0,"href":"https:\/\/senoticias.com.br\/se\/wp-json\/wp\/v2\/posts\/52220\/revisions"}],"wp:featuredmedia":[{"embeddable":true,"href":"https:\/\/senoticias.com.br\/se\/wp-json\/wp\/v2\/media\/52221"}],"wp:attachment":[{"href":"https:\/\/senoticias.com.br\/se\/wp-json\/wp\/v2\/media?parent=52220"}],"wp:term":[{"taxonomy":"category","embeddable":true,"href":"https:\/\/senoticias.com.br\/se\/wp-json\/wp\/v2\/categories?post=52220"},{"taxonomy":"post_tag","embeddable":true,"href":"https:\/\/senoticias.com.br\/se\/wp-json\/wp\/v2\/tags?post=52220"}],"curies":[{"name":"wp","href":"https:\/\/api.w.org\/{rel}","templated":true}]}}