{"id":52207,"date":"2013-09-01T17:26:09","date_gmt":"2013-09-01T20:26:09","guid":{"rendered":"http:\/\/senoticias.com.br\/se\/?p=52207"},"modified":"2013-09-01T18:13:14","modified_gmt":"2013-09-01T21:13:14","slug":"vereadores-de-rosario-aprovam-projeto-de-aumento-para-servidores","status":"publish","type":"post","link":"https:\/\/senoticias.com.br\/se\/vereadores-de-rosario-aprovam-projeto-de-aumento-para-servidores\/","title":{"rendered":"Vereadores de Ros\u00e1rio aprovam projeto de aumento para servidores"},"content":{"rendered":"<div id=\"attachment_52211\" style=\"width: 310px\" class=\"wp-caption alignright\"><a href=\"http:\/\/senoticias.com.br\/se\/wp-content\/uploads\/2013\/09\/Encerramento-dos-trabalhos-1.jpg\"><img loading=\"lazy\" decoding=\"async\" aria-describedby=\"caption-attachment-52211\" class=\"size-medium wp-image-52211\" alt=\"Foto: Ascom CMRC\" src=\"http:\/\/senoticias.com.br\/se\/wp-content\/uploads\/2013\/09\/Encerramento-dos-trabalhos-1-300x199.jpg\" width=\"300\" height=\"199\" srcset=\"https:\/\/senoticias.com.br\/se\/wp-content\/uploads\/2013\/09\/Encerramento-dos-trabalhos-1-300x199.jpg 300w, https:\/\/senoticias.com.br\/se\/wp-content\/uploads\/2013\/09\/Encerramento-dos-trabalhos-1-342x227.jpg 342w, https:\/\/senoticias.com.br\/se\/wp-content\/uploads\/2013\/09\/Encerramento-dos-trabalhos-1.jpg 450w\" sizes=\"(max-width: 300px) 100vw, 300px\" \/><\/a><p id=\"caption-attachment-52211\" class=\"wp-caption-text\">Foto: Ascom CMRC<\/p><\/div>\n<p style=\"text-align: justify;\">Na sess\u00e3o da ultima ter\u00e7a-feira (28), vereadores do Munic\u00edpio de Ros\u00e1rio do Catete aprovaram o Projeto de Lei, que \u201cdisp\u00f5e sobre a revis\u00e3o anual da remunera\u00e7\u00e3o dos cargos e provimentos efetivos\u201d da Prefeitura. A sess\u00e3o plen\u00e1ria contou com a participa\u00e7\u00e3o de populares e servidores do Munic\u00edpio, que acompanharam atentos os trabalhos na C\u00e2mara Municipal.<\/p>\n<p style=\"text-align: justify;\">A plen\u00e1ria come\u00e7ou com o vereador Anderson Santos (PP) reivindicando mais a\u00e7\u00f5es a serem feitas no povoado Siririzinho. De acordo com ele, o problema da falta de uma ambul\u00e2ncia na localidade foi resolvido por enquanto, mas a localidade ainda espera outras a\u00e7\u00f5es da gest\u00e3o municipal. O vereador fez uma solicita\u00e7\u00e3o \u00e0 l\u00edder do governo, Alik Iunes (PV), por melhoras na via que d\u00e1 acesso ao povoado, entre outras demandas que vem causando transtornos \u00e0 popula\u00e7\u00e3o local.<\/p>\n<p style=\"text-align: justify;\">Logo em seguida, a vereadora Am\u00e9lia Resende (PSD) subiu a tribuna para falar sobre as provid\u00eancias que est\u00e3o sendo tomadas para resolver as cobran\u00e7as feitas pela comunidade do Siririzinho. \u201cCom rela\u00e7\u00e3o \u00e0 banda de fanfarra, j\u00e1 estamos resolvendo o problema. Sugiro at\u00e9 outra visita \u00e0 comunidade para que possamos ver se realmente as reivindica\u00e7\u00f5es est\u00e3o sendo atendidas\u201d, frisou.<\/p>\n<p style=\"text-align: justify;\"><strong> Aterro sanit\u00e1rio<\/strong><\/p>\n<p style=\"text-align: justify;\">A parlamentar aproveitou o momento tamb\u00e9m para falar da visita de representantes da Estre Ambiental, que estiveram no Munic\u00edpio para dar esclarecimento sobre problemas ocasionados pelo aterro sanit\u00e1rio na comunidade. \u201cO seu Roberto veio ao nosso encontro e, humildemente, pediu desculpas, em nome da empresa, e garantiu que todos os problemas ser\u00e3o sanados. Algo muito bom, porque n\u00e3o s\u00e3o todas as empresas que tem essa postura de se desculpar em situa\u00e7\u00f5es como essa\u201d, reconheceu a vereadora Am\u00e9lia.<\/p>\n<p style=\"text-align: justify;\">Tamb\u00e9m falaram na noite o vereador Murilo Menezes (PSC), Manoel Santana (PSB), Ant\u00f4nio Teles (PDT) e H\u00e9lio dos Santos (PSB), todos enfatizando a import\u00e2ncia da visita dos representantes da Estre Ambiental e cobrando por solu\u00e7\u00f5es e a\u00e7\u00f5es que a empresa possa fazer, em parceria com a Prefeitura, pela comunidade de Ros\u00e1rio do Catete.<\/p>\n<p style=\"text-align: justify;\"><strong> Isen\u00e7\u00e3o de taxas<\/strong><\/p>\n<p style=\"text-align: justify;\">O presidente da Casa, Delson Le\u00e3o (PSB), tamb\u00e9m pediu vez na plen\u00e1ria e cobrou dos vereadores da situa\u00e7\u00e3o sobre uma resposta da Prefeitura com rela\u00e7\u00e3o ao projeto de isen\u00e7\u00e3o da taxa de \u00e1gua e luz para as fam\u00edlias carentes do Munic\u00edpio. \u201cO prefeito ainda n\u00e3o se manifestou sobre essa importante medida que ir\u00e1 priorizar os mais pobres. Aqueles que j\u00e1 est\u00e3o sofrendo por n\u00e3o mais receber o Bolsa PIS e outros benef\u00edcios, que os ajudam a sair da situa\u00e7\u00e3o de pobreza extrema. \u00c9 preciso que se fa\u00e7a algo urgente para colocar esse projeto em pr\u00e1tica\u201d, cobrou.<\/p>\n<p style=\"text-align: justify;\">Ao final da sess\u00e3o, foi colocada em vota\u00e7\u00e3o o projeto de aumento dos servidores do Munic\u00edpio. Todos os vereadores da Casa concordaram com a a\u00e7\u00e3o e votaram a favor dos funcion\u00e1rios da Prefeitura Municipal.<\/p>\n<p><strong>T.Dantas Comunica\u00e7\u00e3o e Marketing<\/strong><\/p>\n","protected":false},"excerpt":{"rendered":"<p>Na sess\u00e3o da ultima ter\u00e7a-feira (28), vereadores do Munic\u00edpio de Ros\u00e1rio do Catete aprovaram o Projeto de Lei, que \u201cdisp\u00f5e sobre a revis\u00e3o anual da remunera\u00e7\u00e3o dos cargos e provimentos efetivos\u201d da Prefeitura. A sess\u00e3o plen\u00e1ria contou com a participa\u00e7\u00e3o de populares e servidores do Munic\u00edpio, que acompanharam atentos os trabalhos na C\u00e2mara Municipal. A [&hellip;]<\/p>\n","protected":false},"author":1,"featured_media":52211,"comment_status":"closed","ping_status":"closed","sticky":false,"template":"","format":"standard","meta":{"footnotes":""},"categories":[38,6],"tags":[],"class_list":{"0":"post-52207","1":"post","2":"type-post","3":"status-publish","4":"format-standard","5":"has-post-thumbnail","7":"category-municipios","8":"category-politica"},"_links":{"self":[{"href":"https:\/\/senoticias.com.br\/se\/wp-json\/wp\/v2\/posts\/52207"}],"collection":[{"href":"https:\/\/senoticias.com.br\/se\/wp-json\/wp\/v2\/posts"}],"about":[{"href":"https:\/\/senoticias.com.br\/se\/wp-json\/wp\/v2\/types\/post"}],"author":[{"embeddable":true,"href":"https:\/\/senoticias.com.br\/se\/wp-json\/wp\/v2\/users\/1"}],"replies":[{"embeddable":true,"href":"https:\/\/senoticias.com.br\/se\/wp-json\/wp\/v2\/comments?post=52207"}],"version-history":[{"count":0,"href":"https:\/\/senoticias.com.br\/se\/wp-json\/wp\/v2\/posts\/52207\/revisions"}],"wp:featuredmedia":[{"embeddable":true,"href":"https:\/\/senoticias.com.br\/se\/wp-json\/wp\/v2\/media\/52211"}],"wp:attachment":[{"href":"https:\/\/senoticias.com.br\/se\/wp-json\/wp\/v2\/media?parent=52207"}],"wp:term":[{"taxonomy":"category","embeddable":true,"href":"https:\/\/senoticias.com.br\/se\/wp-json\/wp\/v2\/categories?post=52207"},{"taxonomy":"post_tag","embeddable":true,"href":"https:\/\/senoticias.com.br\/se\/wp-json\/wp\/v2\/tags?post=52207"}],"curies":[{"name":"wp","href":"https:\/\/api.w.org\/{rel}","templated":true}]}}