{"id":52205,"date":"2013-09-01T17:55:57","date_gmt":"2013-09-01T20:55:57","guid":{"rendered":"http:\/\/senoticias.com.br\/se\/?p=52205"},"modified":"2013-09-01T18:02:23","modified_gmt":"2013-09-01T21:02:23","slug":"joao-alves-prestigia-desfile-civico-e-elogia-participacao-dos-estudantes","status":"publish","type":"post","link":"https:\/\/senoticias.com.br\/se\/joao-alves-prestigia-desfile-civico-e-elogia-participacao-dos-estudantes\/","title":{"rendered":"Prefeito de Aracaju prestigia Desfile C\u00edvico e elogia participa\u00e7\u00e3o dos estudantes"},"content":{"rendered":"<p style=\"text-align: justify;\">O prefeito Jo\u00e3o Alves Filho prestigiou na manh\u00e3 de hoje, 1\u00ba, o Desfile C\u00edvico Municipal na rua Bahia, bairro Siqueira Campos, abrindo as atividades na semana em que se comemora a semana da p\u00e1tria. Com o tema &#8220;Louvando a Vida, Construindo a Paz&#8221;, 21 escolas do munic\u00edpio e quatro particulares desfilaram este ano, destacando assuntos pertinentes \u00e0 vida e \u00e0 natureza.<\/p>\n<div id=\"attachment_52208\" style=\"width: 606px\" class=\"wp-caption aligncenter\"><a href=\"http:\/\/senoticias.com.br\/se\/wp-content\/uploads\/2013\/09\/desfilecivico.jpg\"><img loading=\"lazy\" decoding=\"async\" aria-describedby=\"caption-attachment-52208\" class=\"size-full wp-image-52208\" alt=\" Escolas participam do Desfile C\u00edvico Municipal na Zona Oeste de Aracaju (Foto: Divulga\u00e7\u00e3o\/Ana L\u00edcia Menezes\/PMA)\" src=\"http:\/\/senoticias.com.br\/se\/wp-content\/uploads\/2013\/09\/desfilecivico.jpg\" width=\"596\" height=\"447\" srcset=\"https:\/\/senoticias.com.br\/se\/wp-content\/uploads\/2013\/09\/desfilecivico.jpg 596w, https:\/\/senoticias.com.br\/se\/wp-content\/uploads\/2013\/09\/desfilecivico-300x225.jpg 300w, https:\/\/senoticias.com.br\/se\/wp-content\/uploads\/2013\/09\/desfilecivico-342x256.jpg 342w, https:\/\/senoticias.com.br\/se\/wp-content\/uploads\/2013\/09\/desfilecivico-60x45.jpg 60w, https:\/\/senoticias.com.br\/se\/wp-content\/uploads\/2013\/09\/desfilecivico-150x113.jpg 150w, https:\/\/senoticias.com.br\/se\/wp-content\/uploads\/2013\/09\/desfilecivico-269x201.jpg 269w\" sizes=\"(max-width: 596px) 100vw, 596px\" \/><\/a><p id=\"caption-attachment-52208\" class=\"wp-caption-text\"><br \/>Escolas participam do Desfile C\u00edvico Municipal na Zona Oeste de Aracaju (Foto: Divulga\u00e7\u00e3o\/Ana L\u00edcia Menezes\/PMA)<\/p><\/div>\n<p style=\"text-align: justify;\">Desde 2005 a Prefeitura de Aracaju abre as comemora\u00e7\u00f5es municipais em alus\u00e3o \u00e0 Independ\u00eancia do Brasil, organizando o desfile c\u00edvico atrav\u00e9s da Secretaria da Educa\u00e7\u00e3o. Entusiasmados com a estrutura do desfile e as apresenta\u00e7\u00f5es das for\u00e7as armadas e da Guarda Municipal, o prefeito de Aracaju disse que existe a necessidade de uma valoriza\u00e7\u00e3o maior \u00e0 mem\u00f3ria da hist\u00f3ria brasileira.<\/p>\n<p style=\"text-align: justify;\">&#8220;Nesse primeiro dia da Semana da P\u00e1tria, em termos de festividades oficiais, gra\u00e7as a Deus \u00e0 Prefeitura, atrav\u00e9s da Secretaria Municipal da Educa\u00e7\u00e3o, est\u00e1 dando uma demonstra\u00e7\u00e3o muito bonita com um desfile bem estruturado, organizado e com temas interessantes como a valoriza\u00e7\u00e3o da natureza. \u00c9 preciso, sobretudo, lembrar a nossa juventude a import\u00e2ncia dos valores c\u00edvicos do Brasil. Devemos valorizas a nossa hist\u00f3ria e os nossos grandes her\u00f3is. A Educa\u00e7\u00e3o de todos os grandes pa\u00edses que conhe\u00e7o, h\u00e1 a valoriza\u00e7\u00e3o dos her\u00f3is do pensamento e dos grandes vultos brasileiros&#8221;, disse o prefeito.<\/p>\n<p style=\"text-align: justify;\">&#8220;Nossa juventude est\u00e1 crescendo sem conhecer os nomes que constru\u00edram o nosso pa\u00eds. \u00c9 necess\u00e1rio desenvolver esse comportamento. Essa \u00e9 a grande fun\u00e7\u00e3o da Semana da P\u00e1tria. A Prefeitura, em seu primeiro ano de gest\u00e3o, est\u00e1 inovando no desfile, mesmo sem dinheiro suficiente para esse tipo de investimento. Est\u00e3o de parab\u00e9ns a secret\u00e1ria M\u00e1rcia Val\u00e9ria, os professores e os alunos, j\u00e1 que sem eles nada aconteceria&#8221;, elogiou Jo\u00e3o Alves.<\/p>\n<p style=\"text-align: justify;\">De acordo com o a secret\u00e1ria da Educa\u00e7\u00e3o, M\u00e1rcia Val\u00e9ria, o tema abordado para o desfile de 2013 foi amplamente debatido em sala de aula. &#8220;Temos a oportunidade de trazer anualmente um tema, que \u00e9 explorado na escola e finalizando a discuss\u00e3o do tema com o desfile c\u00edvico. Esse ano, preservamos o nosso cuidado e o dever que a escola tem de trabalhar os conceitos elementais da crian\u00e7a, dos jovens, do respeito \u00e0 natureza e a cidadania. A partir disso \u00e9 que se constr\u00f3i o nosso processo de conviv\u00eancia na escola e, harmonizando esse fatores, a gente chega a construir um cidad\u00e3o cr\u00edtico e consciente da sua capacidade de transformar a sociedade&#8221;, explica a secret\u00e1ria.<\/p>\n<p style=\"text-align: justify;\"><em><strong>Da Ag\u00eancia Aracaju de Not\u00edcias<\/strong><\/em><\/p>\n<p style=\"text-align: justify;\">\n","protected":false},"excerpt":{"rendered":"<p>O prefeito Jo\u00e3o Alves Filho prestigiou na manh\u00e3 de hoje, 1\u00ba, o Desfile C\u00edvico Municipal na rua Bahia, bairro Siqueira Campos, abrindo as atividades na semana em que se comemora a semana da p\u00e1tria. Com o tema &#8220;Louvando a Vida, Construindo a Paz&#8221;, 21 escolas do munic\u00edpio e quatro particulares desfilaram este ano, destacando assuntos [&hellip;]<\/p>\n","protected":false},"author":1,"featured_media":52208,"comment_status":"closed","ping_status":"closed","sticky":false,"template":"","format":"standard","meta":{"footnotes":""},"categories":[6],"tags":[],"class_list":{"0":"post-52205","1":"post","2":"type-post","3":"status-publish","4":"format-standard","5":"has-post-thumbnail","7":"category-politica"},"_links":{"self":[{"href":"https:\/\/senoticias.com.br\/se\/wp-json\/wp\/v2\/posts\/52205"}],"collection":[{"href":"https:\/\/senoticias.com.br\/se\/wp-json\/wp\/v2\/posts"}],"about":[{"href":"https:\/\/senoticias.com.br\/se\/wp-json\/wp\/v2\/types\/post"}],"author":[{"embeddable":true,"href":"https:\/\/senoticias.com.br\/se\/wp-json\/wp\/v2\/users\/1"}],"replies":[{"embeddable":true,"href":"https:\/\/senoticias.com.br\/se\/wp-json\/wp\/v2\/comments?post=52205"}],"version-history":[{"count":0,"href":"https:\/\/senoticias.com.br\/se\/wp-json\/wp\/v2\/posts\/52205\/revisions"}],"wp:featuredmedia":[{"embeddable":true,"href":"https:\/\/senoticias.com.br\/se\/wp-json\/wp\/v2\/media\/52208"}],"wp:attachment":[{"href":"https:\/\/senoticias.com.br\/se\/wp-json\/wp\/v2\/media?parent=52205"}],"wp:term":[{"taxonomy":"category","embeddable":true,"href":"https:\/\/senoticias.com.br\/se\/wp-json\/wp\/v2\/categories?post=52205"},{"taxonomy":"post_tag","embeddable":true,"href":"https:\/\/senoticias.com.br\/se\/wp-json\/wp\/v2\/tags?post=52205"}],"curies":[{"name":"wp","href":"https:\/\/api.w.org\/{rel}","templated":true}]}}