{"id":52187,"date":"2013-08-31T15:59:31","date_gmt":"2013-08-31T18:59:31","guid":{"rendered":"http:\/\/senoticias.com.br\/se\/?p=52187"},"modified":"2013-09-02T07:35:10","modified_gmt":"2013-09-02T10:35:10","slug":"com-pinta-de-veterana-duda-estreia-no-circuito-com-apenas-15-anos","status":"publish","type":"post","link":"https:\/\/senoticias.com.br\/se\/com-pinta-de-veterana-duda-estreia-no-circuito-com-apenas-15-anos\/","title":{"rendered":"Com pinta de veterana, Duda estreia no Circuito com apenas 15 anos"},"content":{"rendered":"<p><span style=\"color: #333333;\"><em><strong>Por T\u00falio Moreira, do Sport TV,\u00a0em Recife<\/strong><\/em><\/span><\/p>\n<p style=\"text-align: justify;\">Com 15 anos rec\u00e9m-completados, a jovem Eduarda, a Duda, se tornou uma atra\u00e7\u00e3o \u00e0 parte na primeira etapa da temporada 2013\/2014 do Circuito Brasileiro de V\u00f4lei de Praia. A timidez comum da idade desapareceu completamente quando a garota entrou em quadra, na sexta-feira, ao lado da parceira Tha\u00eds. Com desenvoltura de veterana, a sergipana deu os primeiros passos nas competi\u00e7\u00f5es adultas, ap\u00f3s despontar no cen\u00e1rio internacional com o t\u00edtulo do Mundial sub-19, conquistado em julho. A estreia na principal competi\u00e7\u00e3o do v\u00f4lei de praia brasileiro foi poss\u00edvel gra\u00e7as a um convite da Confedera\u00e7\u00e3o Brasileira de V\u00f4lei (CBV).<\/p>\n<div id=\"attachment_52188\" style=\"width: 606px\" class=\"wp-caption aligncenter\"><a href=\"http:\/\/senoticias.com.br\/se\/wp-content\/uploads\/2013\/08\/4_-_duda_e_a_mae_cida_santos_1.jpg\"><img loading=\"lazy\" decoding=\"async\" aria-describedby=\"caption-attachment-52188\" class=\"size-full wp-image-52188\" alt=\" Duda ao lado da m\u00e3e Cida Santos: DNA de jogadora (Foto: T\u00falio Moreira)\" src=\"http:\/\/senoticias.com.br\/se\/wp-content\/uploads\/2013\/08\/4_-_duda_e_a_mae_cida_santos_1.jpg\" width=\"596\" height=\"452\" srcset=\"https:\/\/senoticias.com.br\/se\/wp-content\/uploads\/2013\/08\/4_-_duda_e_a_mae_cida_santos_1.jpg 596w, https:\/\/senoticias.com.br\/se\/wp-content\/uploads\/2013\/08\/4_-_duda_e_a_mae_cida_santos_1-300x227.jpg 300w, https:\/\/senoticias.com.br\/se\/wp-content\/uploads\/2013\/08\/4_-_duda_e_a_mae_cida_santos_1-342x259.jpg 342w, https:\/\/senoticias.com.br\/se\/wp-content\/uploads\/2013\/08\/4_-_duda_e_a_mae_cida_santos_1-60x45.jpg 60w, https:\/\/senoticias.com.br\/se\/wp-content\/uploads\/2013\/08\/4_-_duda_e_a_mae_cida_santos_1-150x113.jpg 150w\" sizes=\"(max-width: 596px) 100vw, 596px\" \/><\/a><p id=\"caption-attachment-52188\" class=\"wp-caption-text\"><br \/>Duda ao lado da m\u00e3e Cida Santos: DNA de jogadora (Foto: T\u00falio Moreira)<\/p><\/div>\n<p style=\"text-align: justify;\">&#8211; Disputar o Brasileiro foi uma oportunidade enorme. A expectativa era alta, porque todas as jogadoras s\u00e3o muito boas, e eu ainda estou aprendendo. Cada vez mais, eu me esfor\u00e7o para aprender o m\u00e1ximo poss\u00edvel. Tento administrar a ansiedade, porque eu sou sempre muito calma. Elas s\u00e3o boas e t\u00eam mais experi\u00eancia, mas a gente tem que entrar firme, esquecer quem est\u00e1 na quadra advers\u00e1ria e mostrar o nosso jogo &#8211; disse a jovem.<\/p>\n<p style=\"text-align: justify;\">Filha da ex-jogadora<strong> Cida Santos<\/strong>, que mant\u00e9m um centro de desenvolvimento do esporte em sua cidade natal, <strong>S\u00e3o Crist\u00f3v\u00e3o (SE)<\/strong>, Duda come\u00e7ou a treinar por incentivo da m\u00e3e, que logo percebeu a voca\u00e7\u00e3o da menina para o v\u00f4lei de praia. Aos oito anos de idade, ela j\u00e1 dominava os principais fundamentos da modalidade, e despontou entre os mais de 50 jovens atletas atendidos pelo projeto comandado por Cida. A consagra\u00e7\u00e3o veio ao lado da conterr\u00e2nea Tain\u00e1, com quem faturou o t\u00edtulo mundial em Portugal, com sete vit\u00f3rias em sete jogos, sem nenhum set perdido.<\/p>\n<p style=\"text-align: justify;\">Ciente de que precisar\u00e1 abrir m\u00e3o de muitas coisas t\u00edpicas da adolesc\u00eancia para seguir no v\u00f4lei de praia, a menina n\u00e3o esconde a vontade de continuar trilhando um caminho vencedor no esporte. Agora, a principal preocupa\u00e7\u00e3o \u00e9 conciliar a carreira com os estudos. Disputando o Circuito Brasileiro sub-21 e treinando no CT de Saquarema, al\u00e9m de marcar presen\u00e7a em diversas competi\u00e7\u00f5es internacionais, a garota viaja constantemente. Gra\u00e7as ao apoio de seu col\u00e9gio, Duda consegue compensar a frequ\u00eancia irregular na sala de aula com os estudos em casa. A ex-jogadora Cida Santos frisou o compromisso da filha em conciliar v\u00f4lei e escola.<\/p>\n<div id=\"attachment_52189\" style=\"width: 310px\" class=\"wp-caption alignleft\"><a href=\"http:\/\/senoticias.com.br\/se\/wp-content\/uploads\/2013\/08\/1_-_duda.jpg\"><img loading=\"lazy\" decoding=\"async\" aria-describedby=\"caption-attachment-52189\" class=\"size-full wp-image-52189\" alt=\"Duda tornou-se uma atra\u00e7\u00e3o \u00e0 parte na etapa de Recife do Circuito Brasileiro (Foto: T\u00falio Moreira)\" src=\"http:\/\/senoticias.com.br\/se\/wp-content\/uploads\/2013\/08\/1_-_duda.jpg\" width=\"300\" height=\"397\" srcset=\"https:\/\/senoticias.com.br\/se\/wp-content\/uploads\/2013\/08\/1_-_duda.jpg 300w, https:\/\/senoticias.com.br\/se\/wp-content\/uploads\/2013\/08\/1_-_duda-226x300.jpg 226w\" sizes=\"(max-width: 300px) 100vw, 300px\" \/><\/a><p id=\"caption-attachment-52189\" class=\"wp-caption-text\">Duda tornou-se uma atra\u00e7\u00e3o \u00e0 parte na etapa de<br \/>Recife do Circuito Brasileiro (Foto: T\u00falio Moreira)<\/p><\/div>\n<p style=\"text-align: justify;\">&#8211; \u00c9 um pouco complicado. Foi maravilhoso ter uma filha campe\u00e3 mundial, \u00e9 uma coisa perfeita. Mas o que eu mais quero \u00e9 que ela continue estudando. O primeiro semestre foi complicado, porque ela foi para quatro competi\u00e7\u00f5es mundiais, e n\u00e3o frequentou direito a escola nesse per\u00edodo. Mas estamos tentando adaptar tudo isso. Sem muita press\u00e3o, sem impor que ela jogue demais. Ela tamb\u00e9m tem que passar pelas coisas da adolesc\u00eancia. Mas a Duda \u00e9 determinada, acho que ela est\u00e1 conseguindo lidar bem com isso. Ela sabe administrar tudo, cumprir os hor\u00e1rios, \u00e9 muito compromissada &#8211; elogiou a m\u00e3e e treinadora.<\/p>\n<p style=\"text-align: justify;\">O convite para disputar a etapa de Pernambuco do Circuito Brasileiro foi bem aproveitado por Duda. Ao lado da carioca Tha\u00eds, Duda estreou contra a dupla formada por \u00c9rica Freitas e Neide, e precisou explorar todas as suas habilidades em quadra para chegar \u00e0 vit\u00f3ria. Ap\u00f3s fecharem o primeiro set com facilidade, por 21\/11, as jogadoras perderam a parcial seguinte por 23\/21, e decidiram o duelo no tie-break, vencido por 20\/18. Na segunda partida, veio a pedreira. Duda e sua parceira encararam nada menos que as atuais campe\u00e3s B\u00e1rbara Seixas e \u00c1gatha, e acabaram sofrendo uma derrota por 2 sets a 0 (21\/19 e 21\/16). O desempenho da \u201ccaloura\u201d rendeu elogios por parte da veterana \u00c1gatha, de 30 anos.<\/p>\n<p style=\"text-align: justify;\">&#8211; Eu acho muito legal ver a nova gera\u00e7\u00e3o, porque infelizmente estamos com poucas meninas novas no v\u00f4lei de praia. E ent\u00e3o a gente v\u00ea a Duda come\u00e7ando agora, jogando muito bem nas categorias de base, e fica muito orgulhosa. Ela \u00e9 filha de uma jogadora que todo mundo adora, ent\u00e3o eu fico muito feliz. Ela est\u00e1 de parab\u00e9ns, jogou super bem, vai crescer muito ainda, tem ra\u00e7a, n\u00e3o tem medo. \u00c9 \u00f3tima &#8211; derreteu-se a paranaense \u00c1gatha.<\/p>\n<p style=\"text-align: justify;\">A presen\u00e7a de Duda tamb\u00e9m chama a aten\u00e7\u00e3o dos jogadores que disputam o naipe masculino. Campe\u00e3o ol\u00edmpico em Atenas 2004 e detentor de oito t\u00edtulos do Circuito Brasileiro, Emanuel ressaltou a import\u00e2ncia de renovar o quadro de talentos do esporte brasileiro, e destacou o trabalho t\u00e9cnico realizado por Cida Santos com jovens atletas, incluindo a filha Duda.<\/p>\n<p style=\"text-align: justify;\">&#8211; Eu tenho visto a Duda treinando em Saquarema, e d\u00e1 para perceber que o trabalho de base que est\u00e1 sendo feito com ela \u00e9 muito bom. Ela est\u00e1 muito segura para jogar entre as atletas profissionais. Com 15 anos, n\u00e3o \u00e9 comum ter essa maturidade toda. Ent\u00e3o, eu acho que a m\u00e3e dela tem um papel fundamental nisso tudo. A Cida faz a diferen\u00e7a, por ter sido uma jogadora muito habilidosa, e tamb\u00e9m por apontar o melhor caminho para a Duda &#8211; disse Emanuel, que disputa o Circuito Brasileiro ao lado de Alison.<\/p>\n<p style=\"text-align: justify;\">Enquanto aguarda novo convite para disputar outras etapas da competi\u00e7\u00e3o principal, Duda volta o foco para a reta final do Brasileiro Sub-21, em que j\u00e1 desponta como uma das favoritas ao t\u00edtulo. Ao lado de Tain\u00e1, a jovem j\u00e1 venceu as etapas de Cabo Frio (RJ) e Bras\u00edlia. A competi\u00e7\u00e3o segue agora para Campinas (SP), de 6 a 8 de setembro, e termina em Curitiba (PR), entre os dias 18 e 20 de outubro.<br \/>\nO SporTV3 transmite ao vivo as semifinais da etapa do Circuito Brasileiro de V\u00f4lei de Praia no Recife, no s\u00e1bado, a partir das 18h (de Bras\u00edlia), e tamb\u00e9m acompanha os jogos decisivos do domingo, a partir das 9h30m.<\/p>\n<p style=\"text-align: justify;\"><a href=\"http:\/\/sportv.globo.com\/site\/eventos\/circuito-brasileiro-de-volei-de-praia\/noticia\/2013\/08\/com-pinta-de-veterana-duda-estreia-no-circuito-com-apenas-15-anos.html\" target=\"_blank\"><strong>Clique aqui e leia a mat\u00e9ria completa<\/strong><\/a><\/p>\n","protected":false},"excerpt":{"rendered":"<p>Por T\u00falio Moreira, do Sport TV,\u00a0em Recife Com 15 anos rec\u00e9m-completados, a jovem Eduarda, a Duda, se tornou uma atra\u00e7\u00e3o \u00e0 parte na primeira etapa da temporada 2013\/2014 do Circuito Brasileiro de V\u00f4lei de Praia. A timidez comum da idade desapareceu completamente quando a garota entrou em quadra, na sexta-feira, ao lado da parceira Tha\u00eds. [&hellip;]<\/p>\n","protected":false},"author":1,"featured_media":52188,"comment_status":"closed","ping_status":"closed","sticky":false,"template":"","format":"standard","meta":{"footnotes":""},"categories":[15,39,8],"tags":[],"class_list":{"0":"post-52187","1":"post","2":"type-post","3":"status-publish","4":"format-standard","5":"has-post-thumbnail","7":"category-destaques","8":"category-esporte","9":"category-esporte-e-cultura"},"_links":{"self":[{"href":"https:\/\/senoticias.com.br\/se\/wp-json\/wp\/v2\/posts\/52187"}],"collection":[{"href":"https:\/\/senoticias.com.br\/se\/wp-json\/wp\/v2\/posts"}],"about":[{"href":"https:\/\/senoticias.com.br\/se\/wp-json\/wp\/v2\/types\/post"}],"author":[{"embeddable":true,"href":"https:\/\/senoticias.com.br\/se\/wp-json\/wp\/v2\/users\/1"}],"replies":[{"embeddable":true,"href":"https:\/\/senoticias.com.br\/se\/wp-json\/wp\/v2\/comments?post=52187"}],"version-history":[{"count":0,"href":"https:\/\/senoticias.com.br\/se\/wp-json\/wp\/v2\/posts\/52187\/revisions"}],"wp:featuredmedia":[{"embeddable":true,"href":"https:\/\/senoticias.com.br\/se\/wp-json\/wp\/v2\/media\/52188"}],"wp:attachment":[{"href":"https:\/\/senoticias.com.br\/se\/wp-json\/wp\/v2\/media?parent=52187"}],"wp:term":[{"taxonomy":"category","embeddable":true,"href":"https:\/\/senoticias.com.br\/se\/wp-json\/wp\/v2\/categories?post=52187"},{"taxonomy":"post_tag","embeddable":true,"href":"https:\/\/senoticias.com.br\/se\/wp-json\/wp\/v2\/tags?post=52187"}],"curies":[{"name":"wp","href":"https:\/\/api.w.org\/{rel}","templated":true}]}}