{"id":52178,"date":"2013-08-31T14:16:43","date_gmt":"2013-08-31T17:16:43","guid":{"rendered":"http:\/\/senoticias.com.br\/se\/?p=52178"},"modified":"2013-09-02T06:31:27","modified_gmt":"2013-09-02T09:31:27","slug":"juiz-determina-interdicao-do-presidio-de-areia-branca","status":"publish","type":"post","link":"https:\/\/senoticias.com.br\/se\/juiz-determina-interdicao-do-presidio-de-areia-branca\/","title":{"rendered":"Juiz determina interdi\u00e7\u00e3o do pres\u00eddio de Areia Branca"},"content":{"rendered":"<p style=\"text-align: justify;\"><span style=\"color: #333333;\"><strong>Reda\u00e7\u00e3o Portal Itnet<\/strong><\/span><\/p>\n<div id=\"attachment_52183\" style=\"width: 235px\" class=\"wp-caption alignright\"><a href=\"http:\/\/senoticias.com.br\/se\/wp-content\/uploads\/2013\/08\/materia-presidio_200613.jpg\"><img loading=\"lazy\" decoding=\"async\" aria-describedby=\"caption-attachment-52183\" class=\"size-full wp-image-52183\" alt=\"Juiz determina interdi\u00e7\u00e3o do pres\u00eddio de Areia Branca. (Divulga\u00e7\u00e3o\/Itnet)\" src=\"http:\/\/senoticias.com.br\/se\/wp-content\/uploads\/2013\/08\/materia-presidio_200613.jpg\" width=\"225\" height=\"169\" srcset=\"https:\/\/senoticias.com.br\/se\/wp-content\/uploads\/2013\/08\/materia-presidio_200613.jpg 225w, https:\/\/senoticias.com.br\/se\/wp-content\/uploads\/2013\/08\/materia-presidio_200613-60x45.jpg 60w, https:\/\/senoticias.com.br\/se\/wp-content\/uploads\/2013\/08\/materia-presidio_200613-150x113.jpg 150w\" sizes=\"(max-width: 225px) 100vw, 225px\" \/><\/a><p id=\"caption-attachment-52183\" class=\"wp-caption-text\">Juiz determina interdi\u00e7\u00e3o do pres\u00eddio de Areia Branca. (Divulga\u00e7\u00e3o\/Itnet)<\/p><\/div>\n<p style=\"text-align: justify;\">O juiz H\u00e9lio Figueiredo Mesquita Neto, da 7\u00aa Vara Criminal, determinou a interdi\u00e7\u00e3o parcial do Centro Estadual de Reintegra\u00e7\u00e3o de Social de Areia Branca II, bem como vetou o acolhimento de novos internos na unidade. A decis\u00e3o foi apresentada nesta \u00faltima sexta-feira, 30, em raz\u00e3o das irregularidades estruturais do pres\u00eddio. Entre os principais problemas, o juiz destaca a superlota\u00e7\u00e3o e a defici\u00eancia de condi\u00e7\u00f5es sanit\u00e1rias.<\/p>\n<p style=\"text-align: justify;\">O magistrado destaca que durante a \u00faltima inspe\u00e7\u00e3o ao pres\u00eddio, foram contablizados 475 internos, sendo que a capacidade da unidade \u00e9 de 220. Entre os internos, apenas 29 trabalham e 12 estudam. A solicita\u00e7\u00e3o de reforma do Centro, segundo o juiz, vem ocorrendo desde 2010, sem que nenhuma provid\u00eancia tenha sido tomada pelo Estado. H\u00e9lio Mesquita Neto salienta tamb\u00e9m que o Centro Estadual de Reintegra\u00e7\u00e3o de Social de Areia Branca I se encontra na mesma situa\u00e7\u00e3o, com capacidade para 44 pessoas e abrigando 194.<\/p>\n<p style=\"text-align: justify;\">&#8220;Est\u00e1 claro, para mim, que o Estado abandonou o estabelecimento penal e n\u00e3o adotar\u00e1 mesmo nenhuma medida para o seu regular funcionamento. Tenho, assim, que a superlota\u00e7\u00e3o da unidade, aliada \u00e0 sua extrema precariedade estrutural e ao fato de que inexiste outro estabelecimento para a transfer\u00eancia dos excedentes, justificam o impedimento do ingresso de novos detentos&#8221;, aponta um trecho da decis\u00e3o. No documento foi solicitada \u00e0 dire\u00e7\u00e3o do pres\u00eddio a rela\u00e7\u00e3o completa de internos em um prazo de 5 dias. Uma c\u00f3pia do processo foi encaminhada ao Departamento do Sistema Penitenci\u00e1rio do Estado de Sergipe (Desipe).<\/p>\n<p style=\"text-align: justify;\"><strong>Hist\u00f3rico<\/strong><\/p>\n<p style=\"text-align: justify;\">A primeira decis\u00e3o liminar solicitando a interdi\u00e7\u00e3o do Centro foi cassada pelo Tribunal de Justi\u00e7a de Sergipe (TJSE) sob mandado de seguran\u00e7a, com a alega\u00e7\u00e3o de que o Minist\u00e9rio P\u00fablico do Estado (MPE) e a Corregedoria Geral de Justi\u00e7a deveriam ser comunicados. O MPE pediu o arquivamento do procedimento, que foi indeferido diante da persist\u00eancia dos problemas no pres\u00eddio.<\/p>\n<p style=\"text-align: justify;\">Em audi\u00eancia solicitada pelo MPE para ajustamento de conduta, o Estado de Sergipe requereu a n\u00e3o-interdi\u00e7\u00e3o, apesar de admitir a precariedade na estrutura da unidade. O Estado solicitou um prazo de 20 dias para a juntada de documentos, que foi concedido pelo MPE e barrado pela Defensoria P\u00fablica do Estado em virtude do requerimento de interdi\u00e7\u00e3o imediata.<\/p>\n<p style=\"text-align: justify;\"><strong>Sejuc<\/strong><\/p>\n<p style=\"text-align: justify;\">Procurada pelo Portal Infonet, a assessoria de comunica\u00e7\u00e3o da Secretaria de Estado da Justi\u00e7a e de Defesa ao Consumidor (Sejuc) afirmou que a entidade n\u00e3o foi notificada sobre a decis\u00e3o. A assessoria comprometeu-se a apurar a informa\u00e7\u00e3o, mas, em virtude do hor\u00e1rio, o contato n\u00e3o p\u00f4de ser restabelecido.<\/p>\n<p style=\"text-align: justify;\"><strong>Desipe<\/strong><\/p>\n<p style=\"text-align: justify;\">Manoel L\u00facio Neto, diretor do Desipe, afirmou \u00e0 reportagem que preferia n\u00e3o se pronunciar sobre o assunto, pelo fato de n\u00e3o ter conhecimento formal sobre a determina\u00e7\u00e3o do juiz H\u00e9lio Mesquita.<\/p>\n","protected":false},"excerpt":{"rendered":"<p>Reda\u00e7\u00e3o Portal Itnet O juiz H\u00e9lio Figueiredo Mesquita Neto, da 7\u00aa Vara Criminal, determinou a interdi\u00e7\u00e3o parcial do Centro Estadual de Reintegra\u00e7\u00e3o de Social de Areia Branca II, bem como vetou o acolhimento de novos internos na unidade. A decis\u00e3o foi apresentada nesta \u00faltima sexta-feira, 30, em raz\u00e3o das irregularidades estruturais do pres\u00eddio. Entre os [&hellip;]<\/p>\n","protected":false},"author":1,"featured_media":52183,"comment_status":"closed","ping_status":"closed","sticky":false,"template":"","format":"standard","meta":{"footnotes":""},"categories":[310,7,1],"tags":[],"class_list":{"0":"post-52178","1":"post","2":"type-post","3":"status-publish","4":"format-standard","5":"has-post-thumbnail","7":"category-destaques-da-semana","8":"category-policia","9":"category-sem-categoria"},"_links":{"self":[{"href":"https:\/\/senoticias.com.br\/se\/wp-json\/wp\/v2\/posts\/52178"}],"collection":[{"href":"https:\/\/senoticias.com.br\/se\/wp-json\/wp\/v2\/posts"}],"about":[{"href":"https:\/\/senoticias.com.br\/se\/wp-json\/wp\/v2\/types\/post"}],"author":[{"embeddable":true,"href":"https:\/\/senoticias.com.br\/se\/wp-json\/wp\/v2\/users\/1"}],"replies":[{"embeddable":true,"href":"https:\/\/senoticias.com.br\/se\/wp-json\/wp\/v2\/comments?post=52178"}],"version-history":[{"count":0,"href":"https:\/\/senoticias.com.br\/se\/wp-json\/wp\/v2\/posts\/52178\/revisions"}],"wp:featuredmedia":[{"embeddable":true,"href":"https:\/\/senoticias.com.br\/se\/wp-json\/wp\/v2\/media\/52183"}],"wp:attachment":[{"href":"https:\/\/senoticias.com.br\/se\/wp-json\/wp\/v2\/media?parent=52178"}],"wp:term":[{"taxonomy":"category","embeddable":true,"href":"https:\/\/senoticias.com.br\/se\/wp-json\/wp\/v2\/categories?post=52178"},{"taxonomy":"post_tag","embeddable":true,"href":"https:\/\/senoticias.com.br\/se\/wp-json\/wp\/v2\/tags?post=52178"}],"curies":[{"name":"wp","href":"https:\/\/api.w.org\/{rel}","templated":true}]}}