{"id":52175,"date":"2013-08-31T12:22:18","date_gmt":"2013-08-31T15:22:18","guid":{"rendered":"http:\/\/senoticias.com.br\/se\/?p=52175"},"modified":"2013-08-31T14:12:52","modified_gmt":"2013-08-31T17:12:52","slug":"ex-deputado-helio-dantas-e-atingido-por-cancer-e-morre","status":"publish","type":"post","link":"https:\/\/senoticias.com.br\/se\/ex-deputado-helio-dantas-e-atingido-por-cancer-e-morre\/","title":{"rendered":"Ex-deputado H\u00e9lio Dantas \u00e9 atingido por c\u00e2ncer e morre"},"content":{"rendered":"<p>&nbsp;<\/p>\n<p style=\"text-align: justify;\"><em><span style=\"color: #888888;\"><strong>Por Eug\u00eanio Nascimento, Blog Primeira M\u00e3o<\/strong><\/span><\/em><\/p>\n<div id=\"attachment_52182\" style=\"width: 124px\" class=\"wp-caption alignright\"><a href=\"http:\/\/senoticias.com.br\/se\/wp-content\/uploads\/2013\/08\/H\u00e9lio-Dantas1.jpg\"><img loading=\"lazy\" decoding=\"async\" aria-describedby=\"caption-attachment-52182\" class=\"size-full wp-image-52182\" alt=\"H\u00e9lio Dantas, foi deputado federal, por Sergipe de 1983-1987.\" src=\"http:\/\/senoticias.com.br\/se\/wp-content\/uploads\/2013\/08\/H\u00e9lio-Dantas1.jpg\" width=\"114\" height=\"152\" \/><\/a><p id=\"caption-attachment-52182\" class=\"wp-caption-text\">H\u00e9lio Dantas, foi deputado federal, por Sergipe de 1983-1987.<\/p><\/div>\n<p style=\"text-align: justify;\">Morreu ontem, \u00e0s 18h30, no Rio de Janeiro, o empres\u00e1rio e ex-deputado estadual e federal H\u00e9lio Dantas. Ele foi submetido recentemente a uma cirurgia para tirar um caro\u00e7o na cabe\u00e7a e logo depois foi descoberto um c\u00e2ncer em estado bastante avan\u00e7ado no pulm\u00e3o. Ficou internado por um m\u00eas no Hospital Copa D\u2019or. O corpo deve chegar a Aracaju hoje, quando tamb\u00e9m a fam\u00edlia definir\u00e1 o local do sepultamento.<\/p>\n<p style=\"text-align: justify;\">H\u00e9lio era filho do empres\u00e1rio e jornalista Orlando Vieira Dantas e de Dulce Meneses Dantas. Foi aluno do curso de forma\u00e7\u00e3o de oficiais no Centro de Prepara\u00e7\u00e3o de Oficiais da Reserva (CPOR) do Ex\u00e9rcito no Rio de Janeiro. Em Sergipe atuou como empres\u00e1rio dirigindo usinas de beneficiamento de a\u00e7\u00facar e \u00e1lcool e a Companhia Agr\u00edcola de Sergipe (Comase), al\u00e9m de integrar o conselho diretor da Companhia de Saneamento do Estado de Sergipe (Deso). Foi tamb\u00e9m diretor da Gazeta de Sergipe, empresa de propriedade de seu pai.<\/p>\n<p style=\"text-align: justify;\">O empres\u00e1rio falecido ontem foi eleito deputado estadual pela a ARENA em 1974 e 1978, chegou a presidir a Assembleia Legislativa. Findo o bipartidarismo migrou para o PDS e foi eleito deputado federal em 1982.<\/p>\n","protected":false},"excerpt":{"rendered":"<p>&nbsp; Por Eug\u00eanio Nascimento, Blog Primeira M\u00e3o Morreu ontem, \u00e0s 18h30, no Rio de Janeiro, o empres\u00e1rio e ex-deputado estadual e federal H\u00e9lio Dantas. Ele foi submetido recentemente a uma cirurgia para tirar um caro\u00e7o na cabe\u00e7a e logo depois foi descoberto um c\u00e2ncer em estado bastante avan\u00e7ado no pulm\u00e3o. Ficou internado por um m\u00eas [&hellip;]<\/p>\n","protected":false},"author":1,"featured_media":52182,"comment_status":"closed","ping_status":"closed","sticky":false,"template":"","format":"standard","meta":{"footnotes":""},"categories":[6,1],"tags":[],"class_list":{"0":"post-52175","1":"post","2":"type-post","3":"status-publish","4":"format-standard","5":"has-post-thumbnail","7":"category-politica","8":"category-sem-categoria"},"_links":{"self":[{"href":"https:\/\/senoticias.com.br\/se\/wp-json\/wp\/v2\/posts\/52175"}],"collection":[{"href":"https:\/\/senoticias.com.br\/se\/wp-json\/wp\/v2\/posts"}],"about":[{"href":"https:\/\/senoticias.com.br\/se\/wp-json\/wp\/v2\/types\/post"}],"author":[{"embeddable":true,"href":"https:\/\/senoticias.com.br\/se\/wp-json\/wp\/v2\/users\/1"}],"replies":[{"embeddable":true,"href":"https:\/\/senoticias.com.br\/se\/wp-json\/wp\/v2\/comments?post=52175"}],"version-history":[{"count":0,"href":"https:\/\/senoticias.com.br\/se\/wp-json\/wp\/v2\/posts\/52175\/revisions"}],"wp:featuredmedia":[{"embeddable":true,"href":"https:\/\/senoticias.com.br\/se\/wp-json\/wp\/v2\/media\/52182"}],"wp:attachment":[{"href":"https:\/\/senoticias.com.br\/se\/wp-json\/wp\/v2\/media?parent=52175"}],"wp:term":[{"taxonomy":"category","embeddable":true,"href":"https:\/\/senoticias.com.br\/se\/wp-json\/wp\/v2\/categories?post=52175"},{"taxonomy":"post_tag","embeddable":true,"href":"https:\/\/senoticias.com.br\/se\/wp-json\/wp\/v2\/tags?post=52175"}],"curies":[{"name":"wp","href":"https:\/\/api.w.org\/{rel}","templated":true}]}}