{"id":52169,"date":"2013-08-31T06:59:57","date_gmt":"2013-08-31T09:59:57","guid":{"rendered":"http:\/\/senoticias.com.br\/se\/?p=52169"},"modified":"2013-08-31T06:59:57","modified_gmt":"2013-08-31T09:59:57","slug":"vereadores-de-nossa-senhora-do-socorro-blindam-plenario-da-camara","status":"publish","type":"post","link":"https:\/\/senoticias.com.br\/se\/vereadores-de-nossa-senhora-do-socorro-blindam-plenario-da-camara\/","title":{"rendered":"Vereadores de Nossa Senhora do Socorro blindam plen\u00e1rio da C\u00e2mara"},"content":{"rendered":"<p>&nbsp;<\/p>\n<p><a href=\"http:\/\/g1.globo.com\/bom-dia-brasil\/noticia\/2013\/08\/vereadores-em-cidade-de-sergipe-blindam-plenario-da-camara.html\" target=\"_blank\"><strong>por Carla Suzanne, Bom dia Brasil<\/strong><\/a><\/p>\n<div id=\"attachment_52170\" style=\"width: 310px\" class=\"wp-caption alignright\"><a href=\"http:\/\/senoticias.com.br\/se\/wp-content\/uploads\/2013\/08\/20130831_065318.jpg\"><img loading=\"lazy\" decoding=\"async\" aria-describedby=\"caption-attachment-52170\" class=\"size-medium wp-image-52170\" alt=\"Maria da Concei\u00e7\u00e3o dos Anjos, presidente da C\u00e2mara.(Reprodu\u00e7\u00e3o TV Sergipe)\" src=\"http:\/\/senoticias.com.br\/se\/wp-content\/uploads\/2013\/08\/20130831_065318-300x188.jpg\" width=\"300\" height=\"188\" srcset=\"https:\/\/senoticias.com.br\/se\/wp-content\/uploads\/2013\/08\/20130831_065318-300x188.jpg 300w, https:\/\/senoticias.com.br\/se\/wp-content\/uploads\/2013\/08\/20130831_065318-342x214.jpg 342w, https:\/\/senoticias.com.br\/se\/wp-content\/uploads\/2013\/08\/20130831_065318.jpg 460w\" sizes=\"(max-width: 300px) 100vw, 300px\" \/><\/a><p id=\"caption-attachment-52170\" class=\"wp-caption-text\">Maria da Concei\u00e7\u00e3o dos Anjos, presidente da C\u00e2mara.(Reprodu\u00e7\u00e3o TV Sergipe)<\/p><\/div>\n<p>Pol\u00eamica em Sergipe: a C\u00e2mara Municipal de Nossa Senhora do Socorro instalou um vidro no plen\u00e1rio para separar os vereadores do p\u00fablico.<\/p>\n<p style=\"text-align: justify;\">O pr\u00e9dio ganhou cara nova por fora e por dentro, mas uma mudan\u00e7a causou estranheza: uma parede de vidro separando o plen\u00e1rio da galeria. Ela foi colocada onde antes havia somente uma mureta. E n\u00e3o agradou aos moradores.<\/p>\n<p style=\"text-align: justify;\">&#8220;Eu n\u00e3o estou de acordo com o isolamento dos vereadores com aqueles que o elegeram\u201d, reclama o aposentado Wilton Bezerra.<br \/>\nA parede de vidro n\u00e3o s\u00f3 dividiu a galeria do plen\u00e1rio, como tamb\u00e9m os vereadores. A vereadora Edjane Farias tamb\u00e9m \u00e9 contra: \u201cEu n\u00e3o concordo, realmente afasta um pouco o povo\u201d.<\/p>\n<p style=\"text-align: justify;\">Mas o vereador Aldon Silva de Oliveira defende: \u201cDizer que a C\u00e2mara est\u00e1 blindando os vereadores para n\u00e3o ter contato com a popula\u00e7\u00e3o, isso n\u00e3o procede.\u201d<\/p>\n<p style=\"text-align: justify;\">A popula\u00e7\u00e3o sempre participou ativamente das sess\u00f5es, que acontecem duas vezes por semana. \u00c9 gente que vem concordar ou n\u00e3o com os projetos e vota\u00e7\u00f5es, mas desde que o vidro foi instalado, a galeria nunca mais foi a mesma.<\/p>\n<p style=\"text-align: justify;\">O barulho que vinha da galeria atrapalhava as sess\u00f5es: foi explica\u00e7\u00e3o da mesa diretora para a instala\u00e7\u00e3o do vidro que custou R$ 5 mil. Em dois anos, foram gastos at\u00e9 agora R$ 1 milh\u00e3o, incluindo a reforma e amplia\u00e7\u00e3o dos gabinetes.<\/p>\n<p style=\"text-align: justify;\">Isolados ou divididos, para a presid\u00eancia da C\u00e2mara o que vale mesmo \u00e9 o conforto. \u201cA nossa galeria tem o conforto que o povo do nosso munic\u00edpio merece, porque aqui tem a sonoriza\u00e7\u00e3o, tem ar condicionado, que funciona muito bem, temos cafezinho. Ent\u00e3o n\u00e3o tem por que. N\u00f3s n\u00e3o blindamos nada!\u201d, explica Maria da Concei\u00e7\u00e3o dos Anjos, presidente da C\u00e2mara.<\/p>\n<p style=\"text-align: justify;\">\n","protected":false},"excerpt":{"rendered":"<p>&nbsp; por Carla Suzanne, Bom dia Brasil Pol\u00eamica em Sergipe: a C\u00e2mara Municipal de Nossa Senhora do Socorro instalou um vidro no plen\u00e1rio para separar os vereadores do p\u00fablico. O pr\u00e9dio ganhou cara nova por fora e por dentro, mas uma mudan\u00e7a causou estranheza: uma parede de vidro separando o plen\u00e1rio da galeria. Ela foi [&hellip;]<\/p>\n","protected":false},"author":1,"featured_media":52170,"comment_status":"closed","ping_status":"closed","sticky":false,"template":"","format":"standard","meta":{"footnotes":""},"categories":[6],"tags":[],"class_list":{"0":"post-52169","1":"post","2":"type-post","3":"status-publish","4":"format-standard","5":"has-post-thumbnail","7":"category-politica"},"_links":{"self":[{"href":"https:\/\/senoticias.com.br\/se\/wp-json\/wp\/v2\/posts\/52169"}],"collection":[{"href":"https:\/\/senoticias.com.br\/se\/wp-json\/wp\/v2\/posts"}],"about":[{"href":"https:\/\/senoticias.com.br\/se\/wp-json\/wp\/v2\/types\/post"}],"author":[{"embeddable":true,"href":"https:\/\/senoticias.com.br\/se\/wp-json\/wp\/v2\/users\/1"}],"replies":[{"embeddable":true,"href":"https:\/\/senoticias.com.br\/se\/wp-json\/wp\/v2\/comments?post=52169"}],"version-history":[{"count":0,"href":"https:\/\/senoticias.com.br\/se\/wp-json\/wp\/v2\/posts\/52169\/revisions"}],"wp:featuredmedia":[{"embeddable":true,"href":"https:\/\/senoticias.com.br\/se\/wp-json\/wp\/v2\/media\/52170"}],"wp:attachment":[{"href":"https:\/\/senoticias.com.br\/se\/wp-json\/wp\/v2\/media?parent=52169"}],"wp:term":[{"taxonomy":"category","embeddable":true,"href":"https:\/\/senoticias.com.br\/se\/wp-json\/wp\/v2\/categories?post=52169"},{"taxonomy":"post_tag","embeddable":true,"href":"https:\/\/senoticias.com.br\/se\/wp-json\/wp\/v2\/tags?post=52169"}],"curies":[{"name":"wp","href":"https:\/\/api.w.org\/{rel}","templated":true}]}}