{"id":52161,"date":"2013-08-30T21:10:58","date_gmt":"2013-08-31T00:10:58","guid":{"rendered":"http:\/\/senoticias.com.br\/se\/?p=52161"},"modified":"2013-08-30T21:10:58","modified_gmt":"2013-08-31T00:10:58","slug":"policia-prende-ex-presidiario-com-1-kg-de-maconha-em-sao-cristovao","status":"publish","type":"post","link":"https:\/\/senoticias.com.br\/se\/policia-prende-ex-presidiario-com-1-kg-de-maconha-em-sao-cristovao\/","title":{"rendered":"Pol\u00edcia prende ex-presidi\u00e1rio com 1 kg de maconha em S\u00e3o Crist\u00f3v\u00e3o"},"content":{"rendered":"<p>&nbsp;<\/p>\n<div id=\"attachment_52162\" style=\"width: 230px\" class=\"wp-caption alignright\"><a href=\"http:\/\/senoticias.com.br\/se\/wp-content\/uploads\/2013\/08\/F\u00e1bio-Pereira.jpg\"><img loading=\"lazy\" decoding=\"async\" aria-describedby=\"caption-attachment-52162\" class=\"size-full wp-image-52162\" alt=\"Delegado F\u00e1bio Pereira\/Divulga\u00e7\u00e3o\/SSP\/SE)\" src=\"http:\/\/senoticias.com.br\/se\/wp-content\/uploads\/2013\/08\/F\u00e1bio-Pereira.jpg\" width=\"220\" height=\"146\" \/><\/a><p id=\"caption-attachment-52162\" class=\"wp-caption-text\">Delegado F\u00e1bio Pereira\/Divulga\u00e7\u00e3o\/SSP\/SE)<\/p><\/div>\n<p style=\"text-align: justify;\">Policiais civis do Departamento de Narc\u00f3ticos (Denarc) e da Superintend\u00eancia de Pol\u00edcia Civil (Supci) prenderam no final da tarde da \u00faltima quarta-feira, 28, Edinelson Santos Menezes, 50 anos, vulgo &#8220;Irm\u00e3o&#8221; sob acusa\u00e7\u00e3o de envolvimento com o tr\u00e1fico de drogas.<\/p>\n<p style=\"text-align: justify;\">A pris\u00e3o aconteceu em um acampamento do Sem Terra no Povoado Parque Santa Rita, em S\u00e3o Crist\u00f3v\u00e3o. Edinelson \u00e9 ex-presidi\u00e1rio e cumpriu pena por tr\u00e1fico de drogas e estava em liberdade condicional.<\/p>\n<p style=\"text-align: justify;\">&#8220;Atrav\u00e9s do Disque-Den\u00fancia 181 tivemos a informa\u00e7\u00e3o que ele continuava praticando o tr\u00e1fico de drogas. Fomos at\u00e9 o local e conseguimos prend\u00ea-lo em flagrante com drogas&#8221;, destacou o delegado F\u00e1bio Pereira.<\/p>\n<p style=\"text-align: justify;\">No local os policiais encontraram 1 kg de maconha que estava em cima de uma mesa na casa de Edinelson, al\u00e9m de uma balan\u00e7a de precis\u00e3o que estava com o criminoso, pois havia acabado de vender parte da droga e mais quatro aparelhos celulares.<\/p>\n<p style=\"text-align: justify;\"><strong>Da Assessoria de Comunica\u00e7\u00e3o da SSP\/SE<\/strong><\/p>\n","protected":false},"excerpt":{"rendered":"<p>&nbsp; Policiais civis do Departamento de Narc\u00f3ticos (Denarc) e da Superintend\u00eancia de Pol\u00edcia Civil (Supci) prenderam no final da tarde da \u00faltima quarta-feira, 28, Edinelson Santos Menezes, 50 anos, vulgo &#8220;Irm\u00e3o&#8221; sob acusa\u00e7\u00e3o de envolvimento com o tr\u00e1fico de drogas. A pris\u00e3o aconteceu em um acampamento do Sem Terra no Povoado Parque Santa Rita, em [&hellip;]<\/p>\n","protected":false},"author":1,"featured_media":52162,"comment_status":"closed","ping_status":"closed","sticky":false,"template":"","format":"standard","meta":{"footnotes":""},"categories":[7],"tags":[],"class_list":{"0":"post-52161","1":"post","2":"type-post","3":"status-publish","4":"format-standard","5":"has-post-thumbnail","7":"category-policia"},"_links":{"self":[{"href":"https:\/\/senoticias.com.br\/se\/wp-json\/wp\/v2\/posts\/52161"}],"collection":[{"href":"https:\/\/senoticias.com.br\/se\/wp-json\/wp\/v2\/posts"}],"about":[{"href":"https:\/\/senoticias.com.br\/se\/wp-json\/wp\/v2\/types\/post"}],"author":[{"embeddable":true,"href":"https:\/\/senoticias.com.br\/se\/wp-json\/wp\/v2\/users\/1"}],"replies":[{"embeddable":true,"href":"https:\/\/senoticias.com.br\/se\/wp-json\/wp\/v2\/comments?post=52161"}],"version-history":[{"count":0,"href":"https:\/\/senoticias.com.br\/se\/wp-json\/wp\/v2\/posts\/52161\/revisions"}],"wp:featuredmedia":[{"embeddable":true,"href":"https:\/\/senoticias.com.br\/se\/wp-json\/wp\/v2\/media\/52162"}],"wp:attachment":[{"href":"https:\/\/senoticias.com.br\/se\/wp-json\/wp\/v2\/media?parent=52161"}],"wp:term":[{"taxonomy":"category","embeddable":true,"href":"https:\/\/senoticias.com.br\/se\/wp-json\/wp\/v2\/categories?post=52161"},{"taxonomy":"post_tag","embeddable":true,"href":"https:\/\/senoticias.com.br\/se\/wp-json\/wp\/v2\/tags?post=52161"}],"curies":[{"name":"wp","href":"https:\/\/api.w.org\/{rel}","templated":true}]}}