{"id":52005,"date":"2013-08-27T07:34:35","date_gmt":"2013-08-27T10:34:35","guid":{"rendered":"http:\/\/senoticias.com.br\/se\/?p=52005"},"modified":"2013-08-27T07:34:35","modified_gmt":"2013-08-27T10:34:35","slug":"rogerio-carvalho-ganha-acao-movida-por-mendonca-prado","status":"publish","type":"post","link":"https:\/\/senoticias.com.br\/se\/rogerio-carvalho-ganha-acao-movida-por-mendonca-prado\/","title":{"rendered":"Rog\u00e9rio Carvalho ganha a\u00e7\u00e3o movida por Mendon\u00e7a Prado"},"content":{"rendered":"<div id=\"attachment_28513\" style=\"width: 310px\" class=\"wp-caption alignright\"><a href=\"http:\/\/senoticias.com.br\/se\/wp-content\/uploads\/2012\/03\/Rog\u00e9rio-Carvalho.jpg\"><img loading=\"lazy\" decoding=\"async\" aria-describedby=\"caption-attachment-28513\" class=\"size-medium wp-image-28513\" alt=\"Deputado federal Rog\u00e9rio Carvalho. (Reprodu\u00e7\u00e3o)\" src=\"http:\/\/senoticias.com.br\/se\/wp-content\/uploads\/2012\/03\/Rog\u00e9rio-Carvalho-300x179.jpg\" width=\"300\" height=\"179\" srcset=\"https:\/\/senoticias.com.br\/se\/wp-content\/uploads\/2012\/03\/Rog\u00e9rio-Carvalho-300x179.jpg 300w, https:\/\/senoticias.com.br\/se\/wp-content\/uploads\/2012\/03\/Rog\u00e9rio-Carvalho-342x205.jpg 342w, https:\/\/senoticias.com.br\/se\/wp-content\/uploads\/2012\/03\/Rog\u00e9rio-Carvalho.jpg 552w\" sizes=\"(max-width: 300px) 100vw, 300px\" \/><\/a><p id=\"caption-attachment-28513\" class=\"wp-caption-text\">Deputado federal Rog\u00e9rio Carvalho. (Reprodu\u00e7\u00e3o)<\/p><\/div>\n<p style=\"text-align: justify;\">O deputado federal Mendon\u00e7a Prado(DEM) perdeu a a\u00e7\u00e3o que moveu contra o tamb\u00e9m deputado federal Rog\u00e9rio Carvalho(PT). De acordo com o processo, Mendon\u00e7a Prado alega que o ex-governador Jo\u00e3o Alves Filho havia entregado o Hospital Pedi\u00e1trico Jos\u00e9 Machado de Souza e a maternidade Nossa Senhora de Lourdes em condi\u00e7\u00f5es de atendimento e que os mesmos foram \u201c fechados\u201d pelo ent\u00e3o secret\u00e1rio de sa\u00fade, Rog\u00e9rio Carvalho e pelo Governo de Sergipe. Coincidentemente, este fato foi divulgado no m\u00eas passado, atrav\u00e9s de nota emitida pela Secretaria de Comunica\u00e7\u00e3o Social da Prefeitura de Aracaju e devidamente desmentida por Rog\u00e9rio Carvalho na imprensa. \u201cAgora, a verdade foi reestabelecida tamb\u00e9m na justi\u00e7a\u201d, afirmou o parlamentar.<\/p>\n<p style=\"text-align: justify;\">De acordo com os autos do processo, em que constam os documentos comprobat\u00f3rios: \u201c o Hospital Pedi\u00e1trico Doutor Jos\u00e9 Machado de Souza foi inaugurado simbolicamente pelo ex \u2013 governador da \u00e9poca, mas de fato o pr\u00e9dio foi entregue sem mobili\u00e1rio t\u00e9cnico, sem equipamento, sem quadro de pessoal e sem cabeamento el\u00e9trico.<\/p>\n<p style=\"text-align: justify;\">A arquitetura do pr\u00e9dio foi considerada inadequada para crian\u00e7as, e por isso se fez necess\u00e1rio a interven\u00e7\u00e3o para adequa\u00e7\u00e3o a finalidade original. Considerando esta necessidade e, outras relacionadas a urg\u00eancia em geral, o referido pr\u00e9dio passou a servir para atendimento de traumas decorrentes de acidentes.<\/p>\n<p style=\"text-align: justify;\">Quanto a Maternidade Nossa Senhora de Lourdes, a unidade tamb\u00e9m foi simbolicamente inaugurada pelo governador que sa\u00eda, e que al\u00e9m de n\u00e3o possuir pessoal capacitado para operar equipamentos de alta tecnologia, a obra s\u00f3 teria sido entregue pela OMF \u2013 Organiza\u00e7\u00e3o Mundial da Fam\u00edlia em 28 de mar\u00e7o de 2007.<\/p>\n<p style=\"text-align: justify;\">Logo ap\u00f3s a entrega do pr\u00e9dio com o advento do per\u00edodo das chuvas a referida unidade hospitalar ficou alagada, nesta mesma ocasi\u00e3o a CEHOP constatou que a maternidade foi edificada em local onde havia anteriormente uma lagoa natural e, a sua constru\u00e7\u00e3o n\u00e3o foi realizada com a devida macrodrenagem. Paralelamente foram necess\u00e1rias obras ante o desabamento da lavanderia e das bancadas\u201d.<\/p>\n<p style=\"text-align: justify;\">Mendon\u00e7a Prado, al\u00e9m de ser desmentido judicialmente, foi condenado a pagar as custas do processo julgado pela magistrada Simone de Oliveira Fraga:<span style=\"color: #333333;\"> <strong><em>\u201cNo caso presente, o autor popular n\u00e3o demonstra ter havido preju\u00edzo \u00e0 coletividade com as medidas tomadas e, se havia qualquer possibilidade de terem sido tomadas de modo diferente e, neste caso, assiste raz\u00e3o ao Estado de Sergipe, uma vez que as decis\u00f5es estavam no limite da discricionariedade permitida ao administrador p\u00fablico. Posto isso, JULGO IMPROCEDENTE OS PEDIDO na presente A\u00e7\u00e3o Popular movida por JOS\u00c9 DE ARA\u00daJO MENDON\u00c7A SOBRINHO, contra ESTADO DE SERGIPE E ROG\u00c9RIO CARVALHO DOS SANTOS. Condeno a parte Autora nas custas processuais.\u201d<\/em><\/strong><\/span><\/p>\n<p style=\"text-align: justify;\">N\u00famero do Processo para consulta: 200910301345<\/p>\n<p style=\"text-align: justify;\"><em><strong>Da Assessoria de Imprensa<\/strong><\/em><\/p>\n","protected":false},"excerpt":{"rendered":"<p>O deputado federal Mendon\u00e7a Prado(DEM) perdeu a a\u00e7\u00e3o que moveu contra o tamb\u00e9m deputado federal Rog\u00e9rio Carvalho(PT). De acordo com o processo, Mendon\u00e7a Prado alega que o ex-governador Jo\u00e3o Alves Filho havia entregado o Hospital Pedi\u00e1trico Jos\u00e9 Machado de Souza e a maternidade Nossa Senhora de Lourdes em condi\u00e7\u00f5es de atendimento e que os mesmos [&hellip;]<\/p>\n","protected":false},"author":3,"featured_media":28513,"comment_status":"closed","ping_status":"closed","sticky":false,"template":"","format":"standard","meta":{"footnotes":""},"categories":[6],"tags":[],"class_list":{"0":"post-52005","1":"post","2":"type-post","3":"status-publish","4":"format-standard","5":"has-post-thumbnail","7":"category-politica"},"_links":{"self":[{"href":"https:\/\/senoticias.com.br\/se\/wp-json\/wp\/v2\/posts\/52005"}],"collection":[{"href":"https:\/\/senoticias.com.br\/se\/wp-json\/wp\/v2\/posts"}],"about":[{"href":"https:\/\/senoticias.com.br\/se\/wp-json\/wp\/v2\/types\/post"}],"author":[{"embeddable":true,"href":"https:\/\/senoticias.com.br\/se\/wp-json\/wp\/v2\/users\/3"}],"replies":[{"embeddable":true,"href":"https:\/\/senoticias.com.br\/se\/wp-json\/wp\/v2\/comments?post=52005"}],"version-history":[{"count":0,"href":"https:\/\/senoticias.com.br\/se\/wp-json\/wp\/v2\/posts\/52005\/revisions"}],"wp:featuredmedia":[{"embeddable":true,"href":"https:\/\/senoticias.com.br\/se\/wp-json\/wp\/v2\/media\/28513"}],"wp:attachment":[{"href":"https:\/\/senoticias.com.br\/se\/wp-json\/wp\/v2\/media?parent=52005"}],"wp:term":[{"taxonomy":"category","embeddable":true,"href":"https:\/\/senoticias.com.br\/se\/wp-json\/wp\/v2\/categories?post=52005"},{"taxonomy":"post_tag","embeddable":true,"href":"https:\/\/senoticias.com.br\/se\/wp-json\/wp\/v2\/tags?post=52005"}],"curies":[{"name":"wp","href":"https:\/\/api.w.org\/{rel}","templated":true}]}}