{"id":51995,"date":"2013-08-27T05:03:06","date_gmt":"2013-08-27T08:03:06","guid":{"rendered":"http:\/\/senoticias.com.br\/se\/?p=51995"},"modified":"2013-08-28T17:13:37","modified_gmt":"2013-08-28T20:13:37","slug":"impostometro-atinge-1-trilhao-de-reais-arrecadados-este-ano-e-bate-recorde","status":"publish","type":"post","link":"https:\/\/senoticias.com.br\/se\/impostometro-atinge-1-trilhao-de-reais-arrecadados-este-ano-e-bate-recorde\/","title":{"rendered":"Impost\u00f4metro atinge 1 trilh\u00e3o de reais arrecadados este ano e bate recorde"},"content":{"rendered":"<p>&nbsp;<\/p>\n<div id=\"attachment_51999\" style=\"width: 310px\" class=\"wp-caption alignright\"><a href=\"http:\/\/senoticias.com.br\/se\/wp-content\/uploads\/2013\/08\/impostometro2.jpg\"><img loading=\"lazy\" decoding=\"async\" aria-describedby=\"caption-attachment-51999\" class=\"size-medium wp-image-51999\" alt=\" Impost\u00f4metro atinge 1 trilh\u00e3o de reais arrecadados este ano, as 12H30 do dia 27. (Foto de arquivo: Ricardo Matsukawa \/ Terra)\" src=\"http:\/\/senoticias.com.br\/se\/wp-content\/uploads\/2013\/08\/impostometro2-300x224.jpg\" width=\"300\" height=\"224\" srcset=\"https:\/\/senoticias.com.br\/se\/wp-content\/uploads\/2013\/08\/impostometro2-300x224.jpg 300w, https:\/\/senoticias.com.br\/se\/wp-content\/uploads\/2013\/08\/impostometro2-342x256.jpg 342w, https:\/\/senoticias.com.br\/se\/wp-content\/uploads\/2013\/08\/impostometro2-60x45.jpg 60w, https:\/\/senoticias.com.br\/se\/wp-content\/uploads\/2013\/08\/impostometro2-150x113.jpg 150w, https:\/\/senoticias.com.br\/se\/wp-content\/uploads\/2013\/08\/impostometro2-269x201.jpg 269w, https:\/\/senoticias.com.br\/se\/wp-content\/uploads\/2013\/08\/impostometro2.jpg 619w\" sizes=\"(max-width: 300px) 100vw, 300px\" \/><\/a><p id=\"caption-attachment-51999\" class=\"wp-caption-text\"><br \/>Impost\u00f4metro atinge 1 trilh\u00e3o de reais arrecadados este ano, as 12H30 do dia 27. (Foto de arquivo: Ricardo Matsukawa \/ Terra)<\/p><\/div>\n<p style=\"text-align: justify;\">Nesta ter\u00e7a feira, 27, o Impost\u00f4metro atingir\u00e1 a marca de 1 trilh\u00e3o de reais arrecadados com impostos no Brasil. Desenvolvido pelo Instituto Brasileiro de Planejamento e Tributa\u00e7\u00e3o &#8211; IBPT e instalado na sede da Associa\u00e7\u00e3o Comercial de S\u00e3o Paulo \u2013 ACSP em 2005, o placar tribut\u00e1rio que demonstra os impostos pagos pelos brasileiros \u00e0s tr\u00eas esferas do poder: municipais, estaduais e federais, j\u00e1 faz parte do cen\u00e1rio paulistano, sendo um dos sete marcos de S\u00e3o Paulo. A ferramenta est\u00e1 localizada na Rua Boa Vista, 51.<\/p>\n<p style=\"text-align: justify;\">Durante a contagem regressiva para a entrada do trilh\u00e3o, ser\u00e1 distribu\u00eddo o estudo completo do Instituto Brasileiro de Planejamento e Tributa\u00e7\u00e3o (IBPT) sobre os impostos arrecadados. A parceria entre o IBPT e a ACESP tem como objetivo a conscientiza\u00e7\u00e3o dos brasileiros com rela\u00e7\u00e3o \u00e0 alta arrecada\u00e7\u00e3o dos impostos e a cobran\u00e7a dos retornos em forma de benef\u00edcios para a sociedade. O presidente executivo do IBPT, Jo\u00e3o Eloi Olenike, afirma que a contagem e a exposi\u00e7\u00e3o dos n\u00fameros para a popula\u00e7\u00e3o possibilita a forma\u00e7\u00e3o de um senso cr\u00edtico com rela\u00e7\u00e3o \u00e0 alta taxa de tributos pagos. \u201cHoje o impost\u00f4metro tornou-se uma importante ferramenta de refer\u00eancia para os brasileiros, no sentido de informar, o quanto \u00e9 pago de tributos diariamente\u201d.<\/p>\n<p style=\"text-align: justify;\">Para o presidente do Conselho Superior e Coordenador de Estudos, Gilberto Luiz do Amaral, o Impost\u00f4metro deixa claro aos contribuintes o valor em reais pagos nos impostos. \u201cDiferentemente do ano passado, quando a marca de um trilh\u00e3o foi alcan\u00e7ada no dia 29 de agosto, esse ano os dois dias de anteced\u00eancia demonstram o aumento da arrecada\u00e7\u00e3o\u201d.<\/p>\n<p style=\"text-align: justify;\">Por sua vez, o presidente da ACSP e da Federa\u00e7\u00e3o das Associa\u00e7\u00f5es Comerciais do Estado de S\u00e3o Paulo (Facesp), Rog\u00e9rio Amato afirma que \u201ca carga \u00e9 muito alta, mesmo com todas as desonera\u00e7\u00f5es, com a queda da atividade econ\u00f4mica. Esper\u00e1vamos que esse valor fosse alcan\u00e7ado um pouco depois do que esta data\u201d.<\/p>\n<p style=\"text-align: justify;\">A contagem \u00e9 feita por meio da ferramenta eletr\u00f4nica que tem como base para o levantamento de dados federais, as arrecada\u00e7\u00f5es da Receita Federal do Brasil e da Secretaria do Tesouro Nacional, informa\u00e7\u00f5es da Caixa Econ\u00f4mica Federal, do Tribunal de Contas da Uni\u00e3o e do Instituto Brasileiro de Geografia e Estat\u00edstica 2013 &#8211; IBGE.<\/p>\n<p style=\"text-align: justify;\">Para as receitas dos Estados e do Distrito Federal, o Impost\u00f4metro utiliza-se dos dados do Conselho Nacional de Pol\u00edtica Fazend\u00e1rio 2013 &#8211; Confaz, das Secretarias Estaduais de Fazenda, dos Tribunais de Contas dos Estados e da Secretaria do Tesouro Nacional do Minist\u00e9rio da Fazenda. J\u00e1 a arrecada\u00e7\u00e3o de tributos municipais \u00e9 informada pela Secretaria do Tesouro Nacional, por meio dos munic\u00edpios que divulgam seus n\u00fameros devido \u00e0 Lei de Responsabilidade Fiscal e pelos Tribunais de Contas dos Estados. O volume de impostos que o governo brasileiro arrecada \u00e9 contado desde o primeiro at\u00e9 o \u00faltimo dia de cada ano e exposto \u00e0 popula\u00e7\u00e3o.<\/p>\n<p>&nbsp;<\/p>\n<p style=\"text-align: justify;\"><em><strong>Assessoria de Comunica\u00e7\u00e3o do IBPT<\/strong><\/em><\/p>\n","protected":false},"excerpt":{"rendered":"<p>&nbsp; Nesta ter\u00e7a feira, 27, o Impost\u00f4metro atingir\u00e1 a marca de 1 trilh\u00e3o de reais arrecadados com impostos no Brasil. Desenvolvido pelo Instituto Brasileiro de Planejamento e Tributa\u00e7\u00e3o &#8211; IBPT e instalado na sede da Associa\u00e7\u00e3o Comercial de S\u00e3o Paulo \u2013 ACSP em 2005, o placar tribut\u00e1rio que demonstra os impostos pagos pelos brasileiros \u00e0s [&hellip;]<\/p>\n","protected":false},"author":1,"featured_media":51999,"comment_status":"closed","ping_status":"closed","sticky":false,"template":"","format":"standard","meta":{"footnotes":""},"categories":[310,1],"tags":[],"class_list":{"0":"post-51995","1":"post","2":"type-post","3":"status-publish","4":"format-standard","5":"has-post-thumbnail","7":"category-destaques-da-semana","8":"category-sem-categoria"},"_links":{"self":[{"href":"https:\/\/senoticias.com.br\/se\/wp-json\/wp\/v2\/posts\/51995"}],"collection":[{"href":"https:\/\/senoticias.com.br\/se\/wp-json\/wp\/v2\/posts"}],"about":[{"href":"https:\/\/senoticias.com.br\/se\/wp-json\/wp\/v2\/types\/post"}],"author":[{"embeddable":true,"href":"https:\/\/senoticias.com.br\/se\/wp-json\/wp\/v2\/users\/1"}],"replies":[{"embeddable":true,"href":"https:\/\/senoticias.com.br\/se\/wp-json\/wp\/v2\/comments?post=51995"}],"version-history":[{"count":0,"href":"https:\/\/senoticias.com.br\/se\/wp-json\/wp\/v2\/posts\/51995\/revisions"}],"wp:featuredmedia":[{"embeddable":true,"href":"https:\/\/senoticias.com.br\/se\/wp-json\/wp\/v2\/media\/51999"}],"wp:attachment":[{"href":"https:\/\/senoticias.com.br\/se\/wp-json\/wp\/v2\/media?parent=51995"}],"wp:term":[{"taxonomy":"category","embeddable":true,"href":"https:\/\/senoticias.com.br\/se\/wp-json\/wp\/v2\/categories?post=51995"},{"taxonomy":"post_tag","embeddable":true,"href":"https:\/\/senoticias.com.br\/se\/wp-json\/wp\/v2\/tags?post=51995"}],"curies":[{"name":"wp","href":"https:\/\/api.w.org\/{rel}","templated":true}]}}