{"id":51992,"date":"2013-08-27T04:42:01","date_gmt":"2013-08-27T07:42:01","guid":{"rendered":"http:\/\/senoticias.com.br\/se\/?p=51992"},"modified":"2013-08-27T04:42:01","modified_gmt":"2013-08-27T07:42:01","slug":"conferencia-estadual-da-igualdade-racial-acontece-proxima-quarta-28","status":"publish","type":"post","link":"https:\/\/senoticias.com.br\/se\/conferencia-estadual-da-igualdade-racial-acontece-proxima-quarta-28\/","title":{"rendered":"Confer\u00eancia Estadual da Igualdade Racial acontece pr\u00f3xima quarta, 28"},"content":{"rendered":"<p>&nbsp;<\/p>\n<div id=\"attachment_51993\" style=\"width: 310px\" class=\"wp-caption alignright\"><a href=\"http:\/\/senoticias.com.br\/se\/wp-content\/uploads\/2013\/08\/asegundavezqueaMinistraviraSergipeatendendoaoconvitedoGovernodoEstado.jpg\"><img loading=\"lazy\" decoding=\"async\" aria-describedby=\"caption-attachment-51993\" class=\"size-medium wp-image-51993\" alt=\" \u00c9 a segunda vez que a Ministra vir\u00e1 a Sergipe atendendo ao convite do Governo do Estado \/ (Foto: Ascom\/Direitos Humanos) \" src=\"http:\/\/senoticias.com.br\/se\/wp-content\/uploads\/2013\/08\/asegundavezqueaMinistraviraSergipeatendendoaoconvitedoGovernodoEstado-300x200.jpg\" width=\"300\" height=\"200\" srcset=\"https:\/\/senoticias.com.br\/se\/wp-content\/uploads\/2013\/08\/asegundavezqueaMinistraviraSergipeatendendoaoconvitedoGovernodoEstado-300x200.jpg 300w, https:\/\/senoticias.com.br\/se\/wp-content\/uploads\/2013\/08\/asegundavezqueaMinistraviraSergipeatendendoaoconvitedoGovernodoEstado-342x227.jpg 342w, https:\/\/senoticias.com.br\/se\/wp-content\/uploads\/2013\/08\/asegundavezqueaMinistraviraSergipeatendendoaoconvitedoGovernodoEstado.jpg 600w\" sizes=\"(max-width: 300px) 100vw, 300px\" \/><\/a><p id=\"caption-attachment-51993\" class=\"wp-caption-text\"><br \/>\u00c9 a segunda vez que a Ministra vir\u00e1 a Sergipe atendendo ao convite do Governo do Estado \/ (Foto: Ascom\/Direitos Humanos)<\/p><\/div>\n<p style=\"text-align: justify;\">O Governo de Sergipe, por meio da Secretaria de Estado dos Direitos Humanos e da Cidadania (Sedhuc), em parceria com a Casa Civil e sociedade civil organizada, realizar\u00e1 a III Confer\u00eancia Estadual de Promo\u00e7\u00e3o da Igualdade Racial nesta quarta-feira, 28. O encontro est\u00e1 marcado para as 9h, na Associa\u00e7\u00e3o Atl\u00e9tica Banco do Brasil (AABB), localizada na Rodovia Jos\u00e9 Sarney s\/n e contar\u00e1 com a presen\u00e7a da ministra da Igualdade Racial, Luiza de Bairros, que proferir\u00e1 uma palestra magna sobre avan\u00e7os e desafios das pol\u00edticas de Promo\u00e7\u00e3o da Igualdade Racial.<\/p>\n<p style=\"text-align: justify;\">Com o tema, &#8220;Democracia e Desenvolvimento: Por um Sergipe Afirmativo&#8221;, o objetivo da Confer\u00eancia \u00e9 a elabora\u00e7\u00e3o de propostas de pol\u00edticas p\u00fablicas para a promo\u00e7\u00e3o da igualdade racial, para o enfrentamento do racismo e discrimina\u00e7\u00e3o racial, al\u00e9m da defini\u00e7\u00e3o da delega\u00e7\u00e3o estadual que levar\u00e1 as propostas do estado para a III Confer\u00eancia Nacional de Promo\u00e7\u00e3o da Igualdade Racial (III Conapir).<\/p>\n<p style=\"text-align: justify;\">De acordo com o secret\u00e1rio de Estado dos Direitos Humanos e da Cidadania, Luiz Eduardo Oliva, ser\u00e1 uma oportunidade para consolidar as pol\u00edticas p\u00fablicas da secretaria de Igualdade Racial. &#8220;Ser\u00e1 um momento de extrema import\u00e2ncia onde a sociedade civil juntamente com o Governo do Estado elaborar\u00e3o juntos propostas que servir\u00e3o para tra\u00e7armos rumos desta pol\u00edtica no estado de Sergipe, assim como, para levarmos a contribui\u00e7\u00e3o dos sergipanos para a Confer\u00eancia Nacional que ser\u00e1 realizada em novembro&#8221;, explica o secret\u00e1rio Luiz Eduardo Oliva.<\/p>\n<p style=\"text-align: justify;\">&#8220;Posso anunciar que o Governo de Sergipe enviar\u00e1 para a Assembleia Legislativa Projeto de Lei para a cria\u00e7\u00e3o do Conselho Estadual de Promo\u00e7\u00e3o da Igualdade Racial, assim como estaremos iniciando dentro de dois meses o N\u00facleo de Forma\u00e7\u00e3o de Agentes Culturais (Nufac) para levar a 200 jovens negros e negras, entre 15 e 29 anos, oriundos das comunidades tradicionais, cursos diversos que estimular\u00e3o perspectivas cr\u00edticas, fornecer\u00e3o embasamento te\u00f3rico e pr\u00e1tico para desenvolvimento de atividades culturais, produzindo e difundindo assim, conhecimento e aprimorando t\u00e9cnicas de planejamento e gest\u00e3o&#8221;, revela o secret\u00e1rio dos Direitos Humanos, Oliva.<\/p>\n<p style=\"text-align: justify;\">&#8220;A Confer\u00eancia Estadual segue o mesmo eixo da Confer\u00eancia Nacional. Queremos com isso unificar nosso discurso para o movimento negro de Sergipe estar preparado para o dia da Confer\u00eancia Nacional&#8221;, conta o Coordenador da Comiss\u00e3o Organizadora da Confer\u00eancia da Igualdade Racial, Paulo Neto.<\/p>\n<p style=\"text-align: justify;\"><strong>Confer\u00eancia<\/strong><\/p>\n<p style=\"text-align: justify;\">Para o representante da coordena\u00e7\u00e3o Nacional de comunidades quilombolas rurais e urbanas, Luiz Bonfim, a Confer\u00eancia abre mais uma porta para os movimentos dialogarem com o Governo. &#8220;Temos muitas solicita\u00e7\u00f5es e anseios, na Confer\u00eancia teremos todos um mesmo prop\u00f3sito: avan\u00e7ar ainda mais nas pol\u00edticas de promo\u00e7\u00e3o da igualdade racial. Uma de nossas maiores solicita\u00e7\u00f5es ser\u00e1 a titula\u00e7\u00e3o das terras para os quilombolas de nosso estado&#8221;, conta.<\/p>\n<p style=\"text-align: justify;\">&#8220;Resgatar um debate que tem sido feito, uma das solicita\u00e7\u00f5es \u00e9 a implanta\u00e7\u00e3o da secretaria de combate ao racismo. A gente traz o debate nacional para nossa realidade e debate os temas. A Confer\u00eancia \u00e9 um fio condutor para o debate entre os grupos que elencar\u00e3o as prioridades e ser\u00e3o expostos e devem ser aprovados em plen\u00e1ria final&#8221;, avalia Edimualdo Oliveira, representante do Movimento Negro Unificado.<\/p>\n<p style=\"text-align: justify;\">Segundo o representante da Liga Oficial do carnaval sergipano, representante da sociedade civil, Gibaldo Souza Santos, o encontro vai refletir no resgate de alguns compromissos com o movimento negro. &#8220;Certamente possibilitar\u00e1 a constru\u00e7\u00e3o de pol\u00edticas p\u00fablicas em parceria com as comunidades envolvidas e ao mesmo tempo dar\u00e1 uma din\u00e2mica de articula\u00e7\u00e3o entre o Governo do Estado e segmentos. O Governo ir\u00e1 nos ouvir mais amplamente e profundamente. Nossa expectativa \u00e9 grande&#8221;, revela.<\/p>\n<p style=\"text-align: justify;\"><strong>Programa\u00e7\u00e3o<\/strong><\/p>\n<p style=\"text-align: justify;\">Dia 28\/08\/2013<\/p>\n<p style=\"text-align: justify;\">09:00 \u00e0s 09:20 &#8211; Solenidade de Abertura:<br \/>\n09:20 \u00e0s 10:00- Fala dos Representantes de Governo e da Sociedade c\u00edvil<br \/>\n10:00 \u00e0s 10:30-Confer\u00eancia Magna: Democracia e Desenvolvimento Sem racismo: Por um Brasil Afirmativo. Conferencista: Luiza Bairros-Ministra de Estado de Pol\u00edticas de Promo\u00e7\u00e3o da Igualdade Racial<br \/>\n10:30 &#8211; Coffee Break<br \/>\n11:00 \u00e0s 12:00 &#8211; Leitura do Regulamento e cadastramento<br \/>\n12:00 \u00e0s 13:30 &#8211; Almo\u00e7o<br \/>\n14:00 \u00e0s 15:30 &#8211; Debates em Grupos &#8211; GTs<br \/>\n15:30 \u00e0s 16:00 &#8211; coffee break<br \/>\n16:00 \u00e0s 18:00 &#8211; Plen\u00e1ria Final e Escolha dos Delegados<\/p>\n<p style=\"text-align: justify;\"><em><strong>Ag\u00eancia Sergipe de Not\u00edcias<\/strong><\/em><\/p>\n","protected":false},"excerpt":{"rendered":"<p>&nbsp; O Governo de Sergipe, por meio da Secretaria de Estado dos Direitos Humanos e da Cidadania (Sedhuc), em parceria com a Casa Civil e sociedade civil organizada, realizar\u00e1 a III Confer\u00eancia Estadual de Promo\u00e7\u00e3o da Igualdade Racial nesta quarta-feira, 28. O encontro est\u00e1 marcado para as 9h, na Associa\u00e7\u00e3o Atl\u00e9tica Banco do Brasil (AABB), [&hellip;]<\/p>\n","protected":false},"author":1,"featured_media":51993,"comment_status":"closed","ping_status":"closed","sticky":false,"template":"","format":"standard","meta":{"footnotes":""},"categories":[6],"tags":[],"class_list":{"0":"post-51992","1":"post","2":"type-post","3":"status-publish","4":"format-standard","5":"has-post-thumbnail","7":"category-politica"},"_links":{"self":[{"href":"https:\/\/senoticias.com.br\/se\/wp-json\/wp\/v2\/posts\/51992"}],"collection":[{"href":"https:\/\/senoticias.com.br\/se\/wp-json\/wp\/v2\/posts"}],"about":[{"href":"https:\/\/senoticias.com.br\/se\/wp-json\/wp\/v2\/types\/post"}],"author":[{"embeddable":true,"href":"https:\/\/senoticias.com.br\/se\/wp-json\/wp\/v2\/users\/1"}],"replies":[{"embeddable":true,"href":"https:\/\/senoticias.com.br\/se\/wp-json\/wp\/v2\/comments?post=51992"}],"version-history":[{"count":0,"href":"https:\/\/senoticias.com.br\/se\/wp-json\/wp\/v2\/posts\/51992\/revisions"}],"wp:featuredmedia":[{"embeddable":true,"href":"https:\/\/senoticias.com.br\/se\/wp-json\/wp\/v2\/media\/51993"}],"wp:attachment":[{"href":"https:\/\/senoticias.com.br\/se\/wp-json\/wp\/v2\/media?parent=51992"}],"wp:term":[{"taxonomy":"category","embeddable":true,"href":"https:\/\/senoticias.com.br\/se\/wp-json\/wp\/v2\/categories?post=51992"},{"taxonomy":"post_tag","embeddable":true,"href":"https:\/\/senoticias.com.br\/se\/wp-json\/wp\/v2\/tags?post=51992"}],"curies":[{"name":"wp","href":"https:\/\/api.w.org\/{rel}","templated":true}]}}