{"id":51989,"date":"2013-08-27T04:22:31","date_gmt":"2013-08-27T07:22:31","guid":{"rendered":"http:\/\/senoticias.com.br\/se\/?p=51989"},"modified":"2013-08-27T04:22:31","modified_gmt":"2013-08-27T07:22:31","slug":"governo-do-estado-realiza-5a-conferencia-estadual-das-cidades","status":"publish","type":"post","link":"https:\/\/senoticias.com.br\/se\/governo-do-estado-realiza-5a-conferencia-estadual-das-cidades\/","title":{"rendered":"Governo do Estado realiza 5\u00aa Confer\u00eancia Estadual das Cidades"},"content":{"rendered":"<p>&nbsp;<\/p>\n<div id=\"attachment_51990\" style=\"width: 310px\" class=\"wp-caption alignright\"><a href=\"http:\/\/senoticias.com.br\/se\/wp-content\/uploads\/2013\/08\/Confer\u00eancia-das-cidades.jpg\"><img loading=\"lazy\" decoding=\"async\" aria-describedby=\"caption-attachment-51990\" class=\"size-full wp-image-51990\" alt=\" Evento ocorre nesta quarta-feira, 28, no Centro de Conven\u00e7\u00f5es de Sergipe (CIC) em Aracaju.(Arte: Washington G\u00f3es)\" src=\"http:\/\/senoticias.com.br\/se\/wp-content\/uploads\/2013\/08\/Confer\u00eancia-das-cidades.jpg\" width=\"300\" height=\"254\" \/><\/a><p id=\"caption-attachment-51990\" class=\"wp-caption-text\"><br \/>Evento ocorre nesta quarta-feira, 28, no Centro de Conven\u00e7\u00f5es de Sergipe (CIC) em Aracaju.(Arte: Washington G\u00f3es)<\/p><\/div>\n<p style=\"text-align: justify;\">O Governo de Sergipe, por meio da Secretaria de Estado do Desenvolvimento Urbano (Sedurb), realiza a 5\u00aa Confer\u00eancia Estadual da Cidade. O evento acontecer\u00e1 durante todo o dia da quarta-feira, 28, no Centro de Conven\u00e7\u00f5es de Sergipe (CIC), e pretende congregar gestores, empres\u00e1rios, delegados municipais eleitos, representantes comunit\u00e1rios e toda a popula\u00e7\u00e3o sergipana para discutir de forma coletiva os problemas dos munic\u00edpios.<\/p>\n<p style=\"text-align: justify;\">Com o objetivo de avaliar as pol\u00edticas p\u00fablicas discutidas e segmentadas democraticamente durante as confer\u00eancias municipais realizadas nos munic\u00edpios sergipanos nos \u00faltimos meses, e nas seis Confer\u00eancias Territoriais ocorridas entre 30 de Julho e 16 de agosto que reuniram munic\u00edpios dos oito territ\u00f3rios sergipanos, a 5\u00aa Confer\u00eancia Estadual das Cidades \u00e9 o caminho ideal para que os munic\u00edpios e o Estado possam planejar moradia, educa\u00e7\u00e3o, sa\u00fade, transporte economia, e outras vertentes essenciais para a melhoria nas condi\u00e7\u00f5es de vida nos pr\u00f3ximos anos.<\/p>\n<p style=\"text-align: justify;\">Pol\u00edticas de incentivo \u00e0 implanta\u00e7\u00e3o de instrumentos de promo\u00e7\u00e3o da fun\u00e7\u00e3o social da propriedade; Participa\u00e7\u00e3o e controle no Sistema Nacional de Desenvolvimento Urbano; Fundo Nacional de Desenvolvimento Urbano; Instrumentos e pol\u00edticas de Integra\u00e7\u00e3o Intersetorial e Territorial, foram os principais eixos tem\u00e1ticos abordados e debatidos em grupos de discuss\u00e3o nas confer\u00eancias que abrangeram todos os oito territ\u00f3rios sergipanos e que agora, ser\u00e3o discutidos de forma ampla e depois pactuados e consolidados como produto final a ser apresentado na 5\u00aa Confer\u00eancia Nacional das Cidades, a ser realizada no m\u00eas de novembro em Bras\u00edlia.<\/p>\n<p style=\"text-align: justify;\">De acordo com a Secret\u00e1ria Estadual do Desenvolvimento Urbano, Maria L\u00facia Falc\u00f3n, as confer\u00eancias s\u00e3o essenciais para o progresso urbano &#8220;J\u00e1 tivemos bons resultados quando realizamos as Confer\u00eancias do Planejamento Participativo nos anos de 2007 e 2008, uma vez que as necessidades das comunidades foram ouvidas e se concretizaram em v\u00e1rios tipos de interven\u00e7\u00f5es urbanas em todo o Estado. Est\u00e1 mais do que provado que sozinhos os munic\u00edpios n\u00e3o podem solucionar as quest\u00f5es complexas que os afetam. Discutir os problemas de forma coletiva na Confer\u00eancia Estadual, \u00e9 a melhor maneira de pactuar as demandas e exp\u00f4-las em Bras\u00edlia em novembro pr\u00f3ximo&#8221;, afirma.<\/p>\n<p style=\"text-align: justify;\"><strong>Da Ag\u00eancia Sergipe de Not\u00edcias<\/strong><\/p>\n","protected":false},"excerpt":{"rendered":"<p>&nbsp; O Governo de Sergipe, por meio da Secretaria de Estado do Desenvolvimento Urbano (Sedurb), realiza a 5\u00aa Confer\u00eancia Estadual da Cidade. O evento acontecer\u00e1 durante todo o dia da quarta-feira, 28, no Centro de Conven\u00e7\u00f5es de Sergipe (CIC), e pretende congregar gestores, empres\u00e1rios, delegados municipais eleitos, representantes comunit\u00e1rios e toda a popula\u00e7\u00e3o sergipana para [&hellip;]<\/p>\n","protected":false},"author":1,"featured_media":51990,"comment_status":"closed","ping_status":"closed","sticky":false,"template":"","format":"standard","meta":{"footnotes":""},"categories":[15,6],"tags":[],"class_list":{"0":"post-51989","1":"post","2":"type-post","3":"status-publish","4":"format-standard","5":"has-post-thumbnail","7":"category-destaques","8":"category-politica"},"_links":{"self":[{"href":"https:\/\/senoticias.com.br\/se\/wp-json\/wp\/v2\/posts\/51989"}],"collection":[{"href":"https:\/\/senoticias.com.br\/se\/wp-json\/wp\/v2\/posts"}],"about":[{"href":"https:\/\/senoticias.com.br\/se\/wp-json\/wp\/v2\/types\/post"}],"author":[{"embeddable":true,"href":"https:\/\/senoticias.com.br\/se\/wp-json\/wp\/v2\/users\/1"}],"replies":[{"embeddable":true,"href":"https:\/\/senoticias.com.br\/se\/wp-json\/wp\/v2\/comments?post=51989"}],"version-history":[{"count":0,"href":"https:\/\/senoticias.com.br\/se\/wp-json\/wp\/v2\/posts\/51989\/revisions"}],"wp:featuredmedia":[{"embeddable":true,"href":"https:\/\/senoticias.com.br\/se\/wp-json\/wp\/v2\/media\/51990"}],"wp:attachment":[{"href":"https:\/\/senoticias.com.br\/se\/wp-json\/wp\/v2\/media?parent=51989"}],"wp:term":[{"taxonomy":"category","embeddable":true,"href":"https:\/\/senoticias.com.br\/se\/wp-json\/wp\/v2\/categories?post=51989"},{"taxonomy":"post_tag","embeddable":true,"href":"https:\/\/senoticias.com.br\/se\/wp-json\/wp\/v2\/tags?post=51989"}],"curies":[{"name":"wp","href":"https:\/\/api.w.org\/{rel}","templated":true}]}}