{"id":51986,"date":"2013-08-26T21:40:02","date_gmt":"2013-08-27T00:40:02","guid":{"rendered":"http:\/\/senoticias.com.br\/se\/?p=51986"},"modified":"2013-08-26T22:46:52","modified_gmt":"2013-08-27T01:46:52","slug":"emendas-de-valadares-solicitam-recursos-para-as-areas-de-abastecimento-de-agua-e-esgotamento-sanitario","status":"publish","type":"post","link":"https:\/\/senoticias.com.br\/se\/emendas-de-valadares-solicitam-recursos-para-as-areas-de-abastecimento-de-agua-e-esgotamento-sanitario\/","title":{"rendered":"Emendas de Valadares solicitam recursos para as \u00e1reas de abastecimento de \u00e1gua e esgotamento sanit\u00e1rio"},"content":{"rendered":"<p>&nbsp;<\/p>\n<div id=\"attachment_28448\" style=\"width: 310px\" class=\"wp-caption alignright\"><a href=\"http:\/\/senoticias.com.br\/se\/wp-content\/uploads\/2012\/03\/DSC_4350A.jpg\"><img loading=\"lazy\" decoding=\"async\" aria-describedby=\"caption-attachment-28448\" class=\"size-medium wp-image-28448\" alt=\"Valadares ficou satisfeito com o resultado das emendas coletivas . (Foto: de Reinaldo Ferrigno)\" src=\"http:\/\/senoticias.com.br\/se\/wp-content\/uploads\/2012\/03\/DSC_4350A-300x199.jpg\" width=\"300\" height=\"199\" srcset=\"https:\/\/senoticias.com.br\/se\/wp-content\/uploads\/2012\/03\/DSC_4350A-300x199.jpg 300w, https:\/\/senoticias.com.br\/se\/wp-content\/uploads\/2012\/03\/DSC_4350A-342x227.jpg 342w, https:\/\/senoticias.com.br\/se\/wp-content\/uploads\/2012\/03\/DSC_4350A.jpg 425w\" sizes=\"(max-width: 300px) 100vw, 300px\" \/><\/a><p id=\"caption-attachment-28448\" class=\"wp-caption-text\">Valadares ficou satisfeito com o resultado das emendas coletivas . (Foto: de Reinaldo Ferrigno)<\/p><\/div>\n<p style=\"text-align: justify;\">O senador Antonio Carlos Valadares (PSB-SE) tem trabalhado com afinco para destinar recursos para o Estado de Sergipe. O parlamentar apresentou duas emendas individuais ao Anexo de Metas e Prioridades do Projeto de Lei de Diretrizes Or\u00e7ament\u00e1rias (PLDO) de 2014. As emendas solicitam recursos para as \u00e1reas de abastecimento de \u00e1gua e esgotamento sanit\u00e1rio.<\/p>\n<p style=\"text-align: justify;\">Uma emenda \u00e9 para a Implanta\u00e7\u00e3o e Melhoria de Sistemas P\u00fablicos de Abastecimento de \u00e1gua em Munic\u00edpios de at\u00e9 50.000 habitantes, exclusive de Regi\u00f5es Metropolitanas ou Regi\u00f5es Integradas de Desenvolvimento Econ\u00f4mico (Ride). J\u00e1 a segunda emenda solicita recursos para Apoio \u00e0 Implanta\u00e7\u00e3o, Amplia\u00e7\u00e3o ou Melhorias de Sistemas de Esgotamento Sanit\u00e1rio em Munic\u00edpios com Popula\u00e7\u00e3o Superior a 50 mil habitantes ou Munic\u00edpios Integrantes de Regi\u00f5es Metropolitanas ou de Regi\u00f5es Integradas de Desenvolvimento. \u201cNossa inten\u00e7\u00e3o \u00e9 que o Executivo considere as emendas como prioridade e as incluam em seu texto da pr\u00f3xima Lei Or\u00e7ament\u00e1ria\u201d, explicou senador.<\/p>\n<p style=\"text-align: justify;\"><strong>Bancada Federal de Sergipe<\/strong><\/p>\n<p style=\"text-align: justify;\">A Bancada Federal de Sergipe no Congresso Nacional, composta por tr\u00eas senadores e oito deputados federais, cujo senador Valadares \u00e9 coordenador, apresentou cinco emendas coletivas ao Anexo de Metas e Prioridades do Projeto de Lei de Diretrizes Or\u00e7ament\u00e1rias (PLDO) de 2014. Os recursos solicitados v\u00e3o beneficiar o Estado nas \u00e1reas de sa\u00fade, abastecimento de \u00e1gua, mobilidade urbana e tr\u00e2nsito, moradia e planejamento urbano. As emendas s\u00e3o:<\/p>\n<p style=\"text-align: justify;\">-Amplia\u00e7\u00e3o do Sistema de Abastecimento de \u00c1gua da Regi\u00e3o Metropolitana de Aracaju;<\/p>\n<p style=\"text-align: justify;\">&#8211; Apoio a Projetos de Sistemas de Transporte Coletivo Urbano;<\/p>\n<p style=\"text-align: justify;\">&#8211; Apoio \u00e0 Urbaniza\u00e7\u00e3o de Assentamentos Prec\u00e1rios;<\/p>\n<p style=\"text-align: justify;\">-Apoio \u00e0 Regulariza\u00e7\u00e3o Fundi\u00e1ria em \u00e1reas Urbanas;<\/p>\n<p style=\"text-align: justify;\">-Estrutura\u00e7\u00e3o de Unidade de Aten\u00e7\u00e3o Especializada em Sa\u00fade.<\/p>\n<p style=\"text-align: justify;\">Valadares ficou satisfeito com o resultado das emendas coletivas propostas, de forma consensual e un\u00e2nime, pela bancada sergipana. \u201cTodos os parlamentares da bancada, indistintamente, colaboraram para o atendimento \u00e0s necessidades mais prementes da popula\u00e7\u00e3o sergipana\u201d, disse.<\/p>\n<p style=\"text-align: justify;\"><span style=\"color: #888888;\"><strong>Por Ana Paula Dourado (Bras\u00edlia-DF)<\/strong><\/span><br \/>\n<span style=\"color: #888888;\"><strong> Assessoria de Imprensa<\/strong><\/span><\/p>\n","protected":false},"excerpt":{"rendered":"<p>&nbsp; O senador Antonio Carlos Valadares (PSB-SE) tem trabalhado com afinco para destinar recursos para o Estado de Sergipe. O parlamentar apresentou duas emendas individuais ao Anexo de Metas e Prioridades do Projeto de Lei de Diretrizes Or\u00e7ament\u00e1rias (PLDO) de 2014. As emendas solicitam recursos para as \u00e1reas de abastecimento de \u00e1gua e esgotamento sanit\u00e1rio. [&hellip;]<\/p>\n","protected":false},"author":1,"featured_media":28448,"comment_status":"closed","ping_status":"closed","sticky":false,"template":"","format":"standard","meta":{"footnotes":""},"categories":[6],"tags":[],"class_list":{"0":"post-51986","1":"post","2":"type-post","3":"status-publish","4":"format-standard","5":"has-post-thumbnail","7":"category-politica"},"_links":{"self":[{"href":"https:\/\/senoticias.com.br\/se\/wp-json\/wp\/v2\/posts\/51986"}],"collection":[{"href":"https:\/\/senoticias.com.br\/se\/wp-json\/wp\/v2\/posts"}],"about":[{"href":"https:\/\/senoticias.com.br\/se\/wp-json\/wp\/v2\/types\/post"}],"author":[{"embeddable":true,"href":"https:\/\/senoticias.com.br\/se\/wp-json\/wp\/v2\/users\/1"}],"replies":[{"embeddable":true,"href":"https:\/\/senoticias.com.br\/se\/wp-json\/wp\/v2\/comments?post=51986"}],"version-history":[{"count":0,"href":"https:\/\/senoticias.com.br\/se\/wp-json\/wp\/v2\/posts\/51986\/revisions"}],"wp:featuredmedia":[{"embeddable":true,"href":"https:\/\/senoticias.com.br\/se\/wp-json\/wp\/v2\/media\/28448"}],"wp:attachment":[{"href":"https:\/\/senoticias.com.br\/se\/wp-json\/wp\/v2\/media?parent=51986"}],"wp:term":[{"taxonomy":"category","embeddable":true,"href":"https:\/\/senoticias.com.br\/se\/wp-json\/wp\/v2\/categories?post=51986"},{"taxonomy":"post_tag","embeddable":true,"href":"https:\/\/senoticias.com.br\/se\/wp-json\/wp\/v2\/tags?post=51986"}],"curies":[{"name":"wp","href":"https:\/\/api.w.org\/{rel}","templated":true}]}}