{"id":51983,"date":"2013-08-26T22:37:45","date_gmt":"2013-08-27T01:37:45","guid":{"rendered":"http:\/\/senoticias.com.br\/se\/?p=51983"},"modified":"2013-08-26T22:37:45","modified_gmt":"2013-08-27T01:37:45","slug":"antonio-patriota-nao-e-mais-ministro-das-relacoes-exteriores","status":"publish","type":"post","link":"https:\/\/senoticias.com.br\/se\/antonio-patriota-nao-e-mais-ministro-das-relacoes-exteriores\/","title":{"rendered":"Antonio Patriota n\u00e3o \u00e9 mais ministro das Rela\u00e7\u00f5es Exteriores"},"content":{"rendered":"<p>&nbsp;<\/p>\n<p>O ministro Ant\u00f4nio Patriota (Rela\u00e7\u00f5es Exteriores) foi demitido na noite desta segunda-feira.<\/p>\n<p style=\"text-align: justify;\">\nO Pal\u00e1cio do Planalto anunciou como novo ministro Luiz Alberto Figueiredo, atual embaixador do Brasil na Organiza\u00e7\u00e3o das Na\u00e7\u00f5es Unidas (ONU). Patriota foi demitido ap\u00f3s uma reuni\u00e3o com a presidente Dilma Rousseff para tratar do caso do senador boliviano Roger Pinto Molina.<\/p>\n<p style=\"text-align: justify;\">O senador estava asilado havia um ano na embaixada brasileira em La Paz e foi trazido para o Brasil em um carro oficial brasileiro, embora n\u00e3o tivesse autoriza\u00e7\u00e3o do governo boliviano para deixar o pa\u00eds. O encontro de Dilma com Patriota come\u00e7ou pouco antes das 19h e durou cerca de 50 minutos.<\/p>\n<div id=\"attachment_51984\" style=\"width: 606px\" class=\"wp-caption aligncenter\"><a href=\"http:\/\/senoticias.com.br\/se\/wp-content\/uploads\/2013\/08\/Ministro.jpg\"><img loading=\"lazy\" decoding=\"async\" aria-describedby=\"caption-attachment-51984\" class=\"size-full wp-image-51984\" alt=\" O ministro Ant\u00f4nio Patriota (Rela\u00e7\u00f5es Exteriores) foi demitido na noite desta segunda-feira. (Foto: Evaristo Sa \/ AFP)\" src=\"http:\/\/senoticias.com.br\/se\/wp-content\/uploads\/2013\/08\/Ministro.jpg\" width=\"596\" height=\"396\" srcset=\"https:\/\/senoticias.com.br\/se\/wp-content\/uploads\/2013\/08\/Ministro.jpg 596w, https:\/\/senoticias.com.br\/se\/wp-content\/uploads\/2013\/08\/Ministro-300x199.jpg 300w, https:\/\/senoticias.com.br\/se\/wp-content\/uploads\/2013\/08\/Ministro-342x227.jpg 342w\" sizes=\"(max-width: 596px) 100vw, 596px\" \/><\/a><p id=\"caption-attachment-51984\" class=\"wp-caption-text\"><br \/>O ministro Ant\u00f4nio Patriota (Rela\u00e7\u00f5es Exteriores) foi demitido na noite desta segunda-feira. (Foto: Evaristo Sa \/ AFP)<\/p><\/div>\n<p style=\"text-align: justify;\">Em nota, o Planalto afirma que Dilma &#8220;aceitou hoje pedido de demiss\u00e3o do ministro Antonio de Aguiar Patriota e indicou o representante do Brasil junto \u00e0s Na\u00e7\u00f5es Unidas, embaixador Luiz Figueiredo, para ser o novo ministro de Rela\u00e7\u00f5es Exteriores\u201d.<\/p>\n<p style=\"text-align: justify;\">Luiz Alberto Figueiredo Machado, 58 anos, nasceu no Rio de Janeiro e \u00e9 formado em direito pela Universidade Estadual do Rio de Janeiro (UERJ). Ele ingressou no Itamaraty em 1980 e, no mesmo ano, iniciou atua\u00e7\u00e3o nas Na\u00e7\u00f5es Unidos como diplomata assistente. Durante a carreira diplom\u00e1tica, representou o Brasil em v\u00e1rias reuni\u00f5es internacionais sobre mudan\u00e7a clim\u00e1tica.<\/p>\n<p style=\"text-align: justify;\">A c\u00fapula do minist\u00e9rio passou o dia em reuni\u00f5es para tratar da situa\u00e7\u00e3o do senador e do diplomata Eduardo Saboia, encarregado de neg\u00f3cios da embaixada brasileira em La Paz, que disse ter organizado a opera\u00e7\u00e3o para retirar o senador do pa\u00eds em um carro oficial brasileiro.<\/p>\n<p><strong>Confira a \u00edntegra da nota divulgada anunciando a demiss\u00e3o do ministro:<\/strong><\/p>\n<p style=\"text-align: justify;\">A presidenta Dilma Rousseff aceitou nesta segunda-feira (26), o pedido de demiss\u00e3o do ministro Antonio de Aguiar Patriota, e indicou o representante do Brasil junto \u00e0s Na\u00e7\u00f5es Unidas em Nova York, embaixador Luiz Alberto Figueiredo, para ser o novo ministro das Rela\u00e7\u00f5es Exteriores.<\/p>\n<p style=\"text-align: justify;\">A presidenta agradeceu a dedica\u00e7\u00e3o e o empenho do ministro Patriota nos mais de dois anos em que permaneceu no cargo e anunciou a sua indica\u00e7\u00e3o para a Miss\u00e3o do Brasil na ONU.<\/p>\n<p><em><strong>ZERO HORA<\/strong><\/em><\/p>\n","protected":false},"excerpt":{"rendered":"<p>&nbsp; O ministro Ant\u00f4nio Patriota (Rela\u00e7\u00f5es Exteriores) foi demitido na noite desta segunda-feira. O Pal\u00e1cio do Planalto anunciou como novo ministro Luiz Alberto Figueiredo, atual embaixador do Brasil na Organiza\u00e7\u00e3o das Na\u00e7\u00f5es Unidas (ONU). Patriota foi demitido ap\u00f3s uma reuni\u00e3o com a presidente Dilma Rousseff para tratar do caso do senador boliviano Roger Pinto Molina. [&hellip;]<\/p>\n","protected":false},"author":1,"featured_media":51984,"comment_status":"closed","ping_status":"closed","sticky":false,"template":"","format":"standard","meta":{"footnotes":""},"categories":[6],"tags":[],"class_list":{"0":"post-51983","1":"post","2":"type-post","3":"status-publish","4":"format-standard","5":"has-post-thumbnail","7":"category-politica"},"_links":{"self":[{"href":"https:\/\/senoticias.com.br\/se\/wp-json\/wp\/v2\/posts\/51983"}],"collection":[{"href":"https:\/\/senoticias.com.br\/se\/wp-json\/wp\/v2\/posts"}],"about":[{"href":"https:\/\/senoticias.com.br\/se\/wp-json\/wp\/v2\/types\/post"}],"author":[{"embeddable":true,"href":"https:\/\/senoticias.com.br\/se\/wp-json\/wp\/v2\/users\/1"}],"replies":[{"embeddable":true,"href":"https:\/\/senoticias.com.br\/se\/wp-json\/wp\/v2\/comments?post=51983"}],"version-history":[{"count":0,"href":"https:\/\/senoticias.com.br\/se\/wp-json\/wp\/v2\/posts\/51983\/revisions"}],"wp:featuredmedia":[{"embeddable":true,"href":"https:\/\/senoticias.com.br\/se\/wp-json\/wp\/v2\/media\/51984"}],"wp:attachment":[{"href":"https:\/\/senoticias.com.br\/se\/wp-json\/wp\/v2\/media?parent=51983"}],"wp:term":[{"taxonomy":"category","embeddable":true,"href":"https:\/\/senoticias.com.br\/se\/wp-json\/wp\/v2\/categories?post=51983"},{"taxonomy":"post_tag","embeddable":true,"href":"https:\/\/senoticias.com.br\/se\/wp-json\/wp\/v2\/tags?post=51983"}],"curies":[{"name":"wp","href":"https:\/\/api.w.org\/{rel}","templated":true}]}}