{"id":51980,"date":"2013-08-26T22:21:09","date_gmt":"2013-08-27T01:21:09","guid":{"rendered":"http:\/\/senoticias.com.br\/se\/?p=51980"},"modified":"2013-08-26T22:26:50","modified_gmt":"2013-08-27T01:26:50","slug":"mulher-e-executado-com-tiros-de-espingarda-em-lagarto","status":"publish","type":"post","link":"https:\/\/senoticias.com.br\/se\/mulher-e-executado-com-tiros-de-espingarda-em-lagarto\/","title":{"rendered":"Mulher \u00e9 executado com tiro de espingarda em Lagarto"},"content":{"rendered":"<p style=\"text-align: justify;\">Por Portal Lagartense<\/p>\n<div id=\"attachment_51981\" style=\"width: 310px\" class=\"wp-caption alignright\"><a href=\"http:\/\/senoticias.com.br\/se\/wp-content\/uploads\/2013\/08\/Monique2.jpg\"><img loading=\"lazy\" decoding=\"async\" aria-describedby=\"caption-attachment-51981\" class=\"size-medium wp-image-51981\" alt=\" Monique Suzane Farias.(Foto: Lagartense.com.br)\" src=\"http:\/\/senoticias.com.br\/se\/wp-content\/uploads\/2013\/08\/Monique2-300x224.jpg\" width=\"300\" height=\"224\" srcset=\"https:\/\/senoticias.com.br\/se\/wp-content\/uploads\/2013\/08\/Monique2-300x224.jpg 300w, https:\/\/senoticias.com.br\/se\/wp-content\/uploads\/2013\/08\/Monique2-342x256.jpg 342w, https:\/\/senoticias.com.br\/se\/wp-content\/uploads\/2013\/08\/Monique2-60x45.jpg 60w, https:\/\/senoticias.com.br\/se\/wp-content\/uploads\/2013\/08\/Monique2-150x113.jpg 150w, https:\/\/senoticias.com.br\/se\/wp-content\/uploads\/2013\/08\/Monique2-269x201.jpg 269w, https:\/\/senoticias.com.br\/se\/wp-content\/uploads\/2013\/08\/Monique2.jpg 550w\" sizes=\"(max-width: 300px) 100vw, 300px\" \/><\/a><p id=\"caption-attachment-51981\" class=\"wp-caption-text\"><br \/>Monique Suzane Farias.(Foto: Lagartense.com.br)<\/p><\/div>\n<p style=\"text-align: justify;\">Um homic\u00eddio foi registrado no final da tarde desta segunda-feira(26) em Lagarto. Segundo a pol\u00edcia civil, a jovem de Monique Suzane Farias de Jesus, 21 anos, foi alvejada com um tiro de espingarda no lado direito do peito e morreu.<\/p>\n<p style=\"text-align: justify;\">A jovem foi encontrada ca\u00edda em uma resid\u00eancia localizada na Rua Ant\u00f4nio Martins de Menezes, n\u00ba 37, Bairro Loiola 2.<\/p>\n<p style=\"text-align: justify;\">A pol\u00edcia afirma que o principal suspeito do crime \u00e9 o morador da casa, um homem de 59 anos. O propriet\u00e1rio n\u00e3o foi encontrado no local. Segundo informa\u00e7\u00f5es tamb\u00e9m da pol\u00edcia, foi encontrado com a jovem um cachimbo comumente usado para consumo de crack.<\/p>\n","protected":false},"excerpt":{"rendered":"<p>Por Portal Lagartense Um homic\u00eddio foi registrado no final da tarde desta segunda-feira(26) em Lagarto. Segundo a pol\u00edcia civil, a jovem de Monique Suzane Farias de Jesus, 21 anos, foi alvejada com um tiro de espingarda no lado direito do peito e morreu. A jovem foi encontrada ca\u00edda em uma resid\u00eancia localizada na Rua Ant\u00f4nio [&hellip;]<\/p>\n","protected":false},"author":1,"featured_media":51981,"comment_status":"closed","ping_status":"closed","sticky":false,"template":"","format":"standard","meta":{"footnotes":""},"categories":[7],"tags":[],"class_list":{"0":"post-51980","1":"post","2":"type-post","3":"status-publish","4":"format-standard","5":"has-post-thumbnail","7":"category-policia"},"_links":{"self":[{"href":"https:\/\/senoticias.com.br\/se\/wp-json\/wp\/v2\/posts\/51980"}],"collection":[{"href":"https:\/\/senoticias.com.br\/se\/wp-json\/wp\/v2\/posts"}],"about":[{"href":"https:\/\/senoticias.com.br\/se\/wp-json\/wp\/v2\/types\/post"}],"author":[{"embeddable":true,"href":"https:\/\/senoticias.com.br\/se\/wp-json\/wp\/v2\/users\/1"}],"replies":[{"embeddable":true,"href":"https:\/\/senoticias.com.br\/se\/wp-json\/wp\/v2\/comments?post=51980"}],"version-history":[{"count":0,"href":"https:\/\/senoticias.com.br\/se\/wp-json\/wp\/v2\/posts\/51980\/revisions"}],"wp:featuredmedia":[{"embeddable":true,"href":"https:\/\/senoticias.com.br\/se\/wp-json\/wp\/v2\/media\/51981"}],"wp:attachment":[{"href":"https:\/\/senoticias.com.br\/se\/wp-json\/wp\/v2\/media?parent=51980"}],"wp:term":[{"taxonomy":"category","embeddable":true,"href":"https:\/\/senoticias.com.br\/se\/wp-json\/wp\/v2\/categories?post=51980"},{"taxonomy":"post_tag","embeddable":true,"href":"https:\/\/senoticias.com.br\/se\/wp-json\/wp\/v2\/tags?post=51980"}],"curies":[{"name":"wp","href":"https:\/\/api.w.org\/{rel}","templated":true}]}}