{"id":51976,"date":"2013-08-26T18:06:16","date_gmt":"2013-08-26T21:06:16","guid":{"rendered":"http:\/\/senoticias.com.br\/se\/?p=51976"},"modified":"2013-08-26T18:06:16","modified_gmt":"2013-08-26T21:06:16","slug":"camara-debate-salario-e-condicoes-de-trabalho-de-jornalistas-e-radialistas","status":"publish","type":"post","link":"https:\/\/senoticias.com.br\/se\/camara-debate-salario-e-condicoes-de-trabalho-de-jornalistas-e-radialistas\/","title":{"rendered":"C\u00e2mara debate sal\u00e1rio e condi\u00e7\u00f5es de trabalho de jornalistas e radialistas"},"content":{"rendered":"<p>&nbsp;<\/p>\n<p style=\"text-align: justify;\">\n<div id=\"attachment_51977\" style=\"width: 310px\" class=\"wp-caption alignright\"><a href=\"http:\/\/senoticias.com.br\/se\/wp-content\/uploads\/2013\/08\/cop_sessao-especial1.jpg\"><img loading=\"lazy\" decoding=\"async\" aria-describedby=\"caption-attachment-51977\" class=\"size-medium wp-image-51977\" alt=\"C\u00e2mara debate sal\u00e1rio e condi\u00e7\u00f5es de trabalho de jornalistas e radialistas.(Foto: C\u00e9sar de Oliveira) \" src=\"http:\/\/senoticias.com.br\/se\/wp-content\/uploads\/2013\/08\/cop_sessao-especial1-300x200.jpg\" width=\"300\" height=\"200\" srcset=\"https:\/\/senoticias.com.br\/se\/wp-content\/uploads\/2013\/08\/cop_sessao-especial1-300x200.jpg 300w, https:\/\/senoticias.com.br\/se\/wp-content\/uploads\/2013\/08\/cop_sessao-especial1-342x228.jpg 342w, https:\/\/senoticias.com.br\/se\/wp-content\/uploads\/2013\/08\/cop_sessao-especial1.jpg 560w\" sizes=\"(max-width: 300px) 100vw, 300px\" \/><\/a><p id=\"caption-attachment-51977\" class=\"wp-caption-text\">C\u00e2mara debate sal\u00e1rio e condi\u00e7\u00f5es de trabalho de jornalistas e radialistas.(Foto: C\u00e9sar de Oliveira)<\/p><\/div>\n<p style=\"text-align: justify;\">A Sess\u00e3o Especial desta segunda-feira, 26, promoveu uma discuss\u00e3o sobre condi\u00e7\u00f5es de trabalho e o sal\u00e1rio das categorias de radialistas e jornalistas do estado. O assunto partiu de um requerimento da vereadora Em\u00edlia Corr\u00eaa (DEM).<\/p>\n<p style=\"text-align: justify;\">Para embasar o tema, foram convidados o presidente do sindicato dos radialistas, Fernando Cabral e a presidente do Sindicato dos Jornalistas (Sindjor), Karoline Rejane Souza Santos.<\/p>\n<p style=\"text-align: justify;\">Em\u00edlia Corr\u00eaa justificou a realiza\u00e7\u00e3o da sess\u00e3o por observar os problemas financeiros e a desvaloriza\u00e7\u00e3o da categoria. \u201c\u00c9 nosso dever discutir sobre esse assunto, pois devemos reconhecer o valor desses profissionais\u201d, afirmou.<\/p>\n<p style=\"text-align: justify;\">Fernando Cabral lamentou o fato de ter que voltar a Tribuna da Casa n\u00e3o para comemorar, mas sim reivindicar por um sal\u00e1rio mais justo. \u201cN\u00f3s do sindicato todos os anos cedemos a pauta de reivindica\u00e7\u00e3o e a classe patronal n\u00e3o avan\u00e7a\u201d, ressaltou.<\/p>\n<p style=\"text-align: justify;\">De acordo com Fernando Cabral, a categoria vem lutando por um reajuste de 12%, reclama da intransig\u00eancia da classe patronal e dos baixos sal\u00e1rios dos profissionais de comunica\u00e7\u00e3o.<\/p>\n<p style=\"text-align: justify;\">O presidente relatou ainda uma amea\u00e7a que a presidente do Sindjor sofreu por parte de um empres\u00e1rio da comunica\u00e7\u00e3o de que \u201cse houver reajuste haver\u00e1 demiss\u00e3o em massa de jornalistas\u201d.<\/p>\n<p style=\"text-align: justify;\">Karoline Rejane disse que a situa\u00e7\u00e3o n\u00e3o \u00e9 f\u00e1cil para os jornalistas. \u201cSergipe \u00e9 o terceiro pior do pa\u00eds. H\u00e1 anos as duas categorias lutam por valoriza\u00e7\u00e3o profissional e esbarramos na insensibilidade dos patr\u00f5es\u201d, apontou.<\/p>\n<p style=\"text-align: justify;\">A presidente do Sindjor afirmou que dentro da pauta uma reivindica\u00e7\u00e3o de aux\u00edlio creche e gratifica\u00e7\u00e3o aos profissionais que t\u00eam especializa\u00e7\u00f5es. \u201cN\u00e3o \u00e9 justo que os jornalistas recebam R$ 1.181 e a classe patronal pague em torno de R$ 15 mil num an\u00fancio de jornal\u201d.<\/p>\n<p><strong>Discuss\u00e3o<\/strong><\/p>\n<p>O jornalista George Whashington, ao se pronunciar durante a sess\u00e3o, pontuou que n\u00e3o tem como ignorar que a luta de classes permanece, onde os patr\u00f5es querem maximizar seus lucros e os profissionais querem reduzir suas perdas salariais. \u201cN\u00e3o d\u00e1 para desprezar o papel fundamental dos jornalistas e radialistas na C\u00e2mara Municipal de Aracaju, pois se n\u00e3o houver a imprensa, a sociedade n\u00e3o saber\u00e1 o que est\u00e1 acontecendo nesse espa\u00e7o\u201d, opinou.<\/p>\n<p>Tamb\u00e9m envolvido na quest\u00e3o, o radialista Alex Carvalho tratou da realidade vivida pelos profissionais do estado. \u201cMuitos de n\u00f3s n\u00e3o t\u00eam casa pr\u00f3pria e precisa pagar aluguel. Se temos pauta em lugares como Assembleia Legislativa e na C\u00e2mara, temos que andar bem vestidos e as mulheres maquiadas. Al\u00e9m disso, precisamos fazer feira no supermercado e tudo isso com uma renda mensal de R$ 1.030\u201d, lamentou.<\/p>\n<p><strong>Por: Viviane Cavalcante -CMAJU<\/strong><\/p>\n<p>&nbsp;<\/p>\n","protected":false},"excerpt":{"rendered":"<p>&nbsp; A Sess\u00e3o Especial desta segunda-feira, 26, promoveu uma discuss\u00e3o sobre condi\u00e7\u00f5es de trabalho e o sal\u00e1rio das categorias de radialistas e jornalistas do estado. O assunto partiu de um requerimento da vereadora Em\u00edlia Corr\u00eaa (DEM). Para embasar o tema, foram convidados o presidente do sindicato dos radialistas, Fernando Cabral e a presidente do Sindicato [&hellip;]<\/p>\n","protected":false},"author":1,"featured_media":51977,"comment_status":"closed","ping_status":"closed","sticky":false,"template":"","format":"standard","meta":{"footnotes":""},"categories":[6],"tags":[],"class_list":{"0":"post-51976","1":"post","2":"type-post","3":"status-publish","4":"format-standard","5":"has-post-thumbnail","7":"category-politica"},"_links":{"self":[{"href":"https:\/\/senoticias.com.br\/se\/wp-json\/wp\/v2\/posts\/51976"}],"collection":[{"href":"https:\/\/senoticias.com.br\/se\/wp-json\/wp\/v2\/posts"}],"about":[{"href":"https:\/\/senoticias.com.br\/se\/wp-json\/wp\/v2\/types\/post"}],"author":[{"embeddable":true,"href":"https:\/\/senoticias.com.br\/se\/wp-json\/wp\/v2\/users\/1"}],"replies":[{"embeddable":true,"href":"https:\/\/senoticias.com.br\/se\/wp-json\/wp\/v2\/comments?post=51976"}],"version-history":[{"count":0,"href":"https:\/\/senoticias.com.br\/se\/wp-json\/wp\/v2\/posts\/51976\/revisions"}],"wp:featuredmedia":[{"embeddable":true,"href":"https:\/\/senoticias.com.br\/se\/wp-json\/wp\/v2\/media\/51977"}],"wp:attachment":[{"href":"https:\/\/senoticias.com.br\/se\/wp-json\/wp\/v2\/media?parent=51976"}],"wp:term":[{"taxonomy":"category","embeddable":true,"href":"https:\/\/senoticias.com.br\/se\/wp-json\/wp\/v2\/categories?post=51976"},{"taxonomy":"post_tag","embeddable":true,"href":"https:\/\/senoticias.com.br\/se\/wp-json\/wp\/v2\/tags?post=51976"}],"curies":[{"name":"wp","href":"https:\/\/api.w.org\/{rel}","templated":true}]}}