{"id":51972,"date":"2013-08-26T15:05:16","date_gmt":"2013-08-26T18:05:16","guid":{"rendered":"http:\/\/senoticias.com.br\/se\/?p=51972"},"modified":"2013-08-27T04:25:36","modified_gmt":"2013-08-27T07:25:36","slug":"organizacao-criminosa-responsavel-por-pelo-menos-17-homicidios-e-que-atuava-no-trafico-de-drogas-e-outros-crimes-e-desfeita-em-se","status":"publish","type":"post","link":"https:\/\/senoticias.com.br\/se\/organizacao-criminosa-responsavel-por-pelo-menos-17-homicidios-e-que-atuava-no-trafico-de-drogas-e-outros-crimes-e-desfeita-em-se\/","title":{"rendered":"Pol\u00edcia desarticula organiza\u00e7\u00e3o criminosa que atuava em Sergipe e outros estados"},"content":{"rendered":"<p>&nbsp;<\/p>\n<div id=\"attachment_51973\" style=\"width: 310px\" class=\"wp-caption alignright\"><a href=\"http:\/\/senoticias.com.br\/se\/wp-content\/uploads\/2013\/08\/crackvalquiria.jpg\"><img loading=\"lazy\" decoding=\"async\" aria-describedby=\"caption-attachment-51973\" class=\"size-medium wp-image-51973\" alt=\"Mais de 100 Kg de drogas apreendidos.(Divulga\u00e7\u00e3o\/SSP\/SE) \" src=\"http:\/\/senoticias.com.br\/se\/wp-content\/uploads\/2013\/08\/crackvalquiria-300x168.jpg\" width=\"300\" height=\"168\" srcset=\"https:\/\/senoticias.com.br\/se\/wp-content\/uploads\/2013\/08\/crackvalquiria-300x168.jpg 300w, https:\/\/senoticias.com.br\/se\/wp-content\/uploads\/2013\/08\/crackvalquiria-342x192.jpg 342w, https:\/\/senoticias.com.br\/se\/wp-content\/uploads\/2013\/08\/crackvalquiria.jpg 800w\" sizes=\"(max-width: 300px) 100vw, 300px\" \/><\/a><p id=\"caption-attachment-51973\" class=\"wp-caption-text\">Mais de 100 Kg de drogas apreendidos.(Divulga\u00e7\u00e3o\/SSP\/SE)<\/p><\/div>\n<p style=\"text-align: justify;\">A Secretaria de Estado da Seguran\u00e7a P\u00fablica (SSP), atrav\u00e9s da Pol\u00edcia Civil, detalhou na manh\u00e3 desta segunda-feira, 26, a investiga\u00e7\u00e3o e execu\u00e7\u00f5es de pris\u00f5es relativas \u00e0 Opera\u00e7\u00e3o &#8220;Valqu\u00edria&#8221; desencadeada na quinta-feira, 21, nos estados de Sergipe, Pernambuco, Bahia e S\u00e3o Paulo.<\/p>\n<p style=\"text-align: justify;\">A superintendente da Pol\u00edcia Civil, Katarina Feitoza, abriu a coletiva \u00e0 imprensa na Academia de Pol\u00edcia Civil (Acadepol) destacando o bom trabalho realizado por todos os policiais civis envolvidos. &#8220;Conseguimos desfazer uma conex\u00e3o criminosa que vinha atuando em v\u00e1rias modalidades criminosas principalmente no tr\u00e1fico de drogas e homic\u00eddios na modalidade de pistolagem&#8221;, destacou Feitoza.<\/p>\n<p style=\"text-align: justify;\">Toda opera\u00e7\u00e3o foi montada ap\u00f3s uma investiga\u00e7\u00e3o iniciada no segundo semestre do ano passado de car\u00e1ter sigiloso na comarca do munic\u00edpio sergipano de Carira em conjunto com o Departamento de Narc\u00f3ticos (Denarc), Coordenadoria de Pol\u00edcia Civil do Interior (Copci) e a Divis\u00e3o de Intelig\u00eancia e Planejamento Policial (Dipol).<\/p>\n<p style=\"text-align: justify;\">Na ocasi\u00e3o, a investiga\u00e7\u00e3o tinha o objetivo de apurar um duplo homic\u00eddio ocorrido na cidade de Carira que vitimou duas pessoas identificadas como Givaldo Tavares da Cunha e Juarez Medrade dos Santos. Na ocasi\u00e3o, a dupla foi executada com mais de 20 tiros.<\/p>\n<p style=\"text-align: justify;\">&#8220;Confirmamos a suspeita de que os homic\u00eddios estavam relacionados primordialmente com o com\u00e9rcio il\u00edcito de entorpecentes em larga escala na Grande Aracaju e regi\u00e3o do Agreste sergipano, al\u00e9m do jogo do bicho, agiotagem e roubo de carga, revelando-se, com isso, a exist\u00eancia de uma das mais perniciosas associa\u00e7\u00f5es criminosas j\u00e1 investigadas em Sergipe&#8221;, explicou o diretor da Divis\u00e3o de Intelig\u00eancia e Planejamento Policial (Dipol), delegado Gilberto Guimar\u00e3es.<\/p>\n<p style=\"text-align: justify;\">Os levantamentos apontaram, ainda, que Givaldo e Medrade pertenciam ao esquema e que Givaldo era tio de v\u00e1rios integrantes da organiza\u00e7\u00e3o criminosa, a exemplo de Edmilson Souza Cunha, vulgo &#8220;Galeguinho&#8221;, Adelvan Oliveira Cunha, 33 anos, vulgo &#8220;Pretinha&#8221;, Demilson Ferreira da Cunha, vulgo &#8220;Lourinho&#8221; e Helenilson Ferreira da Cunha, 41 anos, o &#8220;Xex\u00e9u&#8221;.<\/p>\n<p style=\"text-align: justify;\">Paralelamente, foi constatada a ocorr\u00eancia de crimes conexos que eram realizados com o intuito de arrecadar fundos para o financiamento do tr\u00e1fico de drogas ou mesmo para assegurar a manuten\u00e7\u00e3o dos criminosos nos postos de comando da quadrilha.<\/p>\n<p style=\"text-align: justify;\">&#8220;Crimes como roubo de cargas, agiotagem, recepta\u00e7\u00e3o, estelionato, dentre outros eram realizados para levantar fundos para a quadrilha. J\u00e1 diversos homic\u00eddios na modalidade pistolagem foram levantados e eram praticados com o intuito de manuten\u00e7\u00e3o de comando. Os crimes eram praticados ainda para esconder a origem il\u00edcita do patrim\u00f4nio constru\u00eddo atrav\u00e9s do crime, caracterizando a lavagem de dinheiro&#8221;, detalhou o delegado Marcelo Cardoso, coordenador do Departamento de Narc\u00f3ticos (Denarc).<\/p>\n<p style=\"text-align: justify;\">Durante a a\u00e7\u00e3o policial foram apreendidos 34 ve\u00edculos entre motocicletas e autom\u00f3veis de luxo avaliados em mais de R$ 1,2 milh\u00f5es. Foram apreendidas 7 armas de fogo. Uma pistola Glock calibre 9 mil\u00edmetros foi encontrada com Maur\u00edcio; Uma espingarda calibre 12 com seis muni\u00e7\u00f5es estava com &#8220;Xex\u00e9u&#8221;; Com &#8220;Tchurran&#8221; foi encontrado um rev\u00f3lver calibre 38; J\u00e1 &#8220;Lourinho&#8221; foi flagrado com uma pistola calibre 380 e dois carregadores; Heitor e Edmilson, mortos em confronto, estavam com duas pistolas calibre .40 e &#8220;Zoi\u00e3o&#8221;, que tamb\u00e9m reagiu \u00e0 pris\u00e3o e veio a \u00f3bito, estava com um rev\u00f3lver calibre 38.<\/p>\n<p style=\"text-align: justify;\">Al\u00e9m disso, foram apreendidos mais de 100 quilos de entorpecentes, sendo 36 kg de maconha, 64 kg de crack e 5 kg de coca\u00edna. A pol\u00edcia apreendeu, ainda, mais de R$ 200 mil em dinheiro, j\u00f3ias, aparelhos celulares, outros objetos e mais de R$ 1 milh\u00e3o em cheques de terceiros, referentes a compras de drogas, recepta\u00e7\u00e3o de produtos roubados e atividades de agiotagem.<\/p>\n<p style=\"text-align: justify;\"><strong>Homic\u00eddios<\/strong><\/p>\n<p style=\"text-align: justify;\">Durante as investiga\u00e7\u00f5es, comprovou-se que a organiza\u00e7\u00e3o foi respons\u00e1vel pelas mortes das seguintes pessoas:<\/p>\n<p style=\"text-align: justify;\">1. VICENTE PEREIRA DA SILVA, conhecido como \u201cVICENTE DE SETE\u201d &#8211; 20 de outubro de 2012, Itabaiana.<br \/>\n2. ALEX FRANKLIN TAVARES DE LIMA, conhecido por \u201cL\u00c9O\u201d &#8211; 19 de dezembro de 2012, Itabaiana.<br \/>\n3 \u2013 Andr\u00e9 Carvalho de Santana \u2013 29 de dezembro de 2012, Aracaju.<br \/>\n4. JOS\u00c9 EVARISTO DE LIMA (consumado); e JAIRO ANTUNES PEREIRA BARBOSA (tentado) &#8211; 21 de dezembro de 2012, Caet\u00e9s\/PE;<br \/>\n6. EVERALDO JOS\u00c9 SILVA DE ARA\u00daJO, conhecido como \u201cSEU MADRUGA\u201d &#8211; 26 de dezembro de 2012, Itabaiana\/SE<br \/>\n7. MARCELO DION\u00cdSIO DO NASCIMENTO, vulgo \u201cMARCELO MOTOT\u00c1XI\u201d &#8211; 05 de janeiro de 2013, Itabaiana\/SE;<br \/>\n8. JOS\u00c9 ARIVALDO DOS SANTOS, conhecido como \u201cARI\u201d &#8211; 13 de janeiro de 2013;<br \/>\n9. MOIS\u00c9S DOS SANTOS, conhecido como \u201cMOIS\u00c9S LAMPI\u00c3O\u201d &#8211; 18 de janeiro de 2013, Areia Branca;<br \/>\n10. FRANCISCO JARDEL DE ANDRADE SILVA, conhecido como \u201cJARDEL FUNILEIRO\u201d &#8211; 22 de fevereiro de 2013, An\u00e1polis\/GO;<br \/>\n11. \u00cdTALO KLINSMAN TAVARES AMARAL &#8211; 15 de mar\u00e7o de 2013, Itabaiana;<br \/>\n12. GLAUBER BELCHIOR DE ARA\u00daJO, conhecido como \u201cBINHO\u201d &#8211; 11 de abril de 2013, Aracaju\/SE;<br \/>\n13. JOS\u00c9 SANTOS DE OLIVEIRA, conhecido como \u201cLARUTA\u201d &#8211; 26 de abril de 2013, Itabaiana\/SE;<br \/>\n14. CLECIANO, identificado como \u201cGORDO\u201d (tentativa) &#8211; 21\/04\/2013, Pedro Alexandre\/BA.<br \/>\n15. GE\u00c2NISON DOS SANTOS BARRETO, conhecido como \u201cJUCA\u201d &#8211; 04 de maio de 2013, Moita Bonita\/SE;<br \/>\n16. JOS\u00c9 DA SILVA SANTANA, de alcunha \u201cZ\u00c9 DO BODE\u201d &#8211; 24 de maio de 2013, Carira\/SE.<br \/>\n17. JOS\u00c9 ARNALDO SANTANA DA PAIX\u00c3O, conhecido como \u201cARNALDO DE VARISTO\u201d &#8211; 08 de julho de 2013, Itabaiana\/SE;<br \/>\n18. ED\u00caNIO DA SILVA SANTOS, conhecido como \u201cDENISSON\u201d ou \u201cTRINTA\u201d &#8211; 16\/07\/2013, Malhador\/SE;<\/p>\n<p style=\"text-align: justify;\"><strong> Roubo a banco<\/strong><\/p>\n<p style=\"text-align: justify;\">Com base nas investiga\u00e7\u00f5es, descobriu-se uma ramifica\u00e7\u00e3o da quadrilha, ligada a Ademir, que tinha como foco a pr\u00e1tica de roubos contra institui\u00e7\u00f5es financeiras, por conta disto foram feitas quatro opera\u00e7\u00f5es sendo duas no estado da Bahia, uma no estado do Par\u00e1 e outra no estado do Maranh\u00e3o, resultando na apreens\u00e3o de 9 fuzis, 2 metralhadoras antia\u00e9reas calibre .50 e, uma carabina .30 e v\u00e1rias pistolas e rev\u00f3lveres, al\u00e9m de farta muni\u00e7\u00e3o de grosso calibre.<\/p>\n<p style=\"text-align: justify;\"><strong>Presos<\/strong><\/p>\n<p style=\"text-align: justify;\">Ademir Gois Oliveira, vulgo &#8220;Ademir ou Galeguinho&#8221;, 35 anos, natural de Itabaiana foi preso no estado de S\u00e3o Paulo;<br \/>\nAduilson Gois Oliveira, irm\u00e3o de Ademir, 29 anos, natural de Itabaiana j\u00e1 estava preso desde o in\u00edcio da investiga\u00e7\u00e3o, atualmente custodiado no Pres\u00eddio Regional Senador Leite Neto, localizado em Nossa Senhora da Gl\u00f3ria;<br \/>\nAna Carla Santos Oliveira, esposa de Aduilson, 24 anos, natural de Itabaiana;<br \/>\nJos\u00e9 Augusto Alves de Andrade, vulgo &#8220;Z\u00e9 Augusto, Galego, Mago ou Z\u00e9<br \/>\nAugusto de Jac\u00f3&#8221;, 38 anos, natural de Itabaiana. Preso na cidade paulista de Praia Grande;<br \/>\nJamysson de Andrade Sampaio, 36 anos, conhecido como \u201cJamyson ou Neg\u00e3o\u201d, natural de Itabaiana;<br \/>\nWagner Oliveira da Cunha, 29 anos, vulgo \u201cXaropinho ou Waguinho de Rolopeu&#8221;, nascido em Itabaiana;<br \/>\nJos\u00e9 M\u00e1rcio Nunes Santos, 37 anos, conhecido como &#8220;Binho&#8221; e nascido na cidade de Salvador. Foi preso anteriormente com base nas investiga\u00e7\u00f5es com 10 quilos de crack e j\u00e1 estava recolhido no Complexo Penitenci\u00e1rio Manoel Carvalho Neto \u2013 (Compencan), em S\u00e3o Crist\u00f3v\u00e3o;<br \/>\nRoberta Santos, vulgo &#8220;Roberta&#8221;, esposa de Jos\u00e9 M\u00e1rcio, 28 anos, natural de Itabaiana;<br \/>\nEvandro Santana Rocha, 27 anos, conhecido como &#8220;Tchurran&#8221;, 27 anos, natural de Itabaiana e morador de Campo do Brito;<br \/>\nHerivelton Silva, vulgo &#8220;Siri, Veto, ou Canela de Burro&#8221;, 29 anos, natural da cidade de Itabaiana. Preso anteriormente com base nas investiga\u00e7\u00f5es quando, em companhia de Jo\u00e3o Batista, iria matar um homem em Itabaiana. Est\u00e1 preso no Complexo Penitenci\u00e1rio Advogado Ant\u00f4nio Jacinto Filho (COMPAJAF), em Aracaju;<br \/>\nJo\u00e3o Batista Leite de Andrade, 33 anos, conhecido como &#8220;Jo\u00e3o&#8221;, natural de Itabaiana foi preso anteriormente \u00e0 opera\u00e7\u00e3o com base nas investiga\u00e7\u00f5es quando, em companhia de Herivelton iria matar um homem em Itabaiana. Est\u00e1 custodiado no Complexo Penitenci\u00e1rio Advogado Ant\u00f4nio Jacinto Filho (COMPAJAF), em Aracaju;<br \/>\nAdelvan Oliveira Cunha, 33 anos, vulgo &#8220;Adelvan, Pretinha ou Sem Futuro&#8221;. Nascido em Itabaiana, foi preso antes pelo Denarc e policiais da Bahia na cidade de Tucano com uma carga roubada, avaliada em 1,5 milh\u00e3o de reais. Est\u00e1 custodiado no pres\u00eddio da cidade de Terra Nova no estado da Bahia;<br \/>\nEdivaldo Alves da Cunha, 39 anos, vulgo &#8220;Vado ou Lodento&#8221;, natural de Itabaiana;<br \/>\nGivaldo Teles da Silva J\u00fanior, 34 anos, vulgo J\u00fanior ou Juninho Funileiro, natural de Itabaiana;<br \/>\nJos\u00e9 Aldo Almeida Mota, 46 anos, o &#8220;Gago de Tonho de Gl\u00f3ria, Luiz, Roberto ou Doutor&#8221;. Natural de Itabaiana. Foi preso anteriormente \u00e0 opera\u00e7\u00e3o com base nas investiga\u00e7\u00f5es por existir contra si mandado de pris\u00e3o condenat\u00f3ria por homic\u00eddio e outro por roubo. Est\u00e1 recolhido no Pres\u00eddio Regional Senador Leite Neto \u2013 PRESLEN, em Nossa Senhora da Gl\u00f3ria;<br \/>\nJos\u00e9 Edmilson de Almeida Mota, 41 anos, conhecido por \u201cNem de Tonho de Gl\u00f3ria ou Careca&#8221;, natural de Itabaiana;<br \/>\nMarcos Mota Clemente, 32 anos, vulgo &#8220;Marquinhos Ureia&#8221;, natural de Itabaiana;<br \/>\nDemilson Ferreira da Cunha, 43 anos, vulgo &#8220;Lourinho&#8221;, natural de Itabaiana;<br \/>\nH\u00e9lio Aparecido Delpech, vulgo &#8220;Junior&#8221;, 34 anos, preso na cidade de Praia Grande-SP;<br \/>\nJos\u00e9 Grasiane Menezes Mecenas, 27 anos, o &#8220;Naninho&#8221;, natural de Itabaiana;<br \/>\nJos\u00e9 Marcos da Silva, 29 anos, o &#8220;Biz\u00fa&#8221;, nascido em Itabaiana;<br \/>\nMaysa Santos Costa, 34 anos, a &#8220;Maysa&#8221;, natural de Itabaiana;<br \/>\nM\u00f4nica Oliveira Cunha, 37 anos, vulgo &#8220;M\u00f4nica&#8221;, nascida em Itabaiana. Presa na cidade de Garanhuns\/PE;<br \/>\nGilvan Tavares da Cunha, vulgo &#8220;Gilvan&#8221;, 37 anos, natural de Aracaju;<br \/>\nIris Michele da Silva Brito, 30 anos, vulgo &#8220;Michele&#8221;, nascida em Aracaju;<br \/>\nDami\u00e3o Tavares de Mendon\u00e7a, 19 anos, o &#8220;Tchuck&#8221;, natural de Itabaiana;<br \/>\nAlberto Farias Bispo, 40 anos, o &#8220;Cl\u00e1udio Celular&#8221;, nascido em Itabaiana;<br \/>\nMaria M\u00f4nica Barreto Novais, 42 anos, vulgo &#8220;M\u00f4nica&#8221;, natural de Aracaju;<br \/>\nMaur\u00edcio Guedes, 72 anos, vulgo &#8220;Maur\u00edcio Chap\u00e9u de Couro&#8221;;<br \/>\nCarlos Eduardo da Cunha, 32 anos, o &#8220;Galego da Banca&#8221;, natural de Itabaiana;<br \/>\nHelenilson Ferreira da Cunha, 41 anos, vulgo &#8220;Xex\u00e9u&#8221;, natural de Itabaiana;<br \/>\nJulio Luiz dos Santos, 22 anos, o &#8220;J\u00fanior&#8221;, natural de Itabaiana.<\/p>\n<p style=\"text-align: justify;\"><strong>Da SSP\/SE<\/strong><\/p>\n","protected":false},"excerpt":{"rendered":"<p>&nbsp; A Secretaria de Estado da Seguran\u00e7a P\u00fablica (SSP), atrav\u00e9s da Pol\u00edcia Civil, detalhou na manh\u00e3 desta segunda-feira, 26, a investiga\u00e7\u00e3o e execu\u00e7\u00f5es de pris\u00f5es relativas \u00e0 Opera\u00e7\u00e3o &#8220;Valqu\u00edria&#8221; desencadeada na quinta-feira, 21, nos estados de Sergipe, Pernambuco, Bahia e S\u00e3o Paulo. A superintendente da Pol\u00edcia Civil, Katarina Feitoza, abriu a coletiva \u00e0 imprensa na [&hellip;]<\/p>\n","protected":false},"author":1,"featured_media":51973,"comment_status":"closed","ping_status":"closed","sticky":false,"template":"","format":"standard","meta":{"footnotes":""},"categories":[15,7],"tags":[],"class_list":{"0":"post-51972","1":"post","2":"type-post","3":"status-publish","4":"format-standard","5":"has-post-thumbnail","7":"category-destaques","8":"category-policia"},"_links":{"self":[{"href":"https:\/\/senoticias.com.br\/se\/wp-json\/wp\/v2\/posts\/51972"}],"collection":[{"href":"https:\/\/senoticias.com.br\/se\/wp-json\/wp\/v2\/posts"}],"about":[{"href":"https:\/\/senoticias.com.br\/se\/wp-json\/wp\/v2\/types\/post"}],"author":[{"embeddable":true,"href":"https:\/\/senoticias.com.br\/se\/wp-json\/wp\/v2\/users\/1"}],"replies":[{"embeddable":true,"href":"https:\/\/senoticias.com.br\/se\/wp-json\/wp\/v2\/comments?post=51972"}],"version-history":[{"count":0,"href":"https:\/\/senoticias.com.br\/se\/wp-json\/wp\/v2\/posts\/51972\/revisions"}],"wp:featuredmedia":[{"embeddable":true,"href":"https:\/\/senoticias.com.br\/se\/wp-json\/wp\/v2\/media\/51973"}],"wp:attachment":[{"href":"https:\/\/senoticias.com.br\/se\/wp-json\/wp\/v2\/media?parent=51972"}],"wp:term":[{"taxonomy":"category","embeddable":true,"href":"https:\/\/senoticias.com.br\/se\/wp-json\/wp\/v2\/categories?post=51972"},{"taxonomy":"post_tag","embeddable":true,"href":"https:\/\/senoticias.com.br\/se\/wp-json\/wp\/v2\/tags?post=51972"}],"curies":[{"name":"wp","href":"https:\/\/api.w.org\/{rel}","templated":true}]}}