{"id":51958,"date":"2013-08-26T10:40:36","date_gmt":"2013-08-26T13:40:36","guid":{"rendered":"http:\/\/senoticias.com.br\/se\/?p=51958"},"modified":"2013-08-26T10:40:36","modified_gmt":"2013-08-26T13:40:36","slug":"prf-recupera-veiculo-com-mandado-de-busca-e-apreensao","status":"publish","type":"post","link":"https:\/\/senoticias.com.br\/se\/prf-recupera-veiculo-com-mandado-de-busca-e-apreensao\/","title":{"rendered":"PRF recupera ve\u00edculo com mandado de busca e apreens\u00e3o"},"content":{"rendered":"<div id=\"attachment_51959\" style=\"width: 310px\" class=\"wp-caption alignright\"><a href=\"http:\/\/senoticias.com.br\/se\/wp-content\/uploads\/2013\/08\/PRF-SE-Ve\u00edculo-mandado-busca-e-apreens\u00e3o-24ago13.jpg\"><img loading=\"lazy\" decoding=\"async\" aria-describedby=\"caption-attachment-51959\" class=\"size-medium wp-image-51959\" alt=\"Ve\u00edculo com mandado de busca e apreens\u00e3o..(Divulga\u00e7\u00e3o)\" src=\"http:\/\/senoticias.com.br\/se\/wp-content\/uploads\/2013\/08\/PRF-SE-Ve\u00edculo-mandado-busca-e-apreens\u00e3o-24ago13-300x263.jpg\" width=\"300\" height=\"263\" srcset=\"https:\/\/senoticias.com.br\/se\/wp-content\/uploads\/2013\/08\/PRF-SE-Ve\u00edculo-mandado-busca-e-apreens\u00e3o-24ago13-300x263.jpg 300w, https:\/\/senoticias.com.br\/se\/wp-content\/uploads\/2013\/08\/PRF-SE-Ve\u00edculo-mandado-busca-e-apreens\u00e3o-24ago13-342x300.jpg 342w, https:\/\/senoticias.com.br\/se\/wp-content\/uploads\/2013\/08\/PRF-SE-Ve\u00edculo-mandado-busca-e-apreens\u00e3o-24ago13.jpg 640w\" sizes=\"(max-width: 300px) 100vw, 300px\" \/><\/a><p id=\"caption-attachment-51959\" class=\"wp-caption-text\">Ve\u00edculo com mandado de busca e apreens\u00e3o..(Divulga\u00e7\u00e3o)<\/p><\/div>\n<p style=\"text-align: justify;\">Desde a \u00faltima sexta-feira (23), a Pol\u00edcia Rodovi\u00e1ria Federal (PRF) registrou 15 acidentes nas BRs de Sergipe. Vinte e dois ve\u00edculos se envolveram nos acidentes, quatro pessoas ficaram feridas e n\u00e3o houve registro de mortes.<\/p>\n<p style=\"text-align: justify;\">Foram fiscalizados 474 ve\u00edculos, dos quais 11 foram retidos por irregularidades. Dez CNHs foram apreendidas, dois usu\u00e1rios receberam aux\u00edlio direto dos policiais de servi\u00e7o, 337 multas de tr\u00e2nsito foram aplicadas, oito pessoas foram detidas e dois menores encaminhados.<\/p>\n<p style=\"text-align: justify;\"><strong>Lei Seca :<\/strong><\/p>\n<p style=\"text-align: justify;\">Mesmo sabendo da proibi\u00e7\u00e3o no consumo de bebidas alco\u00f3licas ao dirigir e do rigor da nova lei seca, condutores arriscaram as suas vidas e a de usu\u00e1rios das rodovias federais em Sergipe. Durante o final de semana, 118 testes de alcoolemia foram realizados. Desse total, nove condutores foram autuados, dos quais seis foram detidos por excederem o limite de 0,3 mg\/l (miligramas de \u00e1lcool por litro de ar expelido dos pulm\u00f5es). De acordo com a lei 12.760\/12 (nova lei seca), quem for flagrado dirigindo embriagado: comete uma infra\u00e7\u00e3o grav\u00edssima (sete pontos); tem a CNH recolhida e suspensa por doze meses; o ve\u00edculo fica retido at\u00e9 que um condutor habilitado e s\u00f3brio se apresente para a retirada do autom\u00f3vel; paga multa no valor de R$ 1.915,40 e ainda, poder\u00e1 responder por crime de tr\u00e2nsito. Em caso de reincid\u00eancia nos \u00faltimos doze meses, o valor da multa \u00e9 dobrado (R$ 3.830,80).<\/p>\n<p style=\"text-align: justify;\"><strong>Ocorr\u00eancias:<\/strong><\/p>\n<p style=\"text-align: justify;\">Sexta-feira (23)<br \/>\nPlant\u00e3o sem registro de ocorr\u00eancias criminais.<\/p>\n<p style=\"text-align: justify;\">S\u00e1bado (24)<\/p>\n<p style=\"text-align: justify;\"><strong>Ve\u00edculo roubado \u00e9 recuperado pela PRF em Aracaju.<\/strong><\/p>\n<p style=\"text-align: justify;\">Policiais Rodovi\u00e1rios Federais recuperaram no in\u00edcio da madrugada de s\u00e1bado (24), na altura do Km 2 da BR 235, em Aracaju (SE), um ve\u00edculo roubado. Os agentes federais faziam o trabalho de ronda quando avistaram o ve\u00edculo Fiat\/Fiorino, com placas de Sergipe, abandonado \u00e0 margem da rodovia. Ap\u00f3s a equipe PRF realizar contato com o propriet\u00e1rio do autom\u00f3vel, ele informou que o ve\u00edculo fora roubado na noite anterior, no bairro Siqueira Campos, na capital. O ve\u00edculo foi retido e a ocorr\u00eancia encaminhada \u00e0 Delegacia Plantonista do munic\u00edpio.<\/p>\n<p style=\"text-align: justify;\"><strong>BR 235: PRF recupera ve\u00edculo com mandado de busca e apreens\u00e3o.<\/strong><\/p>\n<p style=\"text-align: justify;\">Policiais Rodovi\u00e1rios Federais recuperaram na manh\u00e3 de s\u00e1bado (24), na altura do Km 51 da BR 235, em Itabaiana (SE), um ve\u00edculo com restri\u00e7\u00e3o de circula\u00e7\u00e3o. Os agentes federais faziam o trabalho de ronda quando deram ordem de parada ao ve\u00edculo Honda\/City, com placas de Pernambuco. Durante abordagem e consulta ao banco de dados utilizado pela PRF, os policiais descobriram que o ve\u00edculo possu\u00eda um mandado de busca e apreens\u00e3o, expedido pelo Tribunal de Justi\u00e7a do Paran\u00e1. O ve\u00edculo foi apreendido para comunica\u00e7\u00e3o \u00e0 justi\u00e7a.<\/p>\n<p style=\"text-align: justify;\"><strong>Homem \u00e9 detido pela PRF na BR 101.<\/strong><\/p>\n<p style=\"text-align: justify;\">Policiais Rodovi\u00e1rios Federais detiveram na noite de s\u00e1bado (24) no Km 114 da BR 101, em Itaporanga D&#8217;Ajuda (SE), um homem por dano ao patrim\u00f4nio p\u00fablico e vias de fato contra os policiais. Os agentes federais receberam den\u00fancia que um indiv\u00edduo estaria arrancando placas de sinaliza\u00e7\u00e3o da rodovia. A equipe PRF se deslocou at\u00e9 o local e encontraram um homem deitado sobre uma das placas, encostado \u00e0 mureta do concreto que separa os dois lados da pista. Os policiais acordaram o indiv\u00edduo e o ordenaram que sa\u00edsse do local, pois estaria gerando risco de acidente, mas ele agrediu os agentes que precisaram do uso de for\u00e7a moderada para cont\u00ea-lo. O homem, de 35 anos, foi detido e encaminhado \u00e0 Delegacia Plantonista, em Aracaju.<\/p>\n<p style=\"text-align: justify;\"><strong>Condutor \u00e9 detido pela PRF na BR 101.<\/strong><\/p>\n<p style=\"text-align: justify;\">Ele conduzia o ve\u00edculo na contram\u00e3o, com os far\u00f3is apagados e transportava duas crian\u00e7as.<br \/>\nDurante o plant\u00e3o de s\u00e1bado (24), Policiais Rodovi\u00e1rios Federais flagraram na altura do Km 23 da BR 101, em Malhada dos Bois (SE), o condutor do ve\u00edculo VW\/Gol, com placas de Sergipe, conduzindo o ve\u00edculo na contram\u00e3o com os far\u00f3is apagados. Durante abordagem, os policiais descobriram que o condutor estava transportando em seu ve\u00edculo, duas crian\u00e7as, de 2 e 3 anos, colocando-as em situa\u00e7\u00e3o de risco, deixando de cumprir com sua obriga\u00e7\u00e3o de guarda e zelo prevista no Estatuto da Crian\u00e7a e do Adolescente. A ocorr\u00eancia foi encaminhada ao Conselho Tutelar do munic\u00edpio, onde os respons\u00e1veis poder\u00e3o responder pelo crime previsto no artigo 249* do Estatuto da Crian\u00e7a e do Adolescente (ECA).<\/p>\n<p style=\"text-align: justify;\">*Art. 249. Descumprir, dolosa ou culposamente, os deveres inerentes ao poder familiar ou decorrente de tutela ou guarda, bem assim determina\u00e7\u00e3o da autoridade judici\u00e1ria ou Conselho Tutelar: Vig\u00eancia Pena &#8211; multa de tr\u00eas a vinte sal\u00e1rios de refer\u00eancia, aplicando-se o dobro em caso de reincid\u00eancia.<\/p>\n<p style=\"text-align: justify;\">Domingo (25)<\/p>\n<p style=\"text-align: justify;\"><strong> Plant\u00e3o sem registro de ocorr\u00eancias criminais.<\/strong><\/p>\n<p style=\"text-align: justify;\"><strong>N\u00facleo de Comunica\u00e7\u00e3o Social<\/strong><br \/>\n<strong> Pol\u00edcia Rodovi\u00e1ria Federal \u2013 Sergipe<\/strong><\/p>\n","protected":false},"excerpt":{"rendered":"<p>Desde a \u00faltima sexta-feira (23), a Pol\u00edcia Rodovi\u00e1ria Federal (PRF) registrou 15 acidentes nas BRs de Sergipe. Vinte e dois ve\u00edculos se envolveram nos acidentes, quatro pessoas ficaram feridas e n\u00e3o houve registro de mortes. Foram fiscalizados 474 ve\u00edculos, dos quais 11 foram retidos por irregularidades. Dez CNHs foram apreendidas, dois usu\u00e1rios receberam aux\u00edlio direto [&hellip;]<\/p>\n","protected":false},"author":2,"featured_media":51959,"comment_status":"closed","ping_status":"closed","sticky":false,"template":"","format":"standard","meta":{"footnotes":""},"categories":[7],"tags":[],"class_list":{"0":"post-51958","1":"post","2":"type-post","3":"status-publish","4":"format-standard","5":"has-post-thumbnail","7":"category-policia"},"_links":{"self":[{"href":"https:\/\/senoticias.com.br\/se\/wp-json\/wp\/v2\/posts\/51958"}],"collection":[{"href":"https:\/\/senoticias.com.br\/se\/wp-json\/wp\/v2\/posts"}],"about":[{"href":"https:\/\/senoticias.com.br\/se\/wp-json\/wp\/v2\/types\/post"}],"author":[{"embeddable":true,"href":"https:\/\/senoticias.com.br\/se\/wp-json\/wp\/v2\/users\/2"}],"replies":[{"embeddable":true,"href":"https:\/\/senoticias.com.br\/se\/wp-json\/wp\/v2\/comments?post=51958"}],"version-history":[{"count":0,"href":"https:\/\/senoticias.com.br\/se\/wp-json\/wp\/v2\/posts\/51958\/revisions"}],"wp:featuredmedia":[{"embeddable":true,"href":"https:\/\/senoticias.com.br\/se\/wp-json\/wp\/v2\/media\/51959"}],"wp:attachment":[{"href":"https:\/\/senoticias.com.br\/se\/wp-json\/wp\/v2\/media?parent=51958"}],"wp:term":[{"taxonomy":"category","embeddable":true,"href":"https:\/\/senoticias.com.br\/se\/wp-json\/wp\/v2\/categories?post=51958"},{"taxonomy":"post_tag","embeddable":true,"href":"https:\/\/senoticias.com.br\/se\/wp-json\/wp\/v2\/tags?post=51958"}],"curies":[{"name":"wp","href":"https:\/\/api.w.org\/{rel}","templated":true}]}}