{"id":51955,"date":"2013-08-26T10:17:15","date_gmt":"2013-08-26T13:17:15","guid":{"rendered":"http:\/\/senoticias.com.br\/se\/?p=51955"},"modified":"2013-08-27T15:19:02","modified_gmt":"2013-08-27T18:19:02","slug":"sao-cristovao-e-campeao-do-circuito-banco-do-brasil-sub-21-de-volei-de-praia","status":"publish","type":"post","link":"https:\/\/senoticias.com.br\/se\/sao-cristovao-e-campeao-do-circuito-banco-do-brasil-sub-21-de-volei-de-praia\/","title":{"rendered":"S\u00e3o Crist\u00f3v\u00e3o \u00e9 campe\u00e3o do Circuito Banco do Brasil Sub-21 de v\u00f4lei de praia"},"content":{"rendered":"<p>&nbsp;<\/p>\n<p><span style=\"color: #333333;\"><strong>Duda \u00e9 filha da ex-jogadora de v\u00f4lei de praia, Cida. Elas moram em S\u00e3o Crist\u00f3v\u00e3o, SE<\/strong><\/span><\/p>\n<div id=\"attachment_51956\" style=\"width: 310px\" class=\"wp-caption alignright\"><a href=\"http:\/\/senoticias.com.br\/se\/wp-content\/uploads\/2013\/08\/44649_t1.jpg\"><img loading=\"lazy\" decoding=\"async\" aria-describedby=\"caption-attachment-51956\" class=\"size-full wp-image-51956\" alt=\" Duda e Tain\u00e1 foram campe\u00e3s na capital federal. (Divulga\u00e7\u00e3o\/CBV)\" src=\"http:\/\/senoticias.com.br\/se\/wp-content\/uploads\/2013\/08\/44649_t1.jpg\" width=\"300\" height=\"196\" \/><\/a><p id=\"caption-attachment-51956\" class=\"wp-caption-text\"><br \/>Duda e Tain\u00e1 foram campe\u00e3s na capital federal. (Divulga\u00e7\u00e3o\/CBV)<\/p><\/div>\n<p style=\"text-align: justify;\">No feminino, t\u00edtulo para Sergipe. No masculino, Paran\u00e1 sagrou-se campe\u00e3o. Tudo gra\u00e7as a Duda\/Tain\u00e1 e Rocha\/Arthur Lanci, que, neste DOMINGO (25.08), em Bras\u00edlia (DF), conquistaram a quarta etapa do Circuito Banco do Brasil Sub-21, o Campeonato Brasileiro de Sele\u00e7\u00f5es Estaduais da categoria, que tem o apoio do Minist\u00e9rio do Esporte.<\/p>\n<p style=\"text-align: justify;\">As sergipanas Duda e Tain\u00e1, campe\u00e3s mundiais sub-19 este ano, no Porto (POR), chegaram \u00e0 capital federal credenciadas com o t\u00edtulo da terceira etapa, realizada em Cabo Frio (RJ). Apontadas como favoritas, n\u00e3o deixaram escapar a chance de subir ao lugar mais alto do p\u00f3dio novamente. E a conquista na arena montada no Parque da Cidade, na Asa Sul de Bras\u00edlia, veio de forma invicta e indiscut\u00edvel.<\/p>\n<p style=\"text-align: justify;\">Na decis\u00e3o, encararam suas companheiras de sele\u00e7\u00e3o brasileira, as cariocas Paula Hoffmann e Roberta Glatt, que disputaram a etapa como uma das duplas convidadas \u2013 lembrando que quem entra com wild card n\u00e3o contabiliza pontos para sua federa\u00e7\u00e3o. E Duda e Tain\u00e1, muito focadas e determinadas, fizeram uma boa partida e foram campe\u00e3s com uma vit\u00f3ria por 2 a0, parciais de 21\/12 e 21\/15.<\/p>\n<p style=\"text-align: justify;\">Na decis\u00e3o pelo terceiro lugar, Rio Grande do Norte, com a dupla Larissa\/Alana, levou a melhor sobre Santa Catarina, representada por Paola\/Taynara. Vit\u00f3ria no tie break, parciais de 21\/14, 19\/21 e 15\/8, e o p\u00f3dio na capital federal para as potiguares.<\/p>\n<p style=\"text-align: justify;\">No masculino, dois atletas do Paran\u00e1 continuam chamando a aten\u00e7\u00e3o na categoria. Arthur Lanci, campe\u00e3o da primeira etapa, em Jo\u00e3o Pessoa (PB), ao lado de Paulo, e Rocha, que conquistou a segunda etapa, em Fortaleza (CE), jogando com Dal\u2019Pozzo, agora levaram o t\u00edtulo juntos, mantendo o Estado no topo do ranking no Sub-21. Mas n\u00e3o tiveram vida f\u00e1cil neste domingo para garantir mais um trof\u00e9u para suas estantes.<\/p>\n<p style=\"text-align: justify;\">Na final contra a dupla de Rond\u00f4nia, formada por Renan e Miranda, eles at\u00e9 tiveram tranquilidade para fechar o primeiro set em 21\/15. Mas o jogo apertou a partir dali. Num segundo set disputado ponto a ponto, os rondonienses empataram a partida com um 23\/21, levando a decis\u00e3o para o tie break. E o set decisivo teve a mesma dose de emo\u00e7\u00e3o do anterior, mas com Rocha e Arthur Lanci fazendo 16\/14 e garantindo mais um t\u00edtulo.<\/p>\n<p style=\"text-align: justify;\">Eduardo e Sheldon, de Roraima, venceram F\u00e1bio e Allysson, do Cear\u00e1, por 2 a 0, parciais de 21\/19 e 21\/18, e completaram o p\u00f3dio masculino em Bras\u00edlia.<\/p>\n<p>A pr\u00f3xima etapa do Circuito Banco do Brasil Sub-21 ser\u00e1 realizada em Campinas (SP), entre os dias 6 e 8 de setembro. A sexta e \u00faltima est\u00e1 marcada para Curitiba (PR), de 18 a 20 de outubro.<\/p>\n<p>Assessoria de Comunica\u00e7\u00e3o &#8211; CBV | Idigo &#8211; N\u00facleo de Intelig\u00eancia Digital<\/p>\n","protected":false},"excerpt":{"rendered":"<p>&nbsp; Duda \u00e9 filha da ex-jogadora de v\u00f4lei de praia, Cida. Elas moram em S\u00e3o Crist\u00f3v\u00e3o, SE No feminino, t\u00edtulo para Sergipe. No masculino, Paran\u00e1 sagrou-se campe\u00e3o. Tudo gra\u00e7as a Duda\/Tain\u00e1 e Rocha\/Arthur Lanci, que, neste DOMINGO (25.08), em Bras\u00edlia (DF), conquistaram a quarta etapa do Circuito Banco do Brasil Sub-21, o Campeonato Brasileiro de [&hellip;]<\/p>\n","protected":false},"author":1,"featured_media":51956,"comment_status":"closed","ping_status":"closed","sticky":false,"template":"","format":"standard","meta":{"footnotes":""},"categories":[39,8],"tags":[],"class_list":{"0":"post-51955","1":"post","2":"type-post","3":"status-publish","4":"format-standard","5":"has-post-thumbnail","7":"category-esporte","8":"category-esporte-e-cultura"},"_links":{"self":[{"href":"https:\/\/senoticias.com.br\/se\/wp-json\/wp\/v2\/posts\/51955"}],"collection":[{"href":"https:\/\/senoticias.com.br\/se\/wp-json\/wp\/v2\/posts"}],"about":[{"href":"https:\/\/senoticias.com.br\/se\/wp-json\/wp\/v2\/types\/post"}],"author":[{"embeddable":true,"href":"https:\/\/senoticias.com.br\/se\/wp-json\/wp\/v2\/users\/1"}],"replies":[{"embeddable":true,"href":"https:\/\/senoticias.com.br\/se\/wp-json\/wp\/v2\/comments?post=51955"}],"version-history":[{"count":0,"href":"https:\/\/senoticias.com.br\/se\/wp-json\/wp\/v2\/posts\/51955\/revisions"}],"wp:featuredmedia":[{"embeddable":true,"href":"https:\/\/senoticias.com.br\/se\/wp-json\/wp\/v2\/media\/51956"}],"wp:attachment":[{"href":"https:\/\/senoticias.com.br\/se\/wp-json\/wp\/v2\/media?parent=51955"}],"wp:term":[{"taxonomy":"category","embeddable":true,"href":"https:\/\/senoticias.com.br\/se\/wp-json\/wp\/v2\/categories?post=51955"},{"taxonomy":"post_tag","embeddable":true,"href":"https:\/\/senoticias.com.br\/se\/wp-json\/wp\/v2\/tags?post=51955"}],"curies":[{"name":"wp","href":"https:\/\/api.w.org\/{rel}","templated":true}]}}