{"id":51946,"date":"2013-08-26T06:17:48","date_gmt":"2013-08-26T09:17:48","guid":{"rendered":"http:\/\/senoticias.com.br\/se\/?p=51946"},"modified":"2013-08-27T04:21:58","modified_gmt":"2013-08-27T07:21:58","slug":"jackson-participa-de-inauguracao-de-radio-e-procissao-em-s-rosa-de-lima","status":"publish","type":"post","link":"https:\/\/senoticias.com.br\/se\/jackson-participa-de-inauguracao-de-radio-e-procissao-em-s-rosa-de-lima\/","title":{"rendered":"Jackson participa de inaugura\u00e7\u00e3o de r\u00e1dio e prociss\u00e3o em S. Rosa de Lima"},"content":{"rendered":"<p>&nbsp;<\/p>\n<div id=\"attachment_51947\" style=\"width: 310px\" class=\"wp-caption alignright\"><a href=\"http:\/\/senoticias.com.br\/se\/wp-content\/uploads\/2013\/08\/20130825GovJacksonProcissaoStaRosadeLima53.jpg\"><img loading=\"lazy\" decoding=\"async\" aria-describedby=\"caption-attachment-51947\" class=\"size-medium wp-image-51947\" alt=\" O governador em exerc\u00edcio externou toda a sua satisfa\u00e7\u00e3o em estar presente e participar de diversos atos inerentes \u00e0 programa\u00e7\u00e3o festiva da sua terra natal.(Foto: Marcos Rodrigues\/ASN)\" src=\"http:\/\/senoticias.com.br\/se\/wp-content\/uploads\/2013\/08\/20130825GovJacksonProcissaoStaRosadeLima53-300x196.jpg\" width=\"300\" height=\"196\" srcset=\"https:\/\/senoticias.com.br\/se\/wp-content\/uploads\/2013\/08\/20130825GovJacksonProcissaoStaRosadeLima53-300x196.jpg 300w, https:\/\/senoticias.com.br\/se\/wp-content\/uploads\/2013\/08\/20130825GovJacksonProcissaoStaRosadeLima53-342x224.jpg 342w, https:\/\/senoticias.com.br\/se\/wp-content\/uploads\/2013\/08\/20130825GovJacksonProcissaoStaRosadeLima53.jpg 546w\" sizes=\"(max-width: 300px) 100vw, 300px\" \/><\/a><p id=\"caption-attachment-51947\" class=\"wp-caption-text\"><br \/>O governador em exerc\u00edcio externou toda a sua satisfa\u00e7\u00e3o em estar presente e participar de diversos atos inerentes \u00e0 programa\u00e7\u00e3o festiva da sua terra natal.(Foto: Marcos Rodrigues\/ASN)<\/p><\/div>\n<p style=\"text-align: justify;\">Na tarde deste domingo, 25, o governador em exerc\u00edcio, Jackson Barreto, participou da inaugura\u00e7\u00e3o da r\u00e1dio comunit\u00e1ria Brioso 106,3 FM, a primeira do munic\u00edpio de Santa Rosa e que tamb\u00e9m atingir\u00e1 outros munic\u00edpios da regi\u00e3o. Na sequ\u00eancia, tamb\u00e9m participou da tradicional prociss\u00e3o em louvor a padroeira Santa Rosa de Lima, complementando a programa\u00e7\u00e3o festiva no munic\u00edpio.<\/p>\n<p style=\"text-align: justify;\">A emissora \u00e9 fruto de um projeto elaborado ainda quando o atual governador em exerc\u00edcio era deputado federal, e funcionar\u00e1 como instrumento de difus\u00e3o cultural e informativa para a popula\u00e7\u00e3o de toda a regi\u00e3o.<\/p>\n<p style=\"text-align: justify;\">\u201cEsta r\u00e1dio n\u00e3o tem partido e ser\u00e1 um instrumento para melhorar cada vez mais o n\u00edvel de informa\u00e7\u00e3o do povo de Santa Rosa e dos munic\u00edpios vizinhos. Aqui, o Poder Legislativo poder\u00e1 anunciar as medidas fruto do seu trabalho, a administra\u00e7\u00e3o municipal divulgar\u00e1 seus programas de educa\u00e7\u00e3o e qualifica\u00e7\u00e3o, bem como a popula\u00e7\u00e3o tamb\u00e9m ter\u00e1 espa\u00e7o para fazer suas reivindica\u00e7\u00f5es e receber informa\u00e7\u00f5es\u201d, descreveu o governador em exerc\u00edcio, que descerrou a placa comemorativa ao lado do prefeito Valdir Santos, do arcebispo metropolitano da capital, Dom Jos\u00e9 Palmeira Lessa, vereadores e lideran\u00e7as da comunidade envolvidas com a iniciativa.<\/p>\n<p style=\"text-align: justify;\">Tamb\u00e9m participaram dos atos comemorativos \u00e0 inaugura\u00e7\u00e3o o diretor Administrativo da emissora, Gladson dos Santos, popularmente conhecido como \u2018Gagau\u2019, e o diretor de Opera\u00e7\u00f5es, Luiz Roberto Azevedo.<\/p>\n<p style=\"text-align: justify;\"><strong>Tradi\u00e7\u00e3o<\/strong><\/p>\n<p style=\"text-align: justify;\">Dando continuidade \u00e0 programa\u00e7\u00e3o da tarde, o governador em exerc\u00edcio acompanhou uma das manifesta\u00e7\u00f5es religiosas mais tradicionais do munic\u00edpio, que \u00e9 a prociss\u00e3o em louvor \u00e0 sua padroeira, Santa Rosa de Lima, que percorre diversas ruas da sede do munic\u00edpio. A prociss\u00e3o foi conduzida pelo arcebispo Dom Lessa e pelo p\u00e1roco da cidade, padre Claudomiro Rocha.<\/p>\n<p style=\"text-align: justify;\">\u201c\u00c9 uma alegria constatar a devo\u00e7\u00e3o do povo santarosense \u00e0 sua padroeira. Santa Rosa de Lima foi a primeira santa de origem americana, sendo tamb\u00e9m a padroeira do Peru. \u00c9 muito importante ver que a popula\u00e7\u00e3o mant\u00e9m a sua devo\u00e7\u00e3o e sempre tem em mente todo o trabalho de caridade, humildade e amor ao pr\u00f3ximo que foram as marcas de sua padroeira\u201d, afirmou o arcebispo Dom Lessa.<\/p>\n<p style=\"text-align: justify;\"><strong>Terra Natal<\/strong><\/p>\n<p style=\"text-align: justify;\">J\u00e1 o governador em exerc\u00edcio Jackson Barreto externou toda a sua satisfa\u00e7\u00e3o em estar presente e participar de diversos atos inerentes \u00e0 programa\u00e7\u00e3o festiva da sua terra natal. \u201cQuando chego em Santa Rosa, estou em casa. Aqui \u00e9 minha p\u00e1tria, meu mundo, onde nasci e me criei. Aqui \u00e9 onde est\u00e3o sepultados os meus pais e onde vivi parte da minha inf\u00e2ncia, e de onde nunca me desvinculei\u201d, declarou Jackson Barreto.<\/p>\n<p style=\"text-align: justify;\">Segundo o governador em exerc\u00edcio, participar da festa da padroeira \u00e9 uma alegria permanente. \u201cA minha alegria se renova todos os anos em rever grandes e fraternos amigos da minha terra. Aqui tamb\u00e9m louvamos um fato hist\u00f3rico j\u00e1 que Santa Rosa de Lima \u00e9 a primeira santa canonizada da Am\u00e9rica Latina. Eu estive pessoalmente em Lima, no Peru, onde visitei a sua igreja que se tornou bas\u00edlica atrav\u00e9s do papa Jo\u00e3o Paulo II\u201d, descreveu.<\/p>\n<p style=\"text-align: justify;\">\u201cHoje, para mim, h\u00e1 uma dupla alegria, primeiro pela festa da padroeira; e tamb\u00e9m pela inaugura\u00e7\u00e3o da r\u00e1dio comunit\u00e1ria 106,3 FM. Esta \u00e9 uma emissora que veio para ajudar a educar, alfabetizar e fazer o nosso povo crescer e se desenvolver. Atrav\u00e9s dela, vamos divulgar nossa cultura e ajudar um projeto educacional de evangeliza\u00e7\u00e3o, forma\u00e7\u00e3o e conscientiza\u00e7\u00e3o pol\u00edtica. Queremos que essa r\u00e1dio seja um instrumento que ajude nosso povo a evoluir\u201d, concluiu o governador em exerc\u00edcio.<\/p>\n<p style=\"text-align: justify;\">Participaram dos atos o deputado federal Valadares Filho, os deputados estaduais Jos\u00e9 Guimar\u00e3es e Concei\u00e7\u00e3o Vieira, o vereador da capital, Robson Viana, o secret\u00e1rio de Estado da Agricultura, Jos\u00e9 Mac\u00eado Sobral, a secret\u00e1ria de Estado da Sa\u00fade, Jo\u00e9lia Silva, e o secret\u00e1rio adjunto da Comunica\u00e7\u00e3o, Jos\u00e9 Sales Neto, dentre outras autoridades, prefeitos e ex-prefeitos da regi\u00e3o, vereadores e lideran\u00e7as comunit\u00e1rias.<\/p>\n<p style=\"text-align: justify;\"><strong>Da Ag\u00eancia Sergipe de Not\u00edcias<\/strong><\/p>\n","protected":false},"excerpt":{"rendered":"<p>&nbsp; Na tarde deste domingo, 25, o governador em exerc\u00edcio, Jackson Barreto, participou da inaugura\u00e7\u00e3o da r\u00e1dio comunit\u00e1ria Brioso 106,3 FM, a primeira do munic\u00edpio de Santa Rosa e que tamb\u00e9m atingir\u00e1 outros munic\u00edpios da regi\u00e3o. Na sequ\u00eancia, tamb\u00e9m participou da tradicional prociss\u00e3o em louvor a padroeira Santa Rosa de Lima, complementando a programa\u00e7\u00e3o festiva [&hellip;]<\/p>\n","protected":false},"author":1,"featured_media":51947,"comment_status":"closed","ping_status":"closed","sticky":false,"template":"","format":"standard","meta":{"footnotes":""},"categories":[6],"tags":[],"class_list":{"0":"post-51946","1":"post","2":"type-post","3":"status-publish","4":"format-standard","5":"has-post-thumbnail","7":"category-politica"},"_links":{"self":[{"href":"https:\/\/senoticias.com.br\/se\/wp-json\/wp\/v2\/posts\/51946"}],"collection":[{"href":"https:\/\/senoticias.com.br\/se\/wp-json\/wp\/v2\/posts"}],"about":[{"href":"https:\/\/senoticias.com.br\/se\/wp-json\/wp\/v2\/types\/post"}],"author":[{"embeddable":true,"href":"https:\/\/senoticias.com.br\/se\/wp-json\/wp\/v2\/users\/1"}],"replies":[{"embeddable":true,"href":"https:\/\/senoticias.com.br\/se\/wp-json\/wp\/v2\/comments?post=51946"}],"version-history":[{"count":0,"href":"https:\/\/senoticias.com.br\/se\/wp-json\/wp\/v2\/posts\/51946\/revisions"}],"wp:featuredmedia":[{"embeddable":true,"href":"https:\/\/senoticias.com.br\/se\/wp-json\/wp\/v2\/media\/51947"}],"wp:attachment":[{"href":"https:\/\/senoticias.com.br\/se\/wp-json\/wp\/v2\/media?parent=51946"}],"wp:term":[{"taxonomy":"category","embeddable":true,"href":"https:\/\/senoticias.com.br\/se\/wp-json\/wp\/v2\/categories?post=51946"},{"taxonomy":"post_tag","embeddable":true,"href":"https:\/\/senoticias.com.br\/se\/wp-json\/wp\/v2\/tags?post=51946"}],"curies":[{"name":"wp","href":"https:\/\/api.w.org\/{rel}","templated":true}]}}