{"id":51944,"date":"2013-08-26T06:01:39","date_gmt":"2013-08-26T09:01:39","guid":{"rendered":"http:\/\/senoticias.com.br\/se\/?p=51944"},"modified":"2013-08-26T06:01:39","modified_gmt":"2013-08-26T09:01:39","slug":"nova-sede-da-camara-de-vereadores-de-aracaju-sera-na-coroa-do-meio","status":"publish","type":"post","link":"https:\/\/senoticias.com.br\/se\/nova-sede-da-camara-de-vereadores-de-aracaju-sera-na-coroa-do-meio\/","title":{"rendered":"Nova sede da C\u00e2mara de Vereadores de Aracaju ser\u00e1 na Coroa do Meio"},"content":{"rendered":"<div id=\"attachment_51945\" style=\"width: 310px\" class=\"wp-caption alignright\"><a href=\"http:\/\/senoticias.com.br\/se\/wp-content\/uploads\/2013\/08\/IMG_4946.jpg\"><img loading=\"lazy\" decoding=\"async\" aria-describedby=\"caption-attachment-51945\" class=\"size-medium wp-image-51945\" alt=\"Definida \u00e1rea da nova sede da C\u00e2mara de Vereadores de Aracaju. (Foto: Acr\u00edsio Siqueira)\" src=\"http:\/\/senoticias.com.br\/se\/wp-content\/uploads\/2013\/08\/IMG_4946-300x206.jpg\" width=\"300\" height=\"206\" srcset=\"https:\/\/senoticias.com.br\/se\/wp-content\/uploads\/2013\/08\/IMG_4946-300x206.jpg 300w, https:\/\/senoticias.com.br\/se\/wp-content\/uploads\/2013\/08\/IMG_4946-342x235.jpg 342w, https:\/\/senoticias.com.br\/se\/wp-content\/uploads\/2013\/08\/IMG_4946.jpg 480w\" sizes=\"(max-width: 300px) 100vw, 300px\" \/><\/a><p id=\"caption-attachment-51945\" class=\"wp-caption-text\">Definida \u00e1rea da nova sede da C\u00e2mara de Vereadores de Aracaju. (Foto: Acr\u00edsio Siqueira)<\/p><\/div>\n<p style=\"text-align: justify;\">A nova sede da C\u00e2mara de Vereadores de Aracaju vai ser constru\u00edda no bairro Coroa do Meio, zona sul da capital. O terreno de 10 mil m\u00b2, doado pela Prefeitura de Aracaju, fica \u00e0s margens do rio Poxim nas imedia\u00e7\u00f5es da \u00e1rea destinada \u00e0 venda de fogos de artif\u00edcio. O projeto est\u00e1 or\u00e7ado em R$ 15 milh\u00f5es. A perspectiva \u00e9 de que as obras sejam iniciadas ainda no primeiro semestre do ano que vem.<\/p>\n<p style=\"text-align: justify;\">De acordo com Vin\u00edcius Porto, os recursos ser\u00e3o alocados atrav\u00e9s de emendas parlamentares. \u201cJ\u00e1 estamos conversando com a nossa bancada federal para viabilizar a libera\u00e7\u00e3o das verbas. Os deputados e senadores j\u00e1 sinalizaram o apoio a esta empreitada que consiste em uma antiga reivindica\u00e7\u00e3o de toda a sociedade, pois existe a necessidade de se construir um pr\u00e9dio pr\u00f3prio do Legislativo Municipal\u201d, enfatiza o presidente da CMA.<\/p>\n<p style=\"text-align: justify;\">O local do futuro pr\u00e9dio da C\u00e2mara foi definido na \u00faltima quinta-feira (22\/8) durante reuni\u00e3o entre o presidente da CMA, Vin\u00edcius Porto (DEM) e o secret\u00e1rio municipal de Infraestrutura, Luiz Durval. Tamb\u00e9m participaram do encontro, o diretor de Projetos da Emurb, o arquiteto D\u00e9cio Arag\u00e3o e o diretor geral da CMA, Renato Const\u00e2ncio Vieira.<\/p>\n<p style=\"text-align: justify;\">Com a defini\u00e7\u00e3o da \u00e1rea, o pr\u00f3ximo passo s\u00e3o os procedimentos administrativos. A C\u00e2mara vai requerer o terreno oficialmente ao prefeito, Jo\u00e3o Alves Filho que, por sua vez, encaminhar\u00e1 para an\u00e1lise t\u00e9cnica da Empresa Municipal de Urbaniza\u00e7\u00e3o, a Emurb. \u201cAcredito que ser\u00e1 um processo r\u00e1pido, pois os tr\u00e2mites com a Emurb j\u00e1 est\u00e3o em andamento\u201d, disse o secret\u00e1rio municipal de Infraestrutura ao se referir sobre a decis\u00e3o da \u00e1rea.<\/p>\n<p style=\"text-align: justify;\">Para o vereador Vin\u00edcius Porto, a defini\u00e7\u00e3o do local foi um passo importante para que o projeto saia do papel. \u201cPara que os recursos financeiros sejam locados atrav\u00e9s de emendas parlamentares no or\u00e7amento da Uni\u00e3o, a CMA precisa estar de posse de todas as obriga\u00e7\u00f5es legais. Uma delas \u00e9 justamente a posse da \u00e1rea a ser constru\u00edda\u201d, explica o Presidente ao acrescentar que a constru\u00e7\u00e3o da nova sede dever\u00e1 iniciar no primeiro semestre do ano que vem.<\/p>\n<p style=\"text-align: justify;\">A atual sede n\u00e3o comporta a demanda existente. \u201cNo nosso espa\u00e7o n\u00e3o tem como atender a popula\u00e7\u00e3o de forma digna e confort\u00e1vel, pois n\u00e3o possui gabinetes, nem audit\u00f3rio. Com essa obra, teremos a possibilidade de proporcionar um maior conforto, tanto para os parlamentares, quanto para as pessoas que gostam de acompanhar o trabalho da C\u00e2mara\u201d, disse o presidente da C\u00e2mara de Vereadores de Aracaju.<\/p>\n","protected":false},"excerpt":{"rendered":"<p>A nova sede da C\u00e2mara de Vereadores de Aracaju vai ser constru\u00edda no bairro Coroa do Meio, zona sul da capital. O terreno de 10 mil m\u00b2, doado pela Prefeitura de Aracaju, fica \u00e0s margens do rio Poxim nas imedia\u00e7\u00f5es da \u00e1rea destinada \u00e0 venda de fogos de artif\u00edcio. O projeto est\u00e1 or\u00e7ado em R$ [&hellip;]<\/p>\n","protected":false},"author":1,"featured_media":51945,"comment_status":"closed","ping_status":"closed","sticky":false,"template":"","format":"standard","meta":{"footnotes":""},"categories":[6],"tags":[],"class_list":{"0":"post-51944","1":"post","2":"type-post","3":"status-publish","4":"format-standard","5":"has-post-thumbnail","7":"category-politica"},"_links":{"self":[{"href":"https:\/\/senoticias.com.br\/se\/wp-json\/wp\/v2\/posts\/51944"}],"collection":[{"href":"https:\/\/senoticias.com.br\/se\/wp-json\/wp\/v2\/posts"}],"about":[{"href":"https:\/\/senoticias.com.br\/se\/wp-json\/wp\/v2\/types\/post"}],"author":[{"embeddable":true,"href":"https:\/\/senoticias.com.br\/se\/wp-json\/wp\/v2\/users\/1"}],"replies":[{"embeddable":true,"href":"https:\/\/senoticias.com.br\/se\/wp-json\/wp\/v2\/comments?post=51944"}],"version-history":[{"count":0,"href":"https:\/\/senoticias.com.br\/se\/wp-json\/wp\/v2\/posts\/51944\/revisions"}],"wp:featuredmedia":[{"embeddable":true,"href":"https:\/\/senoticias.com.br\/se\/wp-json\/wp\/v2\/media\/51945"}],"wp:attachment":[{"href":"https:\/\/senoticias.com.br\/se\/wp-json\/wp\/v2\/media?parent=51944"}],"wp:term":[{"taxonomy":"category","embeddable":true,"href":"https:\/\/senoticias.com.br\/se\/wp-json\/wp\/v2\/categories?post=51944"},{"taxonomy":"post_tag","embeddable":true,"href":"https:\/\/senoticias.com.br\/se\/wp-json\/wp\/v2\/tags?post=51944"}],"curies":[{"name":"wp","href":"https:\/\/api.w.org\/{rel}","templated":true}]}}