{"id":51937,"date":"2013-08-25T12:40:21","date_gmt":"2013-08-25T15:40:21","guid":{"rendered":"http:\/\/senoticias.com.br\/se\/?p=51937"},"modified":"2013-08-25T12:40:21","modified_gmt":"2013-08-25T15:40:21","slug":"a-quem-interessa-uma-crise-entre-pt-e-pmdb-em-sergipe","status":"publish","type":"post","link":"https:\/\/senoticias.com.br\/se\/a-quem-interessa-uma-crise-entre-pt-e-pmdb-em-sergipe\/","title":{"rendered":"A quem interessa uma crise entre PT e PMDB em Sergipe?"},"content":{"rendered":"<p style=\"text-align: justify;\"><a href=\"  http:\/\/www.brasil247.com\/pt\/247\/sergipe247\/112720\/A-quem-interessa-uma-crise-entre-PT-e-PMDB-em-Sergipe.htm\" target=\"_blank\"><span style=\"color: #888888;\"><strong>por Valter Lima, do Sergipe 247<\/strong><\/span><\/a><\/p>\n<p style=\"text-align: justify;\">\n<p style=\"text-align: justify;\">No emaranhado de declara\u00e7\u00f5es, an\u00e1lises e cr\u00edticas sobre as rela\u00e7\u00f5es dentro da base governista, algumas quest\u00f5es t\u00eam se sobressa\u00eddo. Depois de um per\u00edodo de aparente calmaria na fabrica\u00e7\u00e3o de especula\u00e7\u00f5es sobre o casamento entre PT e PMDB, come\u00e7aram a surgir, novamente, acusadores do descompasso. Enquanto o governador em exerc\u00edcio Jackson Barreto (PMDB) disse na quarta-feira (21) que seu relacionamento com o PT ia bem \u2013 assim como tamb\u00e9m era satisfat\u00f3ria a rela\u00e7\u00e3o com os demais partidos da base \u2013, no dia seguinte, o vereador Robson Viana (do mesmo partido de JB) anunciava uma dificuldade intranspon\u00edvel, da parte do governador em exerc\u00edcio, de administrar diante de imposi\u00e7\u00f5es feitas por petistas.<\/p>\n<div id=\"attachment_51938\" style=\"width: 600px\" class=\"wp-caption aligncenter\"><a href=\"http:\/\/senoticias.com.br\/se\/wp-content\/uploads\/2013\/08\/Valter.jpg\"><img loading=\"lazy\" decoding=\"async\" aria-describedby=\"caption-attachment-51938\" class=\"size-full wp-image-51938\" alt=\"Fotomontagem: Sergipe 247. (Divulga\u00e7\u00e3o)\" src=\"http:\/\/senoticias.com.br\/se\/wp-content\/uploads\/2013\/08\/Valter.jpg\" width=\"590\" height=\"211\" srcset=\"https:\/\/senoticias.com.br\/se\/wp-content\/uploads\/2013\/08\/Valter.jpg 590w, https:\/\/senoticias.com.br\/se\/wp-content\/uploads\/2013\/08\/Valter-300x107.jpg 300w, https:\/\/senoticias.com.br\/se\/wp-content\/uploads\/2013\/08\/Valter-342x122.jpg 342w\" sizes=\"(max-width: 590px) 100vw, 590px\" \/><\/a><p id=\"caption-attachment-51938\" class=\"wp-caption-text\">Fotomontagem: Sergipe 247. (Divulga\u00e7\u00e3o)<\/p><\/div>\n<p style=\"text-align: justify;\">O parlamentar, que j\u00e1 foi filiado ao PT, chegou a dizer, inclusive, que a Jackson era negado informa\u00e7\u00f5es sobre a situa\u00e7\u00e3o financeira do Estado, e que o atraso no pagamento dos sal\u00e1rios dos aposentados no final do m\u00eas passado foi proposital para prejudicar o vice-governador. E por tr\u00e1s de tanta maquina\u00e7\u00e3o, segundo Robson Viana, estaria o PT. Deixou subentendido que o secret\u00e1rio interino da Fazenda Oliveira J\u00fanior seria o respons\u00e1vel por tamanha a\u00e7\u00e3o irrespons\u00e1vel. As primeiras declara\u00e7\u00f5es de Viana foram dadas ao Jornal da Cidade, mas se espalharam tamb\u00e9m pelos programas de r\u00e1dio, em entrevistas na quinta-feira e na sexta-feira.<\/p>\n<p style=\"text-align: justify;\">Para Robson, do jeito que as pe\u00e7as est\u00e3o colocadas n\u00e3o \u00e9 poss\u00edvel administrar. Ele deu um ultimato: ou D\u00e9da d\u00e1 autonomia completa a Jackson ou o PT reassuma o governo definitivamente. Nessa jogada \u00e9 \u00f3bvio que s\u00f3 h\u00e1, no momento, uma op\u00e7\u00e3o mais f\u00e1cil de ser colocada em pr\u00e1tica, uma vez que o governador licenciado Marcelo D\u00e9da encontra-se focado em seu tratamento contra o c\u00e2ncer no est\u00f4mago e n\u00e3o trabalha com a hip\u00f3tese de retorno imediato ao comando do Estado. Inclusive, esta quest\u00e3o ganhou novamente corpo na imprensa na semana passada, atrav\u00e9s de uma nota que noticiava a volta de D\u00e9da em 15 dias \u00e0 administra\u00e7\u00e3o, algo defendido por \u201camigos\u201d do governador.<\/p>\n<p style=\"text-align: justify;\">Sobre isso, o secret\u00e1rio da Casa Civil Silvio Santos n\u00e3o poupou palavras: disse ele que este tipo de informa\u00e7\u00e3o partia da mesma fonte que tamb\u00e9m colocava petistas dentro do governo como estorvo a Jackson (\u201cdiziam que eu estava levando fofoca a D\u00e9da; era um processo de queima\u00e7\u00e3o intenso e tamb\u00e9m de fogo amigo\u201d). Silvio tamb\u00e9m questionou quem seriam esses \u201camigos de D\u00e9da\u201d que t\u00eam mais influ\u00eancia sobre a sa\u00fade do governador do que os pr\u00f3prios m\u00e9dicos dele (\u201cD\u00e9da est\u00e1 focado em sua recupera\u00e7\u00e3o. N\u00e3o tem prazo para ele voltar \u00e0 administra\u00e7\u00e3o\u201d).<\/p>\n<p style=\"text-align: justify;\">\u201cEssa notinha \u00e9 uma tentativa de voltar \u00e0quela hist\u00f3ria de que tem gente no governo que, para preservar seu cargo, quer que D\u00e9da volte. \u00c9 um jogo sujo, que n\u00e3o tem sentido. D\u00e9da s\u00f3 deve voltar ao governo quando estiver plenamente recuperado. \u00c9 o que desejam os amigos, e eu me incluo nesse grupo, e os familiares dele. O governo est\u00e1 sendo bem tocado por Jackson. Quem apostar numa crise de relacionamento entre D\u00e9da e Jackson vai perder. Eles se encontraram, conversaram longamente. Eles est\u00e3o afinados\u201d, disse Silvio Santos, ao ser entrevistado na segunda-feira (19) pelos radialistas Jason Neto e Magna Santana.<\/p>\n<p style=\"text-align: justify;\">Teria o secret\u00e1rio da Casa Civil feito uma previs\u00e3o dos fatos que se seguiriam ao longo da semana?<\/p>\n<p style=\"text-align: justify;\">Na quarta-feira, antes de se reunir com os secret\u00e1rios estaduais para cobrar deles mais abertura no repasse de informa\u00e7\u00f5es para a Assembleia Legislativa, Jackson falou sobre a rela\u00e7\u00e3o com o PT ao ser entrevistado pela imprensa. \u201cEu n\u00e3o tenho nenhum problema na rela\u00e7\u00e3o com nenhum partido. Quando entrei para participar deste projeto, entrei compreendendo os projetos deste grupo. De sorte que n\u00e3o tenho problema. Se algu\u00e9m tiver algum problema comigo n\u00e3o sei. At\u00e9 porque, eu sempre ajo de comum acordo com todos. Quem est\u00e1 a\u00ed est\u00e1 presenciando. Por acaso, sou o governador. Os secret\u00e1rios eu mudei? N\u00e3o s\u00e3o na maioria do PT? Por que tenho problema com o PT?\u201d, afirmou.<\/p>\n<p style=\"text-align: justify;\">Negando o que foi dito por seu l\u00edder, Robson Viana cantou outra vers\u00e3o dos fatos. Diante do que foi dito pelo vereador, o deputado estadual Francisco Gualberto (PT) se manifestou: para ele, Robson \u00e9 louco e cumpre o papel de trapalh\u00e3o. \u201cAs afirma\u00e7\u00f5es de Robson Viana \u00e9 coisa de louco. Pensei que o depoimento tinha sido colhido na S\u00e3o Marcelo. \u00c9 uma loucura absoluta, \u00e9 um devaneio\u201d, disse. Para Gualberto, o vereador, aliado do prefeito de Aracaju, Jo\u00e3o Alves (DEM), estaria atuando com este interesse. \u201cEle tem que saber qual \u00e9 o J dele. O J de Jackson ou J de Jo\u00e3o Alves. O PT nem reconhece as declara\u00e7\u00f5es de Robson Viana. O governo Jackson Barreto \u00e9 o nosso governo\u201d, afirmou o petista. \u201cRobson Viana n\u00e3o apitara nem alto e nem baixo\u201d, arrematou.<\/p>\n<p style=\"text-align: justify;\">Sobre toda essa pol\u00eamica, restaram algumas perguntas: estaria Jackson em acordo com o que \u00e9 dito pelo vereador Robson Viana? Ele tem realmente enfrentado dificuldades para administrar o Estado com a presen\u00e7a de petistas? H\u00e1 petistas trabalhando contra o governo JB? Esquece Robson Viana que o PT \u00e9 o partido mais leg\u00edtimo dentro da base, j\u00e1 que o governador reeleito em 2010 \u00e9 da sigla?<\/p>\n<p style=\"text-align: justify;\">O jornalista Di\u00f3genes Brayner afirmou em sua coluna na sexta-feira (23), que \u201cJackson comentou com um auxiliar que esse tipo de declara\u00e7\u00e3o de Robson n\u00e3o ajuda em nada e s\u00f3 atrapalha\u201d. \u201cJackson Barreto sabe, entretanto, que esse tipo de coment\u00e1rio ser\u00e1 sempre requentado, em raz\u00e3o de posi\u00e7\u00f5es naturais entre membros de partidos que fazem a alian\u00e7a\u201d, ressaltou Brayner, que disse ainda que segundo um dos auxiliares do governador em exerc\u00edcio, \u201ca cultura do Governo D\u00e9da n\u00e3o \u00e9 facilmente aceit\u00e1vel por um bloco que hoje convive com a administra\u00e7\u00e3o de Jackson; e a cultura do Governo Jackson n\u00e3o \u00e9 facilmente aceit\u00e1vel pelo pessoal ligado a D\u00e9da\u201d.<\/p>\n<p style=\"text-align: justify;\">Estando ou n\u00e3o de acordo com o que Robson disse, Jackson deve, no m\u00ednimo, lembr\u00e1-lo que as coloca\u00e7\u00f5es feitas por ele s\u00f3 servem para desgastar o governo e alimentar o discurso da oposi\u00e7\u00e3o. Ou n\u00e3o foi este o tema de dois inflamados discursos do deputado estadual Ven\u00e2ncio Fonseca (PP) na Assembleia, que disse que o povo de Sergipe n\u00e3o podia ser prejudicado pela briga entre PT e PMDB? Na outra ponta, se, Jackson realmente tem enfrentado dificuldades na administra\u00e7\u00e3o, isto precisa ser colocado a D\u00e9da, que deve remover as pedras do caminho do governador em exerc\u00edcio, para que a gest\u00e3o n\u00e3o fique atravancada.<\/p>\n<p style=\"text-align: justify;\">O discurso da unidade, feito pelo governador na sua r\u00e1pida passagem pelo Estado na semana passada, deve ser colocado em pr\u00e1tica. Por ele, por seus auxiliares, por seus companheiros de partido e por toda a base aliada. A menos de um ano do in\u00edcio do processo eleitoral e faltando pouco mais de 16 meses para o final da atual gest\u00e3o, perder-se em disputas internas \u00e9 a senha para o fracasso.<\/p>\n","protected":false},"excerpt":{"rendered":"<p>por Valter Lima, do Sergipe 247 No emaranhado de declara\u00e7\u00f5es, an\u00e1lises e cr\u00edticas sobre as rela\u00e7\u00f5es dentro da base governista, algumas quest\u00f5es t\u00eam se sobressa\u00eddo. Depois de um per\u00edodo de aparente calmaria na fabrica\u00e7\u00e3o de especula\u00e7\u00f5es sobre o casamento entre PT e PMDB, come\u00e7aram a surgir, novamente, acusadores do descompasso. Enquanto o governador em exerc\u00edcio [&hellip;]<\/p>\n","protected":false},"author":1,"featured_media":51938,"comment_status":"closed","ping_status":"closed","sticky":false,"template":"","format":"standard","meta":{"footnotes":""},"categories":[6],"tags":[],"class_list":{"0":"post-51937","1":"post","2":"type-post","3":"status-publish","4":"format-standard","5":"has-post-thumbnail","7":"category-politica"},"_links":{"self":[{"href":"https:\/\/senoticias.com.br\/se\/wp-json\/wp\/v2\/posts\/51937"}],"collection":[{"href":"https:\/\/senoticias.com.br\/se\/wp-json\/wp\/v2\/posts"}],"about":[{"href":"https:\/\/senoticias.com.br\/se\/wp-json\/wp\/v2\/types\/post"}],"author":[{"embeddable":true,"href":"https:\/\/senoticias.com.br\/se\/wp-json\/wp\/v2\/users\/1"}],"replies":[{"embeddable":true,"href":"https:\/\/senoticias.com.br\/se\/wp-json\/wp\/v2\/comments?post=51937"}],"version-history":[{"count":0,"href":"https:\/\/senoticias.com.br\/se\/wp-json\/wp\/v2\/posts\/51937\/revisions"}],"wp:featuredmedia":[{"embeddable":true,"href":"https:\/\/senoticias.com.br\/se\/wp-json\/wp\/v2\/media\/51938"}],"wp:attachment":[{"href":"https:\/\/senoticias.com.br\/se\/wp-json\/wp\/v2\/media?parent=51937"}],"wp:term":[{"taxonomy":"category","embeddable":true,"href":"https:\/\/senoticias.com.br\/se\/wp-json\/wp\/v2\/categories?post=51937"},{"taxonomy":"post_tag","embeddable":true,"href":"https:\/\/senoticias.com.br\/se\/wp-json\/wp\/v2\/tags?post=51937"}],"curies":[{"name":"wp","href":"https:\/\/api.w.org\/{rel}","templated":true}]}}