{"id":51930,"date":"2013-08-25T09:44:14","date_gmt":"2013-08-25T12:44:14","guid":{"rendered":"http:\/\/senoticias.com.br\/se\/?p=51930"},"modified":"2013-08-25T09:44:14","modified_gmt":"2013-08-25T12:44:14","slug":"bispo-edir-macedo-revela-que-acuado-pensou-em-suicidio","status":"publish","type":"post","link":"https:\/\/senoticias.com.br\/se\/bispo-edir-macedo-revela-que-acuado-pensou-em-suicidio\/","title":{"rendered":"Bispo Edir Macedo revela que, acuado, pensou em suic\u00eddio"},"content":{"rendered":"<p><span style=\"color: #888888;\"><strong>\u00a0<\/strong><\/span><\/p>\n<p><span style=\"color: #888888;\"><strong>RICARDO FELTRIN, COLABORA\u00c7\u00c3O PARA A FOLHA UOL<\/strong><\/span><\/p>\n<div id=\"attachment_28152\" style=\"width: 310px\" class=\"wp-caption alignright\"><a href=\"http:\/\/senoticias.com.br\/se\/wp-content\/uploads\/2012\/03\/edir-macedo-size-598.jpg\"><img loading=\"lazy\" decoding=\"async\" aria-describedby=\"caption-attachment-28152\" class=\"size-medium wp-image-28152\" alt=\"Edir Macedo revela que, acuado, pensou em suic\u00eddio. (Divulga\u00e7\u00e3o)\" src=\"http:\/\/senoticias.com.br\/se\/wp-content\/uploads\/2012\/03\/edir-macedo-size-598-300x184.jpg\" width=\"300\" height=\"184\" srcset=\"https:\/\/senoticias.com.br\/se\/wp-content\/uploads\/2012\/03\/edir-macedo-size-598-300x184.jpg 300w, https:\/\/senoticias.com.br\/se\/wp-content\/uploads\/2012\/03\/edir-macedo-size-598-342x210.jpg 342w, https:\/\/senoticias.com.br\/se\/wp-content\/uploads\/2012\/03\/edir-macedo-size-598.jpg 546w\" sizes=\"(max-width: 300px) 100vw, 300px\" \/><\/a><p id=\"caption-attachment-28152\" class=\"wp-caption-text\">Edir Macedo revela que, acuado, pensou em suic\u00eddio. (Divulga\u00e7\u00e3o)<\/p><\/div>\n<p style=\"text-align: justify;\">No auge da persegui\u00e7\u00e3o e dos ataques que sofreu nos anos 90 por parte de policiais, promotores e, especialmente, da Globo, o bispo Edir Macedo, 68, afirma que pensamentos sobre suic\u00eddio &#8220;foram soprados&#8221; em sua cabe\u00e7a.<\/p>\n<p style=\"text-align: justify;\">Nessa mesma \u00e9poca a mulher dele, Ester, foi sequestrada em um assalto. O bispo, ent\u00e3o, decidiu que s\u00f3 sairia de casa armado. Levava a nova companheira at\u00e9 aos cultos. Escondia o calibre 38 no p\u00falpito, enquanto pregava.<\/p>\n<p style=\"text-align: justify;\">&#8220;Mais tarde fui tocado pelo Esp\u00edrito Santo, que me convenceu que andar armado era falta de confian\u00e7a em Deus.&#8221;<\/p>\n<p style=\"text-align: justify;\">Essas s\u00e3o algumas das revela\u00e7\u00f5es de &#8220;Nada a Perder, 2&#8221;, o segundo livro da trilogia que conta a vida e a obra de Edir Macedo de Bezerra, l\u00edder de uma das maiores igrejas evang\u00e9licas e dono da segunda maior emissora de TV aberta do pa\u00eds, a Record.<\/p>\n<p style=\"text-align: justify;\">A Folha teve acesso exclusivo ao livro antes do lan\u00e7amento, que deve ocorrer neste m\u00eas. A compra da Record, ali\u00e1s, \u00e9 descrita como a abertura da porta do inferno na vida de Macedo e sua fam\u00edlia.<\/p>\n<p style=\"text-align: justify;\">&#8220;N\u00e3o imaginava que viveria o inferno a partir do dia em que decidi comprar a Record&#8221;, afirma no texto. Mas, se o livro for fiel aos fatos, Macedo tem motivos de sobra para acreditar em milagres.<\/p>\n<p style=\"text-align: justify;\">Ele conta que a compra da Record j\u00e1 ia por \u00e1gua abaixo, porque Silvio Santos e seu s\u00f3cio, Paulo Machado de Carvalho, descobriram que era Macedo, e n\u00e3o o deputado Laprovita Vieira quem estava por tr\u00e1s da compra.<\/p>\n<p style=\"text-align: justify;\">Quase todos conhecem hist\u00f3rias de como o Plano Collor faliu empres\u00e1rios, afundou fam\u00edlias e chegou a levar algumas pessoas ao suic\u00eddio, ao confiscar temporariamente as aplica\u00e7\u00f5es na poupan\u00e7a.<\/p>\n<p style=\"text-align: justify;\">No caso do bispo Macedo, por\u00e9m, o Plano Collor foi a verdadeira t\u00e1bua de salva\u00e7\u00e3o. O neg\u00f3cio da Record estava emperrado, Macedo (por meio de Laprovita) j\u00e1 havia dado um sinal de US$ 6 milh\u00f5es, que seria perdido caso o neg\u00f3cio n\u00e3o prosperasse, e ent\u00e3o veio o plano.<\/p>\n<p style=\"text-align: justify;\">Collor asfixiou empresas endividadas &#8211;como era o caso da emissora de Silvio e Machado de Carvalho.<\/p>\n<p style=\"text-align: justify;\">S\u00f3 que as igrejas eram um dos poucos lugares no pa\u00eds em que ainda havia alguma liquidez, seja no bolso dos fi\u00e9is, seja nos cofres.<\/p>\n<p style=\"text-align: justify;\">Sem op\u00e7\u00e3o, Silvio e seu s\u00f3cio tiveram de aceitar as condi\u00e7\u00f5es do bispo da Universal. Outro &#8220;milagre&#8221; foi que, com o Plano Real, o d\u00f3lar teve forte desvaloriza\u00e7\u00e3o. &#8220;A gente chegava a pagar tr\u00eas parcelas em um s\u00f3 m\u00eas&#8221;, gaba-se.<\/p>\n<p style=\"text-align: justify;\"><strong>COAUTORIA<\/strong><\/p>\n<p style=\"text-align: justify;\">O livro \u00e9 narrado em primeira pessoa, de forma fluida, sem seguir uma ordem cronol\u00f3gica. Os depoimentos foram colhidos por Douglas Tavolaro, vice-presidente de Jornalismo da Record.<\/p>\n<p style=\"text-align: justify;\">Ele, a mulher de Macedo, Ester, e o bispo, chegaram a passar quase 50 dias trancados na casa do casal, que tentava rememorar o m\u00e1ximo de detalhes do passado. O primeiro livro da trilogia j\u00e1 vendeu por volta de 1,4 milh\u00e3o de exemplares.<\/p>\n<p style=\"text-align: justify;\">No livro, o l\u00edder da Universal n\u00e3o poupa ataques \u00e0 eterna rival Rede Globo.<\/p>\n<p style=\"text-align: justify;\">Quase duas d\u00e9cadas depois de sua exibi\u00e7\u00e3o, ele ainda n\u00e3o digeriu a miniss\u00e9rie &#8220;Decad\u00eancia&#8221;, em que um pastor evang\u00e9lico corrupto seduzia jovens fi\u00e9is e ainda jogava a calcinha delas sobre uma b\u00edblia aberta.<\/p>\n<p style=\"text-align: justify;\">Procurada pela Folha, a Central Globo de Comunica\u00e7\u00e3o n\u00e3o quis se manifestar.<\/p>\n","protected":false},"excerpt":{"rendered":"<p>\u00a0 RICARDO FELTRIN, COLABORA\u00c7\u00c3O PARA A FOLHA UOL No auge da persegui\u00e7\u00e3o e dos ataques que sofreu nos anos 90 por parte de policiais, promotores e, especialmente, da Globo, o bispo Edir Macedo, 68, afirma que pensamentos sobre suic\u00eddio &#8220;foram soprados&#8221; em sua cabe\u00e7a. Nessa mesma \u00e9poca a mulher dele, Ester, foi sequestrada em um [&hellip;]<\/p>\n","protected":false},"author":1,"featured_media":28152,"comment_status":"closed","ping_status":"closed","sticky":false,"template":"","format":"standard","meta":{"footnotes":""},"categories":[46],"tags":[],"class_list":{"0":"post-51930","1":"post","2":"type-post","3":"status-publish","4":"format-standard","5":"has-post-thumbnail","7":"category-religiao"},"_links":{"self":[{"href":"https:\/\/senoticias.com.br\/se\/wp-json\/wp\/v2\/posts\/51930"}],"collection":[{"href":"https:\/\/senoticias.com.br\/se\/wp-json\/wp\/v2\/posts"}],"about":[{"href":"https:\/\/senoticias.com.br\/se\/wp-json\/wp\/v2\/types\/post"}],"author":[{"embeddable":true,"href":"https:\/\/senoticias.com.br\/se\/wp-json\/wp\/v2\/users\/1"}],"replies":[{"embeddable":true,"href":"https:\/\/senoticias.com.br\/se\/wp-json\/wp\/v2\/comments?post=51930"}],"version-history":[{"count":0,"href":"https:\/\/senoticias.com.br\/se\/wp-json\/wp\/v2\/posts\/51930\/revisions"}],"wp:featuredmedia":[{"embeddable":true,"href":"https:\/\/senoticias.com.br\/se\/wp-json\/wp\/v2\/media\/28152"}],"wp:attachment":[{"href":"https:\/\/senoticias.com.br\/se\/wp-json\/wp\/v2\/media?parent=51930"}],"wp:term":[{"taxonomy":"category","embeddable":true,"href":"https:\/\/senoticias.com.br\/se\/wp-json\/wp\/v2\/categories?post=51930"},{"taxonomy":"post_tag","embeddable":true,"href":"https:\/\/senoticias.com.br\/se\/wp-json\/wp\/v2\/tags?post=51930"}],"curies":[{"name":"wp","href":"https:\/\/api.w.org\/{rel}","templated":true}]}}