{"id":51927,"date":"2013-08-25T09:27:23","date_gmt":"2013-08-25T12:27:23","guid":{"rendered":"http:\/\/senoticias.com.br\/se\/?p=51927"},"modified":"2013-08-26T13:35:41","modified_gmt":"2013-08-26T16:35:41","slug":"serra-quer-alvaro-dias-como-seu-vice-em-2014-e-chama-o-senador-para-deixarem-juntos-o-psdb","status":"publish","type":"post","link":"https:\/\/senoticias.com.br\/se\/serra-quer-alvaro-dias-como-seu-vice-em-2014-e-chama-o-senador-para-deixarem-juntos-o-psdb\/","title":{"rendered":"Serra quer Alvaro Dias como seu vice em 2014 e chama o senador para deixarem juntos o PSDB"},"content":{"rendered":"<p>&nbsp;<\/p>\n<p><a href=\" http:\/\/josiasdesouza.blogosfera.uol.com.br\/2013\/08\/25\/serra-quer-alvaro-dias-como-seu-vice-em-2014-e-chama-senador-para-deixarem-juntos-o-psdb\/\" target=\"_blank\"><strong>Por Josias de Souza &#8211; Blog<\/strong><\/a><\/p>\n<div id=\"attachment_51928\" style=\"width: 310px\" class=\"wp-caption alignright\"><a href=\"http:\/\/senoticias.com.br\/se\/wp-content\/uploads\/2013\/08\/PSDB.jpg\"><img loading=\"lazy\" decoding=\"async\" aria-describedby=\"caption-attachment-51928\" class=\"size-medium wp-image-51928\" alt=\" A decis\u00e3o de Serra sobre sua perman\u00eancia no PSDB precisa ser tomada at\u00e9 outubro, prazo legal para que mude de partido a tempo de disputar as elei\u00e7\u00f5es.(Divulga\u00e7\u00e3o)\" src=\"http:\/\/senoticias.com.br\/se\/wp-content\/uploads\/2013\/08\/PSDB-300x300.jpg\" width=\"300\" height=\"300\" srcset=\"https:\/\/senoticias.com.br\/se\/wp-content\/uploads\/2013\/08\/PSDB-300x300.jpg 300w, https:\/\/senoticias.com.br\/se\/wp-content\/uploads\/2013\/08\/PSDB-150x150.jpg 150w, https:\/\/senoticias.com.br\/se\/wp-content\/uploads\/2013\/08\/PSDB-50x50.jpg 50w, https:\/\/senoticias.com.br\/se\/wp-content\/uploads\/2013\/08\/PSDB-342x342.jpg 342w, https:\/\/senoticias.com.br\/se\/wp-content\/uploads\/2013\/08\/PSDB-70x70.jpg 70w, https:\/\/senoticias.com.br\/se\/wp-content\/uploads\/2013\/08\/PSDB-55x55.jpg 55w, https:\/\/senoticias.com.br\/se\/wp-content\/uploads\/2013\/08\/PSDB.jpg 404w\" sizes=\"(max-width: 300px) 100vw, 300px\" \/><\/a><p id=\"caption-attachment-51928\" class=\"wp-caption-text\"><br \/>A decis\u00e3o de Serra sobre sua perman\u00eancia no PSDB precisa ser tomada at\u00e9 outubro, prazo legal para que mude de partido a tempo de disputar as elei\u00e7\u00f5es.(Foto montagem\/SE Not\u00edcias)<\/p><\/div>\n<p style=\"text-align: justify;\">A prega\u00e7\u00e3o de Jos\u00e9 Serra em favor da realiza\u00e7\u00e3o de pr\u00e9vias no PSDB n\u00e3o orna com os movimentos que ele executa longe dos refletores. Na boca do palco, Serra disse que, dependendo das regras, pode medir for\u00e7as com A\u00e9cio Neves. Atr\u00e1s das cortinas, Serra instou o senador paranaense Alvaro Dias a deixar o PSDB junto com ele para compor sua chapa presidencial na posi\u00e7\u00e3o de vice.<\/p>\n<p style=\"text-align: justify;\">Serra comunicou o seu desejo a dirigentes do PPS, partido que se disp\u00f5e a recepcion\u00e1-lo. Recordou que j\u00e1 havia tentado firmar parceia com Alvaro na malograda campanha de 2010. A chapa durou uma semana. Fez \u00e1gua por duas raz\u00f5es: o DEM guerreou pela vaga e o irm\u00e3o de Alvaro, Osmar Dias (PDT), cedeu a apelos de Lula e tornou-se candidato ao governo do Paran\u00e1 pelo PDT, abrindo seu palanque para Dilma Rousseff. Fez isso depois de jurar que disputaria o Senado na coliga\u00e7\u00e3o do tucano Beto Richa, eleito naquela ano governador paranaense.<\/p>\n<p style=\"text-align: justify;\">De passagem pelo Senado, Serra esteve com Alvaro Dias na \u00faltima quarta-feira (21). Procurado pelo blog na noite passada, o senador tucano recusou-se a comentar o teor da conversa. Neste domingo, a rep\u00f3rter Katna Baran veicula no di\u00e1rio paranaense Gazeta do Povo uma entrevista com \u00c1lvaro. Ele fala de pr\u00e9vias e de 2014. A conversa est\u00e1 dispon\u00edvel aqui.<\/p>\n<p style=\"text-align: justify;\">Em rela\u00e7\u00e3o \u00e0s pr\u00e9vias, Alvaro declara: \u201cAnunciar a realiza\u00e7\u00e3o de prim\u00e1rias [no PSDB] agora soa falso. Fica a impress\u00e3o de uma encena\u00e7\u00e3o, porque houve uma invers\u00e3o do processo. As prim\u00e1rias deveriam anteceder o nome do candidato. Primeiro, anunciou-se o nome, depois entregou-se o partido a ele, e agora anunciam-se prim\u00e1rias? Isso n\u00e3o convence as pessoas l\u00facidas.\u201d<\/p>\n<p style=\"text-align: justify;\">No ano passado, Alvaro manifestara o interesse de disputar internamente o direito de representar o PSDB na briga de 2014. A rep\u00f3rter do jornal paranaense perguntou: Ainda pensa em se lan\u00e7ar \u00e0 Presid\u00eancia? Tem conversado com outros partidos? E ele: \u201cAcho melhor aguardar as manifesta\u00e7\u00f5es do dia Sete de Setembro para calcular o quadro. Conversar com outros partidos, sim. Convidado, sim. Mas da minha parte n\u00e3o h\u00e1 prazer em mudar.\u201d<\/p>\n<p style=\"text-align: justify;\">Se depender dos planos de A\u00e9cio Neves, Alvaro Dias fica no PSDB e disputa a reelei\u00e7\u00e3o ao Senado. Nessa hip\u00f3tese, ele comporia a chapa majorit\u00e1ria do PSDB no Paran\u00e1, dividindo a propaganda partid\u00e1ria com o governador tucano Beto Richa, que disputar\u00e1 um segundo mandato em 2014.<\/p>\n<p style=\"text-align: justify;\">Quanto a Serra, independentemente dos resultados de suas articula\u00e7\u00f5es, fica entendido que indicam que n\u00e3o s\u00e3o negligenci\u00e1veis os esfor\u00e7os que empreende para colocar em p\u00e9 um projeto presidencial fora do PSDB. Parece ter conclu\u00eddo que seu futuro na legenda \u00e9 passado. Nesse contexto, o debate sobre pr\u00e9vias n\u00e3o serve sen\u00e3o como fonte de pretextos para virar a p\u00e1gina.<\/p>\n","protected":false},"excerpt":{"rendered":"<p>&nbsp; Por Josias de Souza &#8211; Blog A prega\u00e7\u00e3o de Jos\u00e9 Serra em favor da realiza\u00e7\u00e3o de pr\u00e9vias no PSDB n\u00e3o orna com os movimentos que ele executa longe dos refletores. Na boca do palco, Serra disse que, dependendo das regras, pode medir for\u00e7as com A\u00e9cio Neves. Atr\u00e1s das cortinas, Serra instou o senador paranaense [&hellip;]<\/p>\n","protected":false},"author":1,"featured_media":51928,"comment_status":"closed","ping_status":"closed","sticky":false,"template":"","format":"standard","meta":{"footnotes":""},"categories":[6],"tags":[],"class_list":{"0":"post-51927","1":"post","2":"type-post","3":"status-publish","4":"format-standard","5":"has-post-thumbnail","7":"category-politica"},"_links":{"self":[{"href":"https:\/\/senoticias.com.br\/se\/wp-json\/wp\/v2\/posts\/51927"}],"collection":[{"href":"https:\/\/senoticias.com.br\/se\/wp-json\/wp\/v2\/posts"}],"about":[{"href":"https:\/\/senoticias.com.br\/se\/wp-json\/wp\/v2\/types\/post"}],"author":[{"embeddable":true,"href":"https:\/\/senoticias.com.br\/se\/wp-json\/wp\/v2\/users\/1"}],"replies":[{"embeddable":true,"href":"https:\/\/senoticias.com.br\/se\/wp-json\/wp\/v2\/comments?post=51927"}],"version-history":[{"count":0,"href":"https:\/\/senoticias.com.br\/se\/wp-json\/wp\/v2\/posts\/51927\/revisions"}],"wp:featuredmedia":[{"embeddable":true,"href":"https:\/\/senoticias.com.br\/se\/wp-json\/wp\/v2\/media\/51928"}],"wp:attachment":[{"href":"https:\/\/senoticias.com.br\/se\/wp-json\/wp\/v2\/media?parent=51927"}],"wp:term":[{"taxonomy":"category","embeddable":true,"href":"https:\/\/senoticias.com.br\/se\/wp-json\/wp\/v2\/categories?post=51927"},{"taxonomy":"post_tag","embeddable":true,"href":"https:\/\/senoticias.com.br\/se\/wp-json\/wp\/v2\/tags?post=51927"}],"curies":[{"name":"wp","href":"https:\/\/api.w.org\/{rel}","templated":true}]}}