{"id":51923,"date":"2013-08-24T19:37:51","date_gmt":"2013-08-24T22:37:51","guid":{"rendered":"http:\/\/senoticias.com.br\/se\/?p=51923"},"modified":"2013-08-24T19:37:51","modified_gmt":"2013-08-24T22:37:51","slug":"com-gol-aos-dois-minutos-boa-derruba-misto-do-lider-palmeiras","status":"publish","type":"post","link":"https:\/\/senoticias.com.br\/se\/com-gol-aos-dois-minutos-boa-derruba-misto-do-lider-palmeiras\/","title":{"rendered":"Com gol aos dois minutos, Boa derruba misto do l\u00edder Palmeiras"},"content":{"rendered":"<p><em><strong>Gazeta Esportiva<\/strong><\/em><\/p>\n<div id=\"attachment_51924\" style=\"width: 224px\" class=\"wp-caption alignright\"><a href=\"http:\/\/senoticias.com.br\/se\/wp-content\/uploads\/2013\/08\/t_94542_fernando-karanga-marcou-o-gol-que-fez-o-boa-saltar-na-classificacao-da-serie-b-do-brasileiro-credito-celio-messias-gazeta-press.jpeg\"><img loading=\"lazy\" decoding=\"async\" aria-describedby=\"caption-attachment-51924\" class=\"size-medium wp-image-51924\" alt=\"Fernando Karanga marcou o gol que fez o Boa saltar na tabela (Cr\u00e9dito: C\u00e9lio Messias\/Gazeta Press)\" src=\"http:\/\/senoticias.com.br\/se\/wp-content\/uploads\/2013\/08\/t_94542_fernando-karanga-marcou-o-gol-que-fez-o-boa-saltar-na-classificacao-da-serie-b-do-brasileiro-credito-celio-messias-gazeta-press-214x300.jpeg\" width=\"214\" height=\"300\" srcset=\"https:\/\/senoticias.com.br\/se\/wp-content\/uploads\/2013\/08\/t_94542_fernando-karanga-marcou-o-gol-que-fez-o-boa-saltar-na-classificacao-da-serie-b-do-brasileiro-credito-celio-messias-gazeta-press-214x300.jpeg 214w, https:\/\/senoticias.com.br\/se\/wp-content\/uploads\/2013\/08\/t_94542_fernando-karanga-marcou-o-gol-que-fez-o-boa-saltar-na-classificacao-da-serie-b-do-brasileiro-credito-celio-messias-gazeta-press.jpeg 300w\" sizes=\"(max-width: 214px) 100vw, 214px\" \/><\/a><p id=\"caption-attachment-51924\" class=\"wp-caption-text\">Fernando Karanga marcou o gol que fez o Boa saltar na tabela (Cr\u00e9dito: C\u00e9lio Messias\/Gazeta Press)<\/p><\/div>\n<p style=\"text-align: justify;\">Caiu neste s\u00e1bado, para o Boa, a sequ\u00eancia invicta do Palmeiras. Habituado a conseguir viradas at\u00e9 improv\u00e1veis &#8211; foram quatro at\u00e9 aqui na S\u00e9rie B do Campeonato Brasileiro -, o l\u00edder da competi\u00e7\u00e3o novamente saiu atr\u00e1s no placar, mas, jogando com uma escala\u00e7\u00e3o mista, desta vez n\u00e3o arrancou nem sequer o empate e deixou Varginha derrotado por 1 a 0, com gol marcado por Fernando Karanga logo aos dois minutos.<\/p>\n<p style=\"text-align: justify;\">Apesar do primeiro trope\u00e7o depois de 12 partidas, o time treinado por Gilson Kleina se mant\u00e9m na primeira coloca\u00e7\u00e3o da competi\u00e7\u00e3o, ainda com 40 pontos. A equipe mineira, por sua vez, pula para 29 pontos, assume o quinto lugar e encosta na faixa de acesso \u00e0 elite.<\/p>\n<p style=\"text-align: justify;\">Pela S\u00e9rie B, ambos voltam a campo no s\u00e1bado: o Boa visita o Sport, na Ilha do Retiro, enquanto o Palmeiras vai ao Castel\u00e3o enfrentar o Cear\u00e1. Antes disso, no entanto, a equipe paulista tem compromisso pela Copa do Brasil &#8211; na quarta-feira, faz o jogo de volta das oitavas de final contra o Atl\u00e9tico-PR, fora de casa.<\/p>\n<p style=\"text-align: justify;\">Neste s\u00e1bado, de olho na partida decisiva do torneio mata-mata, Gilson Kleina, que j\u00e1 n\u00e3o tinha o suspenso Wesley nem Valdivia (em recupera\u00e7\u00e3o de edema na coxa direita), poupou Fernando Prass, Vilson, Juninho e Leandro e deixou Mendieta na reserva.<\/p>\n<p style=\"text-align: justify;\">Com um time bastante modificado, a come\u00e7ar pelo goleiro Bruno, o Palmeiras sofreu um duro golpe ainda no in\u00edcio da partida. Logo aos dois minutos, ap\u00f3s escanteio cobrado por Marcelinho Para\u00edba pela esquerda, Fernando Karanga aproveitou indefini\u00e7\u00e3o entre Luis Felipe, Alan Kardec e Bruno para subir de cabe\u00e7a e mandar a bola para a rede.<\/p>\n<p style=\"text-align: justify;\">Como \u00e9 habitual, Bruno imediatamente reclamou da marca\u00e7\u00e3o dos companheiros, que n\u00e3o esbo\u00e7aram qualquer rea\u00e7\u00e3o. A equipe, ali\u00e1s, mostrava-se bastante desligada. O zagueiro e capit\u00e3o Henrique (que jogava com a camisa 99, em homenagem ao anivers\u00e1rio do clube) ofereceu dois contragolpes em dez minutos ao perder bolas dominadas na defesa.<\/p>\n<p style=\"text-align: justify;\">O Boa fazia uma marca\u00e7\u00e3o forte, com bom tempo de bola, e n\u00e3o passava sustos. O meia Felipe Menezes, em tese o principal respons\u00e1vel pela arma\u00e7\u00e3o palmeirense, n\u00e3o encontrava espa\u00e7os e ouvia cobran\u00e7a de Kleina da beira do campo. Cobran\u00e7a que teve como \u00fanico efeito irritar o jogador a ponto de ele n\u00e3o mais se virar para o banco de reservas.<\/p>\n<p style=\"text-align: justify;\">Sem liga\u00e7\u00e3o com qualidade, os atacantes Ananias e Alan Kardec se esfor\u00e7avam para ganhar da defesa algumas bolas lan\u00e7adas pelo alto. Quando conseguiam, n\u00e3o havia quem os acompanhasse dentro da \u00e1rea nas jogadas pela linha de fundo. Na melhor jogada antes do intervalo, Ananias recebeu de costas, girou sobre a marca\u00e7\u00e3o e cruzou \u00e0 meia altura, nas m\u00e3os do goleiro Douglas.<\/p>\n<p style=\"text-align: justify;\">A equipe mineira, sob os gritos de &#8220;ol\u00e9&#8221; na parte final do primeiro tempo, quase ampliou a vantagem aos 27 minutos, quando Marcelinho Para\u00edba teve a liberdade de dominar e arriscar arremate da intermedi\u00e1ria. A bola foi em cima de Bruno, mas dificultou a defesa por ter sa\u00eddo muito forte. O goleiro impediu que ela entrasse espalmando para escanteio.<\/p>\n<p style=\"text-align: justify;\">No intervalo, Kleina atendeu aos pedidos da torcida e colocou Mendieta em campo. O meia paraguaio, preservado a princ\u00edpio para evitar les\u00e3o, entrou no lugar do volante uruguaio Eguren, que havia recebido cart\u00e3o amarelo na etapa inicial. Mais tarde, o treinador sacou tamb\u00e9m Charles, igualmente advertido com cart\u00e3o amarelo, para colocar Ronny.<\/p>\n<p style=\"text-align: justify;\">O Palmeiras partiu em busca do empate na base do desespero, not\u00f3rio pela perman\u00eancia de Henrique quase que em tempo integral no ataque. Efetivamente, por\u00e9m, o goleiro Douglas fez apenas uma dif\u00edcil defesa, aos 33 minutos, em arremate rasteiro de Luis Felipe da fora da \u00e1rea. As outras chances n\u00e3o levaram perigo e n\u00e3o impediram a terceira derrota do l\u00edder na S\u00e9rie B.<\/p>\n","protected":false},"excerpt":{"rendered":"<p>Gazeta Esportiva Caiu neste s\u00e1bado, para o Boa, a sequ\u00eancia invicta do Palmeiras. Habituado a conseguir viradas at\u00e9 improv\u00e1veis &#8211; foram quatro at\u00e9 aqui na S\u00e9rie B do Campeonato Brasileiro -, o l\u00edder da competi\u00e7\u00e3o novamente saiu atr\u00e1s no placar, mas, jogando com uma escala\u00e7\u00e3o mista, desta vez n\u00e3o arrancou nem sequer o empate e [&hellip;]<\/p>\n","protected":false},"author":1,"featured_media":51924,"comment_status":"closed","ping_status":"closed","sticky":false,"template":"","format":"standard","meta":{"footnotes":""},"categories":[39,8],"tags":[],"class_list":{"0":"post-51923","1":"post","2":"type-post","3":"status-publish","4":"format-standard","5":"has-post-thumbnail","7":"category-esporte","8":"category-esporte-e-cultura"},"_links":{"self":[{"href":"https:\/\/senoticias.com.br\/se\/wp-json\/wp\/v2\/posts\/51923"}],"collection":[{"href":"https:\/\/senoticias.com.br\/se\/wp-json\/wp\/v2\/posts"}],"about":[{"href":"https:\/\/senoticias.com.br\/se\/wp-json\/wp\/v2\/types\/post"}],"author":[{"embeddable":true,"href":"https:\/\/senoticias.com.br\/se\/wp-json\/wp\/v2\/users\/1"}],"replies":[{"embeddable":true,"href":"https:\/\/senoticias.com.br\/se\/wp-json\/wp\/v2\/comments?post=51923"}],"version-history":[{"count":0,"href":"https:\/\/senoticias.com.br\/se\/wp-json\/wp\/v2\/posts\/51923\/revisions"}],"wp:featuredmedia":[{"embeddable":true,"href":"https:\/\/senoticias.com.br\/se\/wp-json\/wp\/v2\/media\/51924"}],"wp:attachment":[{"href":"https:\/\/senoticias.com.br\/se\/wp-json\/wp\/v2\/media?parent=51923"}],"wp:term":[{"taxonomy":"category","embeddable":true,"href":"https:\/\/senoticias.com.br\/se\/wp-json\/wp\/v2\/categories?post=51923"},{"taxonomy":"post_tag","embeddable":true,"href":"https:\/\/senoticias.com.br\/se\/wp-json\/wp\/v2\/tags?post=51923"}],"curies":[{"name":"wp","href":"https:\/\/api.w.org\/{rel}","templated":true}]}}