{"id":51921,"date":"2013-08-24T14:33:15","date_gmt":"2013-08-24T17:33:15","guid":{"rendered":"http:\/\/senoticias.com.br\/se\/?p=51921"},"modified":"2013-08-26T11:13:19","modified_gmt":"2013-08-26T14:13:19","slug":"projetos-levarao-agua-a-familias-assentadas-em-tobias-barreto-e-itaporanga","status":"publish","type":"post","link":"https:\/\/senoticias.com.br\/se\/projetos-levarao-agua-a-familias-assentadas-em-tobias-barreto-e-itaporanga\/","title":{"rendered":"Projetos levar\u00e3o \u00e1gua a fam\u00edlias assentadas em Tobias Barreto e Itaporanga"},"content":{"rendered":"<p style=\"text-align: justify;\"><span style=\"color: #333333;\"><strong>Em Itaporanga ser\u00e3o contemplados os assentamentos, Dom Helder, Darcir Ribeiro, Josino Tavares e Lu\u00edza Mahim.<\/strong><\/span><\/p>\n<p style=\"text-align: justify;\">O Instituto Nacional de Coloniza\u00e7\u00e3o e Reforma Agr\u00e1ria (Incra) recebeu esta semana quatro projetos elaborados pela Companhia de Saneamento de Sergipe (Deso), que levar\u00e3o \u00e1gua a cerca de 250 fam\u00edlias assentadas no interior sergipano.<\/p>\n<div id=\"attachment_51962\" style=\"width: 598px\" class=\"wp-caption aligncenter\"><a href=\"http:\/\/senoticias.com.br\/se\/wp-content\/uploads\/2013\/08\/Quinta-feira-140312-404.jpg\"><img loading=\"lazy\" decoding=\"async\" aria-describedby=\"caption-attachment-51962\" class=\"size-full wp-image-51962\" alt=\"95 fam\u00edlias ser\u00e3o contempladas em Itaporanga. (Foto: arquivo SE Not\u00edcias)\" src=\"http:\/\/senoticias.com.br\/se\/wp-content\/uploads\/2013\/08\/Quinta-feira-140312-404.jpg\" width=\"588\" height=\"441\" srcset=\"https:\/\/senoticias.com.br\/se\/wp-content\/uploads\/2013\/08\/Quinta-feira-140312-404.jpg 588w, https:\/\/senoticias.com.br\/se\/wp-content\/uploads\/2013\/08\/Quinta-feira-140312-404-300x225.jpg 300w, https:\/\/senoticias.com.br\/se\/wp-content\/uploads\/2013\/08\/Quinta-feira-140312-404-342x256.jpg 342w, https:\/\/senoticias.com.br\/se\/wp-content\/uploads\/2013\/08\/Quinta-feira-140312-404-60x45.jpg 60w, https:\/\/senoticias.com.br\/se\/wp-content\/uploads\/2013\/08\/Quinta-feira-140312-404-150x113.jpg 150w, https:\/\/senoticias.com.br\/se\/wp-content\/uploads\/2013\/08\/Quinta-feira-140312-404-269x201.jpg 269w\" sizes=\"(max-width: 588px) 100vw, 588px\" \/><\/a><p id=\"caption-attachment-51962\" class=\"wp-caption-text\">95 fam\u00edlias ser\u00e3o contempladas em Itaporanga. (Foto: arquivo SE Not\u00edcias)<\/p><\/div>\n<p style=\"text-align: justify;\">Fruto de um conv\u00eanio celebrado entre a autarquia federal e a empresa sergipana, os projetos prev\u00eaem a implanta\u00e7\u00e3o de sistemas de abastecimento de \u00e1gua, que atender\u00e3o a nove \u00e1reas de reforma agr\u00e1ria nos munic\u00edpios de <strong>Itaporanga D\u00b4Ajuda (distante cerca de 30 Km de Aracaju<\/strong>) e Tobias Barreto (a aproximadamente 125 Km da capital do estado).<\/p>\n<p style=\"text-align: justify;\">As obras para a implanta\u00e7\u00e3o dos sistemas ser\u00e3o executadas em duas frentes; uma sob responsabilidade do pr\u00f3prio Incra, e outra, por meio de parcerias celebradas entre Funda\u00e7\u00e3o Nacional de Sa\u00fade (Funasa) e prefeituras municipais.<\/p>\n<p style=\"text-align: justify;\">\u201cCom o nosso or\u00e7amento isolado, levar\u00edamos cerca de nove anos para alcan\u00e7armos um investimento como este, fruto de um trabalho em parceria. Por isso, temos aprofundado essa busca por novos parceiros, porque, dessa forma, o Incra amplia sua capacidade de atuar na promo\u00e7\u00e3o de uma melhor qualidade de vida para as fam\u00edlias assentadas\u201d, analisou Leonardo G\u00f3es, superintendente regional do Incra em Sergipe.<\/p>\n<p style=\"text-align: justify;\">Al\u00e9m de atender aos assentamentos, alguns dos sistemas de abastecimento previstos tamb\u00e9m beneficiar\u00e3o fam\u00edlias que vivem nos povoados Pedra de Amolar, Curtume, Sariema e Po\u00e7o da Clara, vizinhos das \u00e1reas de reforma agr\u00e1ria criadas pelo Incra em Tobias Barreto. \u201cS\u00e3o cerca de 1700 pessoas que n\u00e3o vivem em assentamentos e que tamb\u00e9m ser\u00e3o atendidas. \u00c9 uma demonstra\u00e7\u00e3o de que as pol\u00edticas podem ser articuladas para a promo\u00e7\u00e3o de benef\u00edcios para diferentes p\u00fablicos\u201d, comentou G\u00f3es.<\/p>\n<p style=\"text-align: justify;\">Para a execu\u00e7\u00e3o das obras, que dever\u00e3o ser iniciadas ainda este ano, ser\u00e3o investidos R$ 6,3 milh\u00f5es.<\/p>\n<p style=\"text-align: justify;\"><strong>Outros projetos<\/strong><\/p>\n<p style=\"text-align: justify;\">Al\u00e9m dos quatro projetos que ter\u00e3o suas obras iniciadas em 2013, outros dez, tamb\u00e9m previstos no conv\u00eanio Incra\/Deso, levar\u00e3o \u00e1gua a assentamentos implantados em outras regi\u00f5es do estado. Para a execu\u00e7\u00e3o dessas obras, que ir\u00e3o atender a cerca de 650 fam\u00edlias, ser\u00e3o investidos R$ 12 milh\u00f5es.<\/p>\n<p style=\"text-align: justify;\">Ascom Incra<\/p>\n<p style=\"text-align: justify;\">\n","protected":false},"excerpt":{"rendered":"<p>Em Itaporanga ser\u00e3o contemplados os assentamentos, Dom Helder, Darcir Ribeiro, Josino Tavares e Lu\u00edza Mahim. O Instituto Nacional de Coloniza\u00e7\u00e3o e Reforma Agr\u00e1ria (Incra) recebeu esta semana quatro projetos elaborados pela Companhia de Saneamento de Sergipe (Deso), que levar\u00e3o \u00e1gua a cerca de 250 fam\u00edlias assentadas no interior sergipano. Fruto de um conv\u00eanio celebrado entre [&hellip;]<\/p>\n","protected":false},"author":1,"featured_media":51962,"comment_status":"closed","ping_status":"closed","sticky":false,"template":"","format":"standard","meta":{"footnotes":""},"categories":[38,1],"tags":[],"class_list":{"0":"post-51921","1":"post","2":"type-post","3":"status-publish","4":"format-standard","5":"has-post-thumbnail","7":"category-municipios","8":"category-sem-categoria"},"_links":{"self":[{"href":"https:\/\/senoticias.com.br\/se\/wp-json\/wp\/v2\/posts\/51921"}],"collection":[{"href":"https:\/\/senoticias.com.br\/se\/wp-json\/wp\/v2\/posts"}],"about":[{"href":"https:\/\/senoticias.com.br\/se\/wp-json\/wp\/v2\/types\/post"}],"author":[{"embeddable":true,"href":"https:\/\/senoticias.com.br\/se\/wp-json\/wp\/v2\/users\/1"}],"replies":[{"embeddable":true,"href":"https:\/\/senoticias.com.br\/se\/wp-json\/wp\/v2\/comments?post=51921"}],"version-history":[{"count":0,"href":"https:\/\/senoticias.com.br\/se\/wp-json\/wp\/v2\/posts\/51921\/revisions"}],"wp:featuredmedia":[{"embeddable":true,"href":"https:\/\/senoticias.com.br\/se\/wp-json\/wp\/v2\/media\/51962"}],"wp:attachment":[{"href":"https:\/\/senoticias.com.br\/se\/wp-json\/wp\/v2\/media?parent=51921"}],"wp:term":[{"taxonomy":"category","embeddable":true,"href":"https:\/\/senoticias.com.br\/se\/wp-json\/wp\/v2\/categories?post=51921"},{"taxonomy":"post_tag","embeddable":true,"href":"https:\/\/senoticias.com.br\/se\/wp-json\/wp\/v2\/tags?post=51921"}],"curies":[{"name":"wp","href":"https:\/\/api.w.org\/{rel}","templated":true}]}}