{"id":51915,"date":"2013-08-24T13:42:33","date_gmt":"2013-08-24T16:42:33","guid":{"rendered":"http:\/\/senoticias.com.br\/se\/?p=51915"},"modified":"2013-08-24T13:47:08","modified_gmt":"2013-08-24T16:47:08","slug":"cprv-apreende-13a-arma-de-fogo-nas-rodovias-estaduais","status":"publish","type":"post","link":"https:\/\/senoticias.com.br\/se\/cprv-apreende-13a-arma-de-fogo-nas-rodovias-estaduais\/","title":{"rendered":"CPRv apreende 13\u00aa arma de fogo nas rodovias estaduais"},"content":{"rendered":"<p>&nbsp;<\/p>\n<div id=\"attachment_51917\" style=\"width: 310px\" class=\"wp-caption alignright\"><a href=\"http:\/\/senoticias.com.br\/se\/wp-content\/uploads\/2013\/08\/foto-moto-recuperada.jpg\"><img loading=\"lazy\" decoding=\"async\" aria-describedby=\"caption-attachment-51917\" class=\"size-medium wp-image-51917\" alt=\"Motocicleta recuperada em Nossa Senhora do Socorro.(Divulga\u00e7\u00e3o)\" src=\"http:\/\/senoticias.com.br\/se\/wp-content\/uploads\/2013\/08\/foto-moto-recuperada-300x224.jpg\" width=\"300\" height=\"224\" srcset=\"https:\/\/senoticias.com.br\/se\/wp-content\/uploads\/2013\/08\/foto-moto-recuperada-300x224.jpg 300w, https:\/\/senoticias.com.br\/se\/wp-content\/uploads\/2013\/08\/foto-moto-recuperada-342x256.jpg 342w, https:\/\/senoticias.com.br\/se\/wp-content\/uploads\/2013\/08\/foto-moto-recuperada-60x45.jpg 60w, https:\/\/senoticias.com.br\/se\/wp-content\/uploads\/2013\/08\/foto-moto-recuperada-150x113.jpg 150w, https:\/\/senoticias.com.br\/se\/wp-content\/uploads\/2013\/08\/foto-moto-recuperada-269x201.jpg 269w, https:\/\/senoticias.com.br\/se\/wp-content\/uploads\/2013\/08\/foto-moto-recuperada.jpg 403w\" sizes=\"(max-width: 300px) 100vw, 300px\" \/><\/a><p id=\"caption-attachment-51917\" class=\"wp-caption-text\">Motocicleta recuperada em Nossa Senhora do Socorro.(Divulga\u00e7\u00e3o)<\/p><\/div>\n<p style=\"text-align: justify;\">A Pol\u00edcia Militar, atrav\u00e9s da Companhia de Pol\u00edcia Rodovi\u00e1ria Estadual &#8211; CPRv, vem intensificando o policiamento ostensivo e preventivo nas rodovias estaduais, realizando diariamente opera\u00e7\u00f5es, objetivando proporcionar uma maior seguran\u00e7a aos condutores e usu\u00e1rios das rodovias estaduais.<\/p>\n<p style=\"text-align: justify;\">Os trabalhos s\u00e3o desenvolvidos pelo Supervisor de Dia e policiais de servi\u00e7o nos 06 postos de fiscaliza\u00e7\u00e3o, atrav\u00e9s da \u201cOPERA\u00c7\u00c3O COMANDOS\u201d, e por meio do GRUPAMENTO T\u00c1TICO OPERACIONAL RODOVI\u00c1RIO \u201cTOR\u201d.<\/p>\n<p style=\"text-align: justify;\">De janeiro a Agosto de 2013, os policiais da CPRv durante as abordagens realizadas nas rodovias conseguiram apreender 13 (treze) armas de fogo (revolveres, escopetas e espingardas) todo esse armamento estava em poder de indiv\u00edduos que estava cometendo ou preste a cometer algum crime.<\/p>\n<div id=\"attachment_51919\" style=\"width: 310px\" class=\"wp-caption alignright\"><a href=\"http:\/\/senoticias.com.br\/se\/wp-content\/uploads\/2013\/08\/arma-de-fogo1.jpg\"><img loading=\"lazy\" decoding=\"async\" aria-describedby=\"caption-attachment-51919\" class=\"size-medium wp-image-51919\" alt=\"Revolver  apreendido em Nossa Senhora do Socorro. (Divulga\u00e7\u00e3o)\" src=\"http:\/\/senoticias.com.br\/se\/wp-content\/uploads\/2013\/08\/arma-de-fogo1-300x224.jpg\" width=\"300\" height=\"224\" srcset=\"https:\/\/senoticias.com.br\/se\/wp-content\/uploads\/2013\/08\/arma-de-fogo1-300x224.jpg 300w, https:\/\/senoticias.com.br\/se\/wp-content\/uploads\/2013\/08\/arma-de-fogo1-342x256.jpg 342w, https:\/\/senoticias.com.br\/se\/wp-content\/uploads\/2013\/08\/arma-de-fogo1-60x45.jpg 60w, https:\/\/senoticias.com.br\/se\/wp-content\/uploads\/2013\/08\/arma-de-fogo1-150x113.jpg 150w, https:\/\/senoticias.com.br\/se\/wp-content\/uploads\/2013\/08\/arma-de-fogo1-269x201.jpg 269w, https:\/\/senoticias.com.br\/se\/wp-content\/uploads\/2013\/08\/arma-de-fogo1.jpg 403w\" sizes=\"(max-width: 300px) 100vw, 300px\" \/><\/a><p id=\"caption-attachment-51919\" class=\"wp-caption-text\">Revolver apreendido em Nossa Senhora do Socorro. (Divulga\u00e7\u00e3o)<\/p><\/div>\n<p style=\"text-align: justify;\">A \u00faltima arma apreendida pela CPRv, um revolver TAURUS, calibre 38, com seis muni\u00e7\u00f5es, foi retirada de circula\u00e7\u00e3o nessa sexta-feira (23), na rodovia SE 090, em Nossa Senhora do Socorro. \u201cTudo foi muito r\u00e1pido, um individuo ao perceber a blitz da CPRv, fez uma manobra brusca com uma motocicleta HONDA CB 300 e empreendeu fuga, sendo perseguido pelos policiais do TOR e capturado nas imedia\u00e7\u00f5es do conjunto Jo\u00e3o Alves Filho, ap\u00f3s averigua\u00e7\u00e3o foi constatado que a motocicleta era roubada e a arma de fogo pertencia a uma empresa de vigil\u00e2ncia\u201d Disse o Sgt Renilson Barreto, comandante da Guarni\u00e7\u00e3o.<\/p>\n<p style=\"text-align: justify;\"><em><strong>Comando da CPRv<\/strong><\/em><\/p>\n","protected":false},"excerpt":{"rendered":"<p>&nbsp; A Pol\u00edcia Militar, atrav\u00e9s da Companhia de Pol\u00edcia Rodovi\u00e1ria Estadual &#8211; CPRv, vem intensificando o policiamento ostensivo e preventivo nas rodovias estaduais, realizando diariamente opera\u00e7\u00f5es, objetivando proporcionar uma maior seguran\u00e7a aos condutores e usu\u00e1rios das rodovias estaduais. Os trabalhos s\u00e3o desenvolvidos pelo Supervisor de Dia e policiais de servi\u00e7o nos 06 postos de fiscaliza\u00e7\u00e3o, [&hellip;]<\/p>\n","protected":false},"author":1,"featured_media":51919,"comment_status":"closed","ping_status":"closed","sticky":false,"template":"","format":"standard","meta":{"footnotes":""},"categories":[7],"tags":[],"class_list":{"0":"post-51915","1":"post","2":"type-post","3":"status-publish","4":"format-standard","5":"has-post-thumbnail","7":"category-policia"},"_links":{"self":[{"href":"https:\/\/senoticias.com.br\/se\/wp-json\/wp\/v2\/posts\/51915"}],"collection":[{"href":"https:\/\/senoticias.com.br\/se\/wp-json\/wp\/v2\/posts"}],"about":[{"href":"https:\/\/senoticias.com.br\/se\/wp-json\/wp\/v2\/types\/post"}],"author":[{"embeddable":true,"href":"https:\/\/senoticias.com.br\/se\/wp-json\/wp\/v2\/users\/1"}],"replies":[{"embeddable":true,"href":"https:\/\/senoticias.com.br\/se\/wp-json\/wp\/v2\/comments?post=51915"}],"version-history":[{"count":0,"href":"https:\/\/senoticias.com.br\/se\/wp-json\/wp\/v2\/posts\/51915\/revisions"}],"wp:featuredmedia":[{"embeddable":true,"href":"https:\/\/senoticias.com.br\/se\/wp-json\/wp\/v2\/media\/51919"}],"wp:attachment":[{"href":"https:\/\/senoticias.com.br\/se\/wp-json\/wp\/v2\/media?parent=51915"}],"wp:term":[{"taxonomy":"category","embeddable":true,"href":"https:\/\/senoticias.com.br\/se\/wp-json\/wp\/v2\/categories?post=51915"},{"taxonomy":"post_tag","embeddable":true,"href":"https:\/\/senoticias.com.br\/se\/wp-json\/wp\/v2\/tags?post=51915"}],"curies":[{"name":"wp","href":"https:\/\/api.w.org\/{rel}","templated":true}]}}