{"id":51913,"date":"2013-08-24T13:24:35","date_gmt":"2013-08-24T16:24:35","guid":{"rendered":"http:\/\/senoticias.com.br\/se\/?p=51913"},"modified":"2013-08-24T13:24:35","modified_gmt":"2013-08-24T16:24:35","slug":"central-sindical-fara-ato-publico-segunda-feira-em-aracaju","status":"publish","type":"post","link":"https:\/\/senoticias.com.br\/se\/central-sindical-fara-ato-publico-segunda-feira-em-aracaju\/","title":{"rendered":"Central sindical far\u00e1 ato p\u00fablico segunda-feira em Aracaju"},"content":{"rendered":"<p>&nbsp;<\/p>\n<div id=\"attachment_38759\" style=\"width: 208px\" class=\"wp-caption alignright\"><a href=\"http:\/\/senoticias.com.br\/se\/wp-content\/uploads\/2012\/08\/Romildo.jpg\"><img loading=\"lazy\" decoding=\"async\" aria-describedby=\"caption-attachment-38759\" class=\"size-full wp-image-38759\" alt=\" Presidente da central sindical em Sergipe, Ronildo Almeida.(Divulga\u00e7\u00e3o)\" src=\"http:\/\/senoticias.com.br\/se\/wp-content\/uploads\/2012\/08\/Romildo.jpg\" width=\"198\" height=\"131\" \/><\/a><p id=\"caption-attachment-38759\" class=\"wp-caption-text\"><br \/>Presidente da central sindical em Sergipe, Ronildo Almeida.(Divulga\u00e7\u00e3o)<\/p><\/div>\n<p style=\"text-align: justify;\">A Uni\u00e3o Geral dos Trabalhadores em Sergipe realizar\u00e1 segunda-feira (26) um ato p\u00fablico no Cal\u00e7ad\u00e3o da Jo\u00e3o Pessoa, em frente \u00e0 ag\u00eancia da Caixa Econ\u00f4mica, no centro de Aracaju, pela redu\u00e7\u00e3o da jornada de trabalho de 44 para 40 horas semanais, sem redu\u00e7\u00e3o salarial; contra o Projeto de Lei 4330\/2004, que tramita no Congresso Nacional e que pretende ampliar a terceiriza\u00e7\u00e3o nas empresas e pelo fim do fator previdenci\u00e1rio.<\/p>\n<p style=\"text-align: justify;\">A UGT quer reunir diversas categorias profissionais nessa manifesta\u00e7\u00e3o que ter\u00e1 in\u00edcio \u00e0s 7h30. O ato faz parte de uma s\u00e9rie de a\u00e7\u00f5es organizada pela central sindical para o estado.<\/p>\n<p style=\"text-align: justify;\">O presidente da central sindical em Sergipe, Ronildo Almeida, afirma que \u00e9 preciso barrar projetos como o PL da terceiriza\u00e7\u00e3o das atividades-fim das empresas que amea\u00e7am os direitos dos trabalhadores (como Participa\u00e7\u00e3o nos Lucros e Resultados &#8211; PLR, Fundo de Garantia, 13\u00ba sal\u00e1rio, dentre outros benef\u00edcios). Estudos do Departamento Intersindical de Estat\u00edstica e Estudos Socioecon\u00f4micos (Dieese) indicam que, em compara\u00e7\u00e3o com os contratados diretos, o trabalhador terceirizado permanece menos tempo no emprego (2,6 anos a menos), tem jornada de tr\u00eas horas a mais, recebe 27% a menos e sofre mais acidentes.<\/p>\n<p style=\"text-align: justify;\"><strong>Ascom UGT<\/strong><\/p>\n","protected":false},"excerpt":{"rendered":"<p>&nbsp; A Uni\u00e3o Geral dos Trabalhadores em Sergipe realizar\u00e1 segunda-feira (26) um ato p\u00fablico no Cal\u00e7ad\u00e3o da Jo\u00e3o Pessoa, em frente \u00e0 ag\u00eancia da Caixa Econ\u00f4mica, no centro de Aracaju, pela redu\u00e7\u00e3o da jornada de trabalho de 44 para 40 horas semanais, sem redu\u00e7\u00e3o salarial; contra o Projeto de Lei 4330\/2004, que tramita no Congresso [&hellip;]<\/p>\n","protected":false},"author":1,"featured_media":38759,"comment_status":"closed","ping_status":"closed","sticky":false,"template":"","format":"standard","meta":{"footnotes":""},"categories":[6],"tags":[],"class_list":{"0":"post-51913","1":"post","2":"type-post","3":"status-publish","4":"format-standard","5":"has-post-thumbnail","7":"category-politica"},"_links":{"self":[{"href":"https:\/\/senoticias.com.br\/se\/wp-json\/wp\/v2\/posts\/51913"}],"collection":[{"href":"https:\/\/senoticias.com.br\/se\/wp-json\/wp\/v2\/posts"}],"about":[{"href":"https:\/\/senoticias.com.br\/se\/wp-json\/wp\/v2\/types\/post"}],"author":[{"embeddable":true,"href":"https:\/\/senoticias.com.br\/se\/wp-json\/wp\/v2\/users\/1"}],"replies":[{"embeddable":true,"href":"https:\/\/senoticias.com.br\/se\/wp-json\/wp\/v2\/comments?post=51913"}],"version-history":[{"count":0,"href":"https:\/\/senoticias.com.br\/se\/wp-json\/wp\/v2\/posts\/51913\/revisions"}],"wp:featuredmedia":[{"embeddable":true,"href":"https:\/\/senoticias.com.br\/se\/wp-json\/wp\/v2\/media\/38759"}],"wp:attachment":[{"href":"https:\/\/senoticias.com.br\/se\/wp-json\/wp\/v2\/media?parent=51913"}],"wp:term":[{"taxonomy":"category","embeddable":true,"href":"https:\/\/senoticias.com.br\/se\/wp-json\/wp\/v2\/categories?post=51913"},{"taxonomy":"post_tag","embeddable":true,"href":"https:\/\/senoticias.com.br\/se\/wp-json\/wp\/v2\/tags?post=51913"}],"curies":[{"name":"wp","href":"https:\/\/api.w.org\/{rel}","templated":true}]}}