{"id":51907,"date":"2013-08-23T21:00:12","date_gmt":"2013-08-24T00:00:12","guid":{"rendered":"http:\/\/senoticias.com.br\/se\/?p=51907"},"modified":"2013-08-23T21:00:37","modified_gmt":"2013-08-24T00:00:37","slug":"sebrae-marca-presenca-na-feira-agropecuaria-de-itabaiana","status":"publish","type":"post","link":"https:\/\/senoticias.com.br\/se\/sebrae-marca-presenca-na-feira-agropecuaria-de-itabaiana\/","title":{"rendered":"Sebrae marca presen\u00e7a na Feira Agropecu\u00e1ria de Itabaiana"},"content":{"rendered":"<p style=\"text-align: justify;\">O Sebrae estar\u00e1 presente na Feira Agropecu\u00e1ria de Itabaiana, que come\u00e7a neste s\u00e1bado e prossegue at\u00e9 a pr\u00f3xima quarta-feira, 28, na Pra\u00e7a de Eventos do munic\u00edpio. A entidade disponibilizar\u00e1 ao p\u00fablico uma s\u00e9rie de produtos e servi\u00e7os, incluindo orienta\u00e7\u00e3o empresarial e palestras voltadas ao homem do campo.<\/p>\n<p style=\"text-align: justify;\">Diariamente, t\u00e9cnicos da entidade de apoio aos pequenos neg\u00f3cios estar\u00e3o apresentando aos produtores os projetos desenvolvidos pelo \u00f3rg\u00e3o em todo o Estado e fornecendo informa\u00e7\u00f5es para quem busca apoio para desenvolver o pr\u00f3prio neg\u00f3cio.<\/p>\n<p style=\"text-align: justify;\">Outra atividade ofertada ao p\u00fablico s\u00e3o as palestras sobre\u00a0 \u2018Os cuidados com os caprinos e ovinos no per\u00edodo chuvoso\u2019, \u2018Produ\u00e7\u00e3o Org\u00e2nica e controle social\u2019, Projeto Balde Cheio\u2019 e o \u2018Programa Alimentos Seguros para a cadeia do leite (PAS Leite), que ser\u00e3o ministradas pelos t\u00e9cnicos e consultores do Sebrae.<\/p>\n<p style=\"text-align: justify;\">\u201cTeremos uma extensa agenda de eventos para permitir que as pessoas conhe\u00e7am nossas solu\u00e7\u00f5es e possam utiliz\u00e1-las em suas propriedades. Estaremos na Feira das 8hs \u00e0s 18hs e aguardamos a presen\u00e7a de todos os produtores\u201d, explica o analista do Sebrae, Ant\u00f4nio Cardoso.<\/p>\n<p style=\"text-align: justify;\"><strong>A Feira Agropecu\u00e1ria<\/strong><\/p>\n<p style=\"text-align: justify;\">O evento ser\u00e1 realizado simultaneamente \u00e0s festas em comemora\u00e7\u00e3o aos 125 anos da cidade. Realizada pela Prefeitura local,a Feira contar\u00e1 com espa\u00e7os para a divulga\u00e7\u00e3o de oportunidades de neg\u00f3cios para criadores de animais, empresas de insumos agr\u00edcolas e m\u00e1quinas voltadas aos empreendedores do setor rural.<\/p>\n<p style=\"text-align: justify;\"><strong>por Wellington Amarante\/Ascom Sebrae<\/strong><\/p>\n","protected":false},"excerpt":{"rendered":"<p>O Sebrae estar\u00e1 presente na Feira Agropecu\u00e1ria de Itabaiana, que come\u00e7a neste s\u00e1bado e prossegue at\u00e9 a pr\u00f3xima quarta-feira, 28, na Pra\u00e7a de Eventos do munic\u00edpio. A entidade disponibilizar\u00e1 ao p\u00fablico uma s\u00e9rie de produtos e servi\u00e7os, incluindo orienta\u00e7\u00e3o empresarial e palestras voltadas ao homem do campo. Diariamente, t\u00e9cnicos da entidade de apoio aos pequenos [&hellip;]<\/p>\n","protected":false},"author":1,"featured_media":0,"comment_status":"closed","ping_status":"closed","sticky":false,"template":"","format":"standard","meta":{"footnotes":""},"categories":[1],"tags":[],"class_list":{"0":"post-51907","1":"post","2":"type-post","3":"status-publish","4":"format-standard","6":"category-sem-categoria"},"_links":{"self":[{"href":"https:\/\/senoticias.com.br\/se\/wp-json\/wp\/v2\/posts\/51907"}],"collection":[{"href":"https:\/\/senoticias.com.br\/se\/wp-json\/wp\/v2\/posts"}],"about":[{"href":"https:\/\/senoticias.com.br\/se\/wp-json\/wp\/v2\/types\/post"}],"author":[{"embeddable":true,"href":"https:\/\/senoticias.com.br\/se\/wp-json\/wp\/v2\/users\/1"}],"replies":[{"embeddable":true,"href":"https:\/\/senoticias.com.br\/se\/wp-json\/wp\/v2\/comments?post=51907"}],"version-history":[{"count":0,"href":"https:\/\/senoticias.com.br\/se\/wp-json\/wp\/v2\/posts\/51907\/revisions"}],"wp:attachment":[{"href":"https:\/\/senoticias.com.br\/se\/wp-json\/wp\/v2\/media?parent=51907"}],"wp:term":[{"taxonomy":"category","embeddable":true,"href":"https:\/\/senoticias.com.br\/se\/wp-json\/wp\/v2\/categories?post=51907"},{"taxonomy":"post_tag","embeddable":true,"href":"https:\/\/senoticias.com.br\/se\/wp-json\/wp\/v2\/tags?post=51907"}],"curies":[{"name":"wp","href":"https:\/\/api.w.org\/{rel}","templated":true}]}}