{"id":51904,"date":"2013-08-23T20:43:09","date_gmt":"2013-08-23T23:43:09","guid":{"rendered":"http:\/\/senoticias.com.br\/se\/?p=51904"},"modified":"2013-08-26T06:28:09","modified_gmt":"2013-08-26T09:28:09","slug":"aprovacao-do-governo-dilma-sobe-de-31-para-38-diz-ibope","status":"publish","type":"post","link":"https:\/\/senoticias.com.br\/se\/aprovacao-do-governo-dilma-sobe-de-31-para-38-diz-ibope\/","title":{"rendered":"Aprova\u00e7\u00e3o do governo Dilma sobe de 31% para 38%, diz Ibope"},"content":{"rendered":"<p><em><strong>Do G1, em S\u00e3o Paulo<\/strong><\/em><\/p>\n<div id=\"attachment_48005\" style=\"width: 300px\" class=\"wp-caption alignright\"><a href=\"http:\/\/senoticias.com.br\/se\/wp-content\/uploads\/2013\/05\/Dilma.jpg\"><img loading=\"lazy\" decoding=\"async\" aria-describedby=\"caption-attachment-48005\" class=\"size-full wp-image-48005\" alt=\"Avalia\u00e7\u00e3o como 'ruim' ou 'p\u00e9ssimo' \u00e9 de 24%, diz pesquisa Ibope-Estado.. (Marcelo Camargo\/ABr)\" src=\"http:\/\/senoticias.com.br\/se\/wp-content\/uploads\/2013\/05\/Dilma.jpg\" width=\"290\" height=\"280\" \/><\/a><p id=\"caption-attachment-48005\" class=\"wp-caption-text\">Avalia\u00e7\u00e3o como &#8216;ruim&#8217; ou &#8216;p\u00e9ssimo&#8217; \u00e9 de 24%, diz pesquisa Ibope-Estado.. (Marcelo Camargo\/ABr)<\/p><\/div>\n<p style=\"text-align: justify;\">O governo da presidente Dilma Rousseff (PT) recuperou parte da aprova\u00e7\u00e3o perdida ap\u00f3s as manifesta\u00e7\u00f5es populares de junho. Pesquisa Ibope em parceria com o jornal O Estado de S\u00e3o Paulo conclu\u00edda na segunda-feira, 19, mostra que a taxa de \u00f3timo\/bom do governo cresceu de 31% para 38% desde 12 de julho. Ao mesmo tempo, as opini\u00f5es de que o governo \u00e9 ruim ou p\u00e9ssimo ca\u00edram de 31% para 24%.<\/p>\n<p style=\"text-align: justify;\">A avalia\u00e7\u00e3o de que o governo \u00e9 &#8220;regular&#8221; permaneceu em 37%. Apenas 1% n\u00e3o soube ou n\u00e3o quis responder. A recupera\u00e7\u00e3o ocorreu principalmente no Sul e no Sudeste, onde as taxas de aprova\u00e7\u00e3o cresceram 12 e 11 pontos porcentuais, respectivamente.<\/p>\n<p style=\"text-align: justify;\"><strong>Mais not\u00edcias de Pol\u00edtica<\/strong><\/p>\n<p style=\"text-align: justify;\">Para a CEO do Ibope Intelig\u00eancia, Marcia Cavallari, a recupera\u00e7\u00e3o de parte da popularidade de Dilma est\u00e1 relacionada ao refluxo das manifesta\u00e7\u00f5es de rua, principalmente no Sudeste. &#8220;Os protestos diminu\u00edram de tamanho e de alvo. A presidente n\u00e3o est\u00e1 mais no foco das manifesta\u00e7\u00f5es&#8221;, afirma Marcia.<\/p>\n<p style=\"text-align: justify;\">Ajudou tamb\u00e9m a melhoria de alguns indicadores econ\u00f4micos, como a redu\u00e7\u00e3o da infla\u00e7\u00e3o e do desemprego, e o aumento da confian\u00e7a do consumidor. Hoje, a Funda\u00e7\u00e3o Get\u00falio Vargas mostrou que seu \u00edndice de confian\u00e7a cresceu 4,4% em agosto. &#8220;S\u00e3o todos indicadores concretos, que fazem diferen\u00e7a no dia-a-dia do eleitor&#8221;, afirma a CEO do Ibope Intelig\u00eancia.<\/p>\n<p style=\"text-align: justify;\">A pesquisa Ibope mostra que a recupera\u00e7\u00e3o da popularidade de Dilma \u00e9 lenta. Sinais de que sua imagem estava melhorando haviam sido detectados pelo Datafolha duas semanas atr\u00e1s. Em compara\u00e7\u00e3o \u00e0quela pesquisa, a aprova\u00e7\u00e3o governo foi de 36% para 38% agora. Ainda est\u00e1 longe de estava, por\u00e9m. Em mar\u00e7o, a presidente chegou a 65% de \u00f3timo\/bom no Datafolha e 63% no Ibope.<\/p>\n<p style=\"text-align: justify;\">A pesquisa Ibope-Estado foi feita entre os dias 15 e 19 de agosto. Foram 2.002 entrevistas face a face, feitas na resid\u00eancia dos entrevistados. A pesquisa tem abrang\u00eancia nacional: foi feita em 143 munic\u00edpios de todas as regi\u00f5es do Brasil. Sua margem de erro m\u00e1xima \u00e9 de dois pontos porcentuais, para mais ou para menos, num intervalo de confian\u00e7a de 95%.<\/p>\n","protected":false},"excerpt":{"rendered":"<p>Do G1, em S\u00e3o Paulo O governo da presidente Dilma Rousseff (PT) recuperou parte da aprova\u00e7\u00e3o perdida ap\u00f3s as manifesta\u00e7\u00f5es populares de junho. Pesquisa Ibope em parceria com o jornal O Estado de S\u00e3o Paulo conclu\u00edda na segunda-feira, 19, mostra que a taxa de \u00f3timo\/bom do governo cresceu de 31% para 38% desde 12 de [&hellip;]<\/p>\n","protected":false},"author":1,"featured_media":48005,"comment_status":"closed","ping_status":"closed","sticky":false,"template":"","format":"standard","meta":{"footnotes":""},"categories":[6],"tags":[],"class_list":{"0":"post-51904","1":"post","2":"type-post","3":"status-publish","4":"format-standard","5":"has-post-thumbnail","7":"category-politica"},"_links":{"self":[{"href":"https:\/\/senoticias.com.br\/se\/wp-json\/wp\/v2\/posts\/51904"}],"collection":[{"href":"https:\/\/senoticias.com.br\/se\/wp-json\/wp\/v2\/posts"}],"about":[{"href":"https:\/\/senoticias.com.br\/se\/wp-json\/wp\/v2\/types\/post"}],"author":[{"embeddable":true,"href":"https:\/\/senoticias.com.br\/se\/wp-json\/wp\/v2\/users\/1"}],"replies":[{"embeddable":true,"href":"https:\/\/senoticias.com.br\/se\/wp-json\/wp\/v2\/comments?post=51904"}],"version-history":[{"count":0,"href":"https:\/\/senoticias.com.br\/se\/wp-json\/wp\/v2\/posts\/51904\/revisions"}],"wp:featuredmedia":[{"embeddable":true,"href":"https:\/\/senoticias.com.br\/se\/wp-json\/wp\/v2\/media\/48005"}],"wp:attachment":[{"href":"https:\/\/senoticias.com.br\/se\/wp-json\/wp\/v2\/media?parent=51904"}],"wp:term":[{"taxonomy":"category","embeddable":true,"href":"https:\/\/senoticias.com.br\/se\/wp-json\/wp\/v2\/categories?post=51904"},{"taxonomy":"post_tag","embeddable":true,"href":"https:\/\/senoticias.com.br\/se\/wp-json\/wp\/v2\/tags?post=51904"}],"curies":[{"name":"wp","href":"https:\/\/api.w.org\/{rel}","templated":true}]}}