{"id":51901,"date":"2013-08-23T20:22:38","date_gmt":"2013-08-23T23:22:38","guid":{"rendered":"http:\/\/senoticias.com.br\/se\/?p=51901"},"modified":"2013-08-25T18:59:11","modified_gmt":"2013-08-25T21:59:11","slug":"anatel-multa-telexfree-em-r-4-000-servicos-ainda-estao-bloqueados","status":"publish","type":"post","link":"https:\/\/senoticias.com.br\/se\/anatel-multa-telexfree-em-r-4-000-servicos-ainda-estao-bloqueados\/","title":{"rendered":"Anatel multa TelexFree em R$ 4.000; servi\u00e7os ainda est\u00e3o bloqueados"},"content":{"rendered":"<p><em><strong>Da Folha UOL<\/strong><\/em><\/p>\n<div id=\"attachment_51902\" style=\"width: 210px\" class=\"wp-caption alignright\"><a href=\"http:\/\/senoticias.com.br\/se\/wp-content\/uploads\/2013\/08\/alessandra-marques-promotora-de-justica-de-defesa-do-consumidor-do-ministerio-publico-do-estado-do-acre-mpeac-diz-ter-sofrido-ameacas-de-morte-por-investigar-a-empresa-telexfree-1374589242859_200x200.jpg\"><img loading=\"lazy\" decoding=\"async\" aria-describedby=\"caption-attachment-51902\" class=\"size-full wp-image-51902\" alt=\" Promotora do caso de suposta pir\u00e2mide diz ter sido amea\u00e7ada. (Divulga\u00e7\u00e3o) \" src=\"http:\/\/senoticias.com.br\/se\/wp-content\/uploads\/2013\/08\/alessandra-marques-promotora-de-justica-de-defesa-do-consumidor-do-ministerio-publico-do-estado-do-acre-mpeac-diz-ter-sofrido-ameacas-de-morte-por-investigar-a-empresa-telexfree-1374589242859_200x200.jpg\" width=\"200\" height=\"200\" srcset=\"https:\/\/senoticias.com.br\/se\/wp-content\/uploads\/2013\/08\/alessandra-marques-promotora-de-justica-de-defesa-do-consumidor-do-ministerio-publico-do-estado-do-acre-mpeac-diz-ter-sofrido-ameacas-de-morte-por-investigar-a-empresa-telexfree-1374589242859_200x200.jpg 200w, https:\/\/senoticias.com.br\/se\/wp-content\/uploads\/2013\/08\/alessandra-marques-promotora-de-justica-de-defesa-do-consumidor-do-ministerio-publico-do-estado-do-acre-mpeac-diz-ter-sofrido-ameacas-de-morte-por-investigar-a-empresa-telexfree-1374589242859_200x200-150x150.jpg 150w, https:\/\/senoticias.com.br\/se\/wp-content\/uploads\/2013\/08\/alessandra-marques-promotora-de-justica-de-defesa-do-consumidor-do-ministerio-publico-do-estado-do-acre-mpeac-diz-ter-sofrido-ameacas-de-morte-por-investigar-a-empresa-telexfree-1374589242859_200x200-50x50.jpg 50w, https:\/\/senoticias.com.br\/se\/wp-content\/uploads\/2013\/08\/alessandra-marques-promotora-de-justica-de-defesa-do-consumidor-do-ministerio-publico-do-estado-do-acre-mpeac-diz-ter-sofrido-ameacas-de-morte-por-investigar-a-empresa-telexfree-1374589242859_200x200-70x70.jpg 70w, https:\/\/senoticias.com.br\/se\/wp-content\/uploads\/2013\/08\/alessandra-marques-promotora-de-justica-de-defesa-do-consumidor-do-ministerio-publico-do-estado-do-acre-mpeac-diz-ter-sofrido-ameacas-de-morte-por-investigar-a-empresa-telexfree-1374589242859_200x200-55x55.jpg 55w\" sizes=\"(max-width: 200px) 100vw, 200px\" \/><\/a><p id=\"caption-attachment-51902\" class=\"wp-caption-text\"><br \/>Promotora do caso de suposta pir\u00e2mide diz ter sido amea\u00e7ada. (Divulga\u00e7\u00e3o)<\/p><\/div>\n<p style=\"text-align: justify;\">A empresa Telexfree foi processada pela Anatel (Ag\u00eancia Nacional de Telecomunica\u00e7\u00f5es) por n\u00e3o ter autoriza\u00e7\u00e3o para disponibilizar liga\u00e7\u00f5es entre um computador e um telefone comum, servi\u00e7o conhecido como VoIP (Voz sobre IP, que permite a realiza\u00e7\u00e3o de chamadas de voz via computador).<\/p>\n<p style=\"text-align: justify;\">De acordo com a ag\u00eancia, para efetuar liga\u00e7\u00f5es entre computadores n\u00e3o \u00e9 necess\u00e1rio nenhum tipo de autoriza\u00e7\u00e3o. No entanto, para estabelecer contato entre um computador e um telefone (seja fixo ou celular) \u00e9 preciso fazer uma interconex\u00e3o com alguma operadora de telefonia e para isso a autoriza\u00e7\u00e3o da ag\u00eancia \u00e9 exigida.<\/p>\n<p style=\"text-align: justify;\">De acordo com a Anatel, a TelexFree foi multada em cerca de R$ 4 mil e ainda continua sem autoriza\u00e7\u00e3o. Os servi\u00e7os da empresa est\u00e3o bloqueados devido \u00e0 acusa\u00e7\u00e3o de pir\u00e2mide financeira, feita pelo Minist\u00e9rio P\u00fablico do Acre (MP-AC).<\/p>\n<p style=\"text-align: justify;\"><strong>Acusa\u00e7\u00e3o de pir\u00e2mide financeira<\/strong><\/p>\n<p style=\"text-align: justify;\">A TelexFree comercializa um sistema de VoIP, mas o MP-AC acusa a empresa um esquema de pir\u00e2mide financeira. De acordo com a acusa\u00e7\u00e3o, o VoIP \u00e9 pouco utilizado e o mais importante \u00e9 o dinheiro que circula com a entrada de novos associados. Por isso, as atividades da empresa foram suspensas e os bens bloqueados at\u00e9 que a investiga\u00e7\u00e3o seja conclu\u00edda e o processo julgado.<\/p>\n<p style=\"text-align: justify;\">Os divulgadores ganham postando an\u00fancios na internet e com a comercializa\u00e7\u00e3o das contas VoIP. Mas para impulsionar os rendimentos era necess\u00e1rio trazer mais gente para o sistema e ganhar um percentual de cada nova ades\u00e3o em diversos n\u00edveis.<\/p>\n<p style=\"text-align: justify;\">Pir\u00e2mide financeira causa preju\u00edzo quando n\u00e3o h\u00e1 novos integrantes<\/p>\n<p style=\"text-align: justify;\">A movimenta\u00e7\u00e3o de dinheiro da empresa Telexfree est\u00e1 proibida pela Justi\u00e7a do Acre desde o final de junho. A Telexfree tamb\u00e9m continua impossibilitada de realizar novos cadastros de divulgadores, sob pena de multa di\u00e1ria de R$ 500 mil.<\/p>\n<p style=\"text-align: justify;\">Atuando no Brasil desde mar\u00e7o de 2012, a Telexfree vende planos de minutos de telefonia de voz sobre protocolo de internet. Por\u00e9m, segundo a acusa\u00e7\u00e3o da Justi\u00e7a, isso seria apenas uma fachada.<\/p>\n<p style=\"text-align: justify;\">A empresa \u00e9 investigada por ind\u00edcios de forma\u00e7\u00e3o de pir\u00e2mide financeira, modalidade considerada ilegal porque s\u00f3 \u00e9 vantajosa enquanto atrai novos investidores.<\/p>\n<p style=\"text-align: justify;\">Assim que os aplicadores param de entrar, o esquema n\u00e3o tem como cobrir os retornos prometidos e entra em colapso. Nesse tipo de golpe, s\u00e3o comuns as promessas de retorno expressivo em pouco tempo.<\/p>\n<p style=\"text-align: justify;\">Em notas, a empresa disse que est\u00e1 se defendendo de forma vigorosa das acusa\u00e7\u00f5es e que tem apresentado sua defesa juntando aos processos todos os documentos necess\u00e1rios, de modo que comprove a regularidade e a viabilidade econ\u00f4mica de suas atividades.<\/p>\n","protected":false},"excerpt":{"rendered":"<p>Da Folha UOL A empresa Telexfree foi processada pela Anatel (Ag\u00eancia Nacional de Telecomunica\u00e7\u00f5es) por n\u00e3o ter autoriza\u00e7\u00e3o para disponibilizar liga\u00e7\u00f5es entre um computador e um telefone comum, servi\u00e7o conhecido como VoIP (Voz sobre IP, que permite a realiza\u00e7\u00e3o de chamadas de voz via computador). De acordo com a ag\u00eancia, para efetuar liga\u00e7\u00f5es entre computadores [&hellip;]<\/p>\n","protected":false},"author":1,"featured_media":51902,"comment_status":"closed","ping_status":"closed","sticky":false,"template":"","format":"standard","meta":{"footnotes":""},"categories":[310],"tags":[],"class_list":{"0":"post-51901","1":"post","2":"type-post","3":"status-publish","4":"format-standard","5":"has-post-thumbnail","7":"category-destaques-da-semana"},"_links":{"self":[{"href":"https:\/\/senoticias.com.br\/se\/wp-json\/wp\/v2\/posts\/51901"}],"collection":[{"href":"https:\/\/senoticias.com.br\/se\/wp-json\/wp\/v2\/posts"}],"about":[{"href":"https:\/\/senoticias.com.br\/se\/wp-json\/wp\/v2\/types\/post"}],"author":[{"embeddable":true,"href":"https:\/\/senoticias.com.br\/se\/wp-json\/wp\/v2\/users\/1"}],"replies":[{"embeddable":true,"href":"https:\/\/senoticias.com.br\/se\/wp-json\/wp\/v2\/comments?post=51901"}],"version-history":[{"count":0,"href":"https:\/\/senoticias.com.br\/se\/wp-json\/wp\/v2\/posts\/51901\/revisions"}],"wp:featuredmedia":[{"embeddable":true,"href":"https:\/\/senoticias.com.br\/se\/wp-json\/wp\/v2\/media\/51902"}],"wp:attachment":[{"href":"https:\/\/senoticias.com.br\/se\/wp-json\/wp\/v2\/media?parent=51901"}],"wp:term":[{"taxonomy":"category","embeddable":true,"href":"https:\/\/senoticias.com.br\/se\/wp-json\/wp\/v2\/categories?post=51901"},{"taxonomy":"post_tag","embeddable":true,"href":"https:\/\/senoticias.com.br\/se\/wp-json\/wp\/v2\/tags?post=51901"}],"curies":[{"name":"wp","href":"https:\/\/api.w.org\/{rel}","templated":true}]}}