{"id":51893,"date":"2013-08-23T16:04:03","date_gmt":"2013-08-23T19:04:03","guid":{"rendered":"http:\/\/senoticias.com.br\/se\/?p=51893"},"modified":"2013-08-23T16:04:16","modified_gmt":"2013-08-23T19:04:16","slug":"mendonca-prado-quer-o-fim-do-analfabetismo-da-violencia-e-do-trabalho-infantil","status":"publish","type":"post","link":"https:\/\/senoticias.com.br\/se\/mendonca-prado-quer-o-fim-do-analfabetismo-da-violencia-e-do-trabalho-infantil\/","title":{"rendered":"Mendon\u00e7a Prado quer o fim do analfabetismo, da viol\u00eancia e do trabalho infantil"},"content":{"rendered":"<p>&nbsp;<\/p>\n<div id=\"attachment_44162\" style=\"width: 310px\" class=\"wp-caption alignright\"><a href=\"http:\/\/senoticias.com.br\/se\/wp-content\/uploads\/2013\/02\/CR\u00c9DITO-GUSTAVO-LIMA.jpg\"><img loading=\"lazy\" decoding=\"async\" aria-describedby=\"caption-attachment-44162\" class=\"size-medium wp-image-44162\" alt=\" Mendon\u00e7a Prado, DEM . (Foto: Gustavo Lima)\" src=\"http:\/\/senoticias.com.br\/se\/wp-content\/uploads\/2013\/02\/CR\u00c9DITO-GUSTAVO-LIMA-300x199.jpg\" width=\"300\" height=\"199\" \/><\/a><p id=\"caption-attachment-44162\" class=\"wp-caption-text\">Mendon\u00e7a Prado, DEM . (Foto: Gustavo Lima)<\/p><\/div>\n<p style=\"text-align: justify;\">Em comemora\u00e7\u00e3o ao Dia da Inf\u00e2ncia, o democrata Mendon\u00e7a Prado (SE) discursou no plen\u00e1rio da C\u00e2mara dos Deputados, destacando as redu\u00e7\u00f5es nas taxas de analfabetismo e trabalho infantil, e criticando o aumento dos indicadores de viol\u00eancia.<\/p>\n<p style=\"text-align: justify;\">\u201cOs avan\u00e7os nessas duas \u00e1reas, educa\u00e7\u00e3o e trabalho, s\u00e3o louv\u00e1veis e, acredito, demonstram que o Brasil caminha para a erradica\u00e7\u00e3o do analfabetismo. Contudo, enquanto esses dados s\u00e3o reduzidos, a mortalidade decorrente da viol\u00eancia tem aumentado consideravelmente entre crian\u00e7as e jovens\u201d, afirmou o parlamentar.<\/p>\n<p style=\"text-align: justify;\">De acordo com o Censo Demogr\u00e1fico de 2010 (o mais atual), crian\u00e7as e adolescentes na faixa de 0 a 18 anos de idade constituem um contingente de exatas 59.657.339 pessoas. As crian\u00e7as, por sua vez, s\u00e3o mais de 35 milh\u00f5es de pessoas, representando 18,7% da popula\u00e7\u00e3o nacional. \u201cA educa\u00e7\u00e3o tem melhorado consideravelmente nos \u00faltimos 20 anos, com redu\u00e7\u00e3o significativa do analfabetismo, mas, segundo dados publicados pelo Censo 2010, mais de 4 milh\u00f5es de crian\u00e7as entre 5 e 9 anos n\u00e3o est\u00e3o alfabetizadas\u201d, enfatiza.<\/p>\n<p style=\"text-align: justify;\">Al\u00e9m dessa pesquisa, dados do Mapa da Viol\u00eancia 2013, com 1,14 milh\u00e3o de homic\u00eddios entre 1980 e 2010, demonstram que o Brasil tem uma m\u00e9dia anual de mortes violentas superior \u00e0 de diversos conflitos armados internacionais. E muitos dessas v\u00edtimas s\u00e3o crian\u00e7as e adolescentes. Dessas mortes, 43,3% s\u00e3o de crian\u00e7as e jovens assassinados. De acordo com o estudo realizado por Jacobo Waiselfisz, as mortes de crian\u00e7as e adolescentes por causas violentas representava pouco mais de 3% do total. Em 2010, esse valor subiu para 11,5% do total de mortes. Aumento de quase 300%.<\/p>\n<p style=\"text-align: justify;\">Para Mendon\u00e7a Prado, a seguran\u00e7a no tr\u00e2nsito tamb\u00e9m preocupa. \u201cO Brasil ocupa a 12\u00ba posi\u00e7\u00e3o entre os pa\u00edses com mais mortes no tr\u00e2nsito envolvendo crian\u00e7as e adolescentes. A taxa de \u00f3bito \u00e9 de 8,7 em amostras de 100 mil, segundo o Mapa da Viol\u00eancia 2012 \u2013 Crian\u00e7as e Adolescentes do Brasil. Como venho mencionando em diversos discursos no Plen\u00e1rio desta Casa, somente a educa\u00e7\u00e3o no tr\u00e2nsito pode reverter esse quadro lament\u00e1vel.\u201d<\/p>\n<p style=\"text-align: justify;\">Outro ponto questionado por Mendon\u00e7a Prado em seu discurso \u00e9 a redu\u00e7\u00e3o do n\u00famero de crian\u00e7as e adolescentes trabalhando. O governo brasileiro tem ratificado conven\u00e7\u00f5es internacionais sobre o assunto e aplicado programas de renda para fam\u00edlias que atuam em carvoarias, olarias, planta\u00e7\u00f5es de fumo, lix\u00f5es, na cultura de cana-de-a\u00e7\u00facar, entre outras atividades, recebendo bolsas que substituem a renda gerada pelo trabalho irregular. Em contrapartida, devem matricular a crian\u00e7a ou o adolescente na escola e comprovar frequ\u00eancia m\u00ednima de 85% da carga hor\u00e1ria escolar mensal.<\/p>\n<p style=\"text-align: justify;\">\u201cApesar desses programas e de a lei nacional estabelecer 16 anos como a idade m\u00ednima para o ingresso no mercado de trabalho e 14 para trabalhar na condi\u00e7\u00e3o de aprendiz, acredita-se que mais de cinco milh\u00f5es de jovens entre cinco e 15 anos de idade trabalham irregularmente no pa\u00eds. No dia em que comemoramos o Dia da Inf\u00e2ncia, esperamos que sejam tomadas medidas dr\u00e1sticas para reduzir os n\u00fameros da viol\u00eancia, a participa\u00e7\u00e3o antecipada e ilegal no trabalho, bem como o analfabetismo das crian\u00e7as e adolescentes brasileiros\u201d.<\/p>\n<p style=\"text-align: justify;\"><strong>\u00a0Izys Moreira &#8211; Assessoria de Imprensa<\/strong><\/p>\n","protected":false},"excerpt":{"rendered":"<p>&nbsp; Em comemora\u00e7\u00e3o ao Dia da Inf\u00e2ncia, o democrata Mendon\u00e7a Prado (SE) discursou no plen\u00e1rio da C\u00e2mara dos Deputados, destacando as redu\u00e7\u00f5es nas taxas de analfabetismo e trabalho infantil, e criticando o aumento dos indicadores de viol\u00eancia. \u201cOs avan\u00e7os nessas duas \u00e1reas, educa\u00e7\u00e3o e trabalho, s\u00e3o louv\u00e1veis e, acredito, demonstram que o Brasil caminha para [&hellip;]<\/p>\n","protected":false},"author":3,"featured_media":44162,"comment_status":"closed","ping_status":"closed","sticky":false,"template":"","format":"standard","meta":{"footnotes":""},"categories":[6],"tags":[],"class_list":{"0":"post-51893","1":"post","2":"type-post","3":"status-publish","4":"format-standard","5":"has-post-thumbnail","7":"category-politica"},"_links":{"self":[{"href":"https:\/\/senoticias.com.br\/se\/wp-json\/wp\/v2\/posts\/51893"}],"collection":[{"href":"https:\/\/senoticias.com.br\/se\/wp-json\/wp\/v2\/posts"}],"about":[{"href":"https:\/\/senoticias.com.br\/se\/wp-json\/wp\/v2\/types\/post"}],"author":[{"embeddable":true,"href":"https:\/\/senoticias.com.br\/se\/wp-json\/wp\/v2\/users\/3"}],"replies":[{"embeddable":true,"href":"https:\/\/senoticias.com.br\/se\/wp-json\/wp\/v2\/comments?post=51893"}],"version-history":[{"count":0,"href":"https:\/\/senoticias.com.br\/se\/wp-json\/wp\/v2\/posts\/51893\/revisions"}],"wp:featuredmedia":[{"embeddable":true,"href":"https:\/\/senoticias.com.br\/se\/wp-json\/wp\/v2\/media\/44162"}],"wp:attachment":[{"href":"https:\/\/senoticias.com.br\/se\/wp-json\/wp\/v2\/media?parent=51893"}],"wp:term":[{"taxonomy":"category","embeddable":true,"href":"https:\/\/senoticias.com.br\/se\/wp-json\/wp\/v2\/categories?post=51893"},{"taxonomy":"post_tag","embeddable":true,"href":"https:\/\/senoticias.com.br\/se\/wp-json\/wp\/v2\/tags?post=51893"}],"curies":[{"name":"wp","href":"https:\/\/api.w.org\/{rel}","templated":true}]}}