{"id":51890,"date":"2013-08-23T15:00:45","date_gmt":"2013-08-23T18:00:45","guid":{"rendered":"http:\/\/senoticias.com.br\/se\/?p=51890"},"modified":"2013-08-23T15:00:45","modified_gmt":"2013-08-23T18:00:45","slug":"tribunal-de-justica-solicita-apoio-da-defensoria-publica-na-realizacao-de-mutirao-carcerario","status":"publish","type":"post","link":"https:\/\/senoticias.com.br\/se\/tribunal-de-justica-solicita-apoio-da-defensoria-publica-na-realizacao-de-mutirao-carcerario\/","title":{"rendered":"Tribunal de Justi\u00e7a solicita apoio da Defensoria P\u00fablica na realiza\u00e7\u00e3o de Mutir\u00e3o Carcer\u00e1rio"},"content":{"rendered":"<p style=\"text-align: justify;\">\n<a href=\"http:\/\/senoticias.com.br\/se\/wp-content\/uploads\/2013\/08\/IMG-20130821-WA022.jpg\"><img loading=\"lazy\" decoding=\"async\" class=\"alignright size-medium wp-image-51891\" alt=\"\" src=\"http:\/\/senoticias.com.br\/se\/wp-content\/uploads\/2013\/08\/IMG-20130821-WA022-300x225.jpg\" width=\"300\" height=\"225\" srcset=\"https:\/\/senoticias.com.br\/se\/wp-content\/uploads\/2013\/08\/IMG-20130821-WA022-300x225.jpg 300w, https:\/\/senoticias.com.br\/se\/wp-content\/uploads\/2013\/08\/IMG-20130821-WA022-342x256.jpg 342w, https:\/\/senoticias.com.br\/se\/wp-content\/uploads\/2013\/08\/IMG-20130821-WA022-60x45.jpg 60w, https:\/\/senoticias.com.br\/se\/wp-content\/uploads\/2013\/08\/IMG-20130821-WA022-150x113.jpg 150w, https:\/\/senoticias.com.br\/se\/wp-content\/uploads\/2013\/08\/IMG-20130821-WA022-269x201.jpg 269w, https:\/\/senoticias.com.br\/se\/wp-content\/uploads\/2013\/08\/IMG-20130821-WA022.jpg 400w\" sizes=\"(max-width: 300px) 100vw, 300px\" \/><\/a>Os membros da Defensoria P\u00fablica do Estado de Sergipe receberam a visita do vice-presidente do Tribunal de Justi\u00e7a, desembargador Edson Ulisses de Melo e dos integrantes do Grupo Gestor do Mutir\u00e3o Carcer\u00e1rio.<\/p>\n<p style=\"text-align: justify;\">O objetivo foi buscar o apoio da Defensoria P\u00fablica para a realiza\u00e7\u00e3o do Mutir\u00e3o Carcer\u00e1rio. \u201cO sistema de justi\u00e7a se faz com o poder judici\u00e1rio e os mutir\u00f5es. N\u00e3o adianta rever as penas e desencarcerar quem est\u00e1 encarcerado sem conversar com outras institui\u00e7\u00f5es\u201d disse o juiz corregedor do Tribunal de Justi\u00e7a, Francisco Alves.<\/p>\n<p style=\"text-align: justify;\">O mutir\u00e3o \u00e9 realizado desde 2010 no per\u00edodo de julho a outubro. \u201c\u00c9 um per\u00edodo do ano que tem uma maior aten\u00e7\u00e3o e um grande n\u00famero de processos para analisar entre os julgados e provis\u00f3rios\u201d, ressaltou o magistrado.<\/p>\n<p style=\"text-align: justify;\">Para o juiz corregedor, a participa\u00e7\u00e3o da Defensoria P\u00fablica \u00e9 de extrema import\u00e2ncia no Mutir\u00e3o. \u201cA grande maioria da popula\u00e7\u00e3o carcer\u00e1ria \u00e9 de baixa renda e n\u00e3o t\u00eam condi\u00e7\u00f5es de arcar com honor\u00e1rios advocat\u00edcios. A Defensoria tem uma demanda insuficiente de defensores p\u00fablicos, por isso \u00e9 preciso que o Estado olhe com muita aten\u00e7\u00e3o esse quesito. De 108 ju\u00edzes da \u00e1rea criminal, apenas menos de 50% tem a participa\u00e7\u00e3o dos defensores p\u00fablicos nos processos em virtude dessa vac\u00e2ncia\u201d, apontou.<\/p>\n<p style=\"text-align: justify;\">O defensor geral, Raimundo Veiga, afirmou que a maior preocupa\u00e7\u00e3o da Defensoria P\u00fablica \u00e9 a falta de defensores p\u00fablicos para suprir a demanda. \u201cInfelizmente muitos defensores p\u00fablicos acabam respondendo por mais de uma Vara ou Comarca, o que sobrecarrega. Al\u00e9m disso, nosso quadro \u00e9 muito pequeno para o n\u00famero de ju\u00edzes, onde apenas sete munic\u00edpios contam com a assist\u00eancia da institui\u00e7\u00e3o\u201d, enfatizou.<\/p>\n<p style=\"text-align: justify;\">A reuni\u00e3o contou com a presen\u00e7a do defensor geral, Raimundo Veiga; do subdefensor, Jesus Jairo Lacerda; do secret\u00e1rio geral, Almo Britto; do presidente da Associa\u00e7\u00e3o dos Defensores P\u00fablicos de Sergipe, S\u00e9rgio Barreto Morais; dos membros do Conselho Superior e defensores p\u00fablicos Anderson Amorim Minas e Antonio Carvalho da Cunha; o defensor p\u00fablico e coordenador do N\u00facleo de Flagrante Delito, Almiro Modesto e da ju\u00edza auxiliar da Presid\u00eancia do Tribunal de Justi\u00e7a, Elbe Maria Prado de Carvalho.<\/p>\n<p><strong>D\u00e9bora Matos<\/strong><br \/>\n<strong> Assessora de Comunica\u00e7\u00e3o<\/strong><br \/>\n<strong> Defensoria P\u00fablica do Estado de Sergipe<\/strong><\/p>\n","protected":false},"excerpt":{"rendered":"<p>Os membros da Defensoria P\u00fablica do Estado de Sergipe receberam a visita do vice-presidente do Tribunal de Justi\u00e7a, desembargador Edson Ulisses de Melo e dos integrantes do Grupo Gestor do Mutir\u00e3o Carcer\u00e1rio. O objetivo foi buscar o apoio da Defensoria P\u00fablica para a realiza\u00e7\u00e3o do Mutir\u00e3o Carcer\u00e1rio. \u201cO sistema de justi\u00e7a se faz com o [&hellip;]<\/p>\n","protected":false},"author":1,"featured_media":51891,"comment_status":"closed","ping_status":"closed","sticky":false,"template":"","format":"standard","meta":{"footnotes":""},"categories":[6],"tags":[],"class_list":{"0":"post-51890","1":"post","2":"type-post","3":"status-publish","4":"format-standard","5":"has-post-thumbnail","7":"category-politica"},"_links":{"self":[{"href":"https:\/\/senoticias.com.br\/se\/wp-json\/wp\/v2\/posts\/51890"}],"collection":[{"href":"https:\/\/senoticias.com.br\/se\/wp-json\/wp\/v2\/posts"}],"about":[{"href":"https:\/\/senoticias.com.br\/se\/wp-json\/wp\/v2\/types\/post"}],"author":[{"embeddable":true,"href":"https:\/\/senoticias.com.br\/se\/wp-json\/wp\/v2\/users\/1"}],"replies":[{"embeddable":true,"href":"https:\/\/senoticias.com.br\/se\/wp-json\/wp\/v2\/comments?post=51890"}],"version-history":[{"count":0,"href":"https:\/\/senoticias.com.br\/se\/wp-json\/wp\/v2\/posts\/51890\/revisions"}],"wp:featuredmedia":[{"embeddable":true,"href":"https:\/\/senoticias.com.br\/se\/wp-json\/wp\/v2\/media\/51891"}],"wp:attachment":[{"href":"https:\/\/senoticias.com.br\/se\/wp-json\/wp\/v2\/media?parent=51890"}],"wp:term":[{"taxonomy":"category","embeddable":true,"href":"https:\/\/senoticias.com.br\/se\/wp-json\/wp\/v2\/categories?post=51890"},{"taxonomy":"post_tag","embeddable":true,"href":"https:\/\/senoticias.com.br\/se\/wp-json\/wp\/v2\/tags?post=51890"}],"curies":[{"name":"wp","href":"https:\/\/api.w.org\/{rel}","templated":true}]}}