{"id":51887,"date":"2013-08-23T14:52:19","date_gmt":"2013-08-23T17:52:19","guid":{"rendered":"http:\/\/senoticias.com.br\/se\/?p=51887"},"modified":"2013-08-23T14:53:39","modified_gmt":"2013-08-23T17:53:39","slug":"cprv-apreende-08-kg-de-maconha-e-anabolizantes-em-indiaroba","status":"publish","type":"post","link":"https:\/\/senoticias.com.br\/se\/cprv-apreende-08-kg-de-maconha-e-anabolizantes-em-indiaroba\/","title":{"rendered":"CPRv apreende 08 KG de maconha e anabolizantes em Indiaroba"},"content":{"rendered":"<p>&nbsp;<\/p>\n<div id=\"attachment_51888\" style=\"width: 310px\" class=\"wp-caption alignright\"><a href=\"http:\/\/senoticias.com.br\/se\/wp-content\/uploads\/2013\/08\/foto-maconha-1.jpg\"><img loading=\"lazy\" decoding=\"async\" aria-describedby=\"caption-attachment-51888\" class=\"size-medium wp-image-51888\" alt=\" Os materiais apreendidos juntamente com o infrator foram conduzidos para a Delegacia Regional de Itabaiana\" src=\"http:\/\/senoticias.com.br\/se\/wp-content\/uploads\/2013\/08\/foto-maconha-1-300x225.jpg\" width=\"300\" height=\"225\" srcset=\"https:\/\/senoticias.com.br\/se\/wp-content\/uploads\/2013\/08\/foto-maconha-1-300x225.jpg 300w, https:\/\/senoticias.com.br\/se\/wp-content\/uploads\/2013\/08\/foto-maconha-1-342x256.jpg 342w, https:\/\/senoticias.com.br\/se\/wp-content\/uploads\/2013\/08\/foto-maconha-1-60x45.jpg 60w, https:\/\/senoticias.com.br\/se\/wp-content\/uploads\/2013\/08\/foto-maconha-1-150x113.jpg 150w, https:\/\/senoticias.com.br\/se\/wp-content\/uploads\/2013\/08\/foto-maconha-1-269x201.jpg 269w, https:\/\/senoticias.com.br\/se\/wp-content\/uploads\/2013\/08\/foto-maconha-1.jpg 389w\" sizes=\"(max-width: 300px) 100vw, 300px\" \/><\/a><p id=\"caption-attachment-51888\" class=\"wp-caption-text\"><br \/>Os materiais apreendidos juntamente com o infrator foram conduzidos para a Delegacia Regional de Itabaiana<\/p><\/div>\n<p style=\"text-align: justify;\">A Pol\u00edcia Militar, atrav\u00e9s da Companhia de Pol\u00edcia Rodovi\u00e1ria Estadual \u2013 CPRv, na madrugada desta sexta-feira (23) durante a realiza\u00e7\u00e3o de uma opera\u00e7\u00e3o na rodovia SE 100, munic\u00edpio de Indiaroba\/SE, divisa com o Estado da Bahia, os policiais do posto de fiscaliza\u00e7\u00e3o rodovi\u00e1ria, ao efetuarem uma abordagem a um ve\u00edculo VW FOX, placa JRT 6196\/BA, conduzido pelo o senhor Rafael Silvany Ramos, 26 anos, natural de Salvador, encontraram no interior do ve\u00edculo 08 (oito) quilos de maconha prensada e v\u00e1rios tipos de anabolizantes.<\/p>\n<p style=\"text-align: justify;\">Os materiais apreendidos juntamente com o infrator foram conduzidos para a Delegacia Regional de Itabaiana, onde foram adotadas as medidas legais.<\/p>\n<p style=\"text-align: justify;\">Dados da CPRv revelam que de Janeiro a Agosto de 2013, foram apreendidos mais de 150 (cento e cinquenta) quilos de maconha prensada durante opera\u00e7\u00f5es nas rodovias estaduais, sendo que estas drogas estavam sendo transportadas em ve\u00edculos de passeio.<\/p>\n<p style=\"text-align: justify;\"><strong>Comando da CPRv<\/strong><\/p>\n","protected":false},"excerpt":{"rendered":"<p>&nbsp; A Pol\u00edcia Militar, atrav\u00e9s da Companhia de Pol\u00edcia Rodovi\u00e1ria Estadual \u2013 CPRv, na madrugada desta sexta-feira (23) durante a realiza\u00e7\u00e3o de uma opera\u00e7\u00e3o na rodovia SE 100, munic\u00edpio de Indiaroba\/SE, divisa com o Estado da Bahia, os policiais do posto de fiscaliza\u00e7\u00e3o rodovi\u00e1ria, ao efetuarem uma abordagem a um ve\u00edculo VW FOX, placa JRT [&hellip;]<\/p>\n","protected":false},"author":2,"featured_media":51888,"comment_status":"closed","ping_status":"closed","sticky":false,"template":"","format":"standard","meta":{"footnotes":""},"categories":[7,1],"tags":[],"class_list":{"0":"post-51887","1":"post","2":"type-post","3":"status-publish","4":"format-standard","5":"has-post-thumbnail","7":"category-policia","8":"category-sem-categoria"},"_links":{"self":[{"href":"https:\/\/senoticias.com.br\/se\/wp-json\/wp\/v2\/posts\/51887"}],"collection":[{"href":"https:\/\/senoticias.com.br\/se\/wp-json\/wp\/v2\/posts"}],"about":[{"href":"https:\/\/senoticias.com.br\/se\/wp-json\/wp\/v2\/types\/post"}],"author":[{"embeddable":true,"href":"https:\/\/senoticias.com.br\/se\/wp-json\/wp\/v2\/users\/2"}],"replies":[{"embeddable":true,"href":"https:\/\/senoticias.com.br\/se\/wp-json\/wp\/v2\/comments?post=51887"}],"version-history":[{"count":0,"href":"https:\/\/senoticias.com.br\/se\/wp-json\/wp\/v2\/posts\/51887\/revisions"}],"wp:featuredmedia":[{"embeddable":true,"href":"https:\/\/senoticias.com.br\/se\/wp-json\/wp\/v2\/media\/51888"}],"wp:attachment":[{"href":"https:\/\/senoticias.com.br\/se\/wp-json\/wp\/v2\/media?parent=51887"}],"wp:term":[{"taxonomy":"category","embeddable":true,"href":"https:\/\/senoticias.com.br\/se\/wp-json\/wp\/v2\/categories?post=51887"},{"taxonomy":"post_tag","embeddable":true,"href":"https:\/\/senoticias.com.br\/se\/wp-json\/wp\/v2\/tags?post=51887"}],"curies":[{"name":"wp","href":"https:\/\/api.w.org\/{rel}","templated":true}]}}