{"id":51884,"date":"2013-08-23T12:56:29","date_gmt":"2013-08-23T15:56:29","guid":{"rendered":"http:\/\/senoticias.com.br\/se\/?p=51884"},"modified":"2013-08-23T14:54:13","modified_gmt":"2013-08-23T17:54:13","slug":"policia-desarticula-conexao-de-venda-de-crack-oriunda-de-rondonia","status":"publish","type":"post","link":"https:\/\/senoticias.com.br\/se\/policia-desarticula-conexao-de-venda-de-crack-oriunda-de-rondonia\/","title":{"rendered":"Pol\u00edcia desarticula conex\u00e3o de venda de crack oriunda de Rond\u00f4nia"},"content":{"rendered":"<p>Na manh\u00e3 desta sexta-feira, 23, a Pol\u00edcia Civil, atrav\u00e9s do Departamento de Narc\u00f3ticos (Denarc), detalhou a pris\u00e3o de quatro pessoas envolvidas em um esquema de tr\u00e1fico de drogas que seguia uma conex\u00e3o que iniciava na cidade de Giparan\u00e1, em Rond\u00f4nia, passando por Pernambuco e tendo como destino final Sergipe.<\/p>\n<div id=\"attachment_51885\" style=\"width: 586px\" class=\"wp-caption aligncenter\"><a href=\"http:\/\/senoticias.com.br\/se\/wp-content\/uploads\/2013\/08\/denarc1.jpg\"><img loading=\"lazy\" decoding=\"async\" aria-describedby=\"caption-attachment-51885\" class=\"size-full wp-image-51885\" alt=\"Quatro envolvidos em um esquema de tr\u00e1fico de drogas .(PC\/SE)\" src=\"http:\/\/senoticias.com.br\/se\/wp-content\/uploads\/2013\/08\/denarc1.jpg\" width=\"576\" height=\"383\" srcset=\"https:\/\/senoticias.com.br\/se\/wp-content\/uploads\/2013\/08\/denarc1.jpg 576w, https:\/\/senoticias.com.br\/se\/wp-content\/uploads\/2013\/08\/denarc1-300x199.jpg 300w, https:\/\/senoticias.com.br\/se\/wp-content\/uploads\/2013\/08\/denarc1-342x227.jpg 342w\" sizes=\"(max-width: 576px) 100vw, 576px\" \/><\/a><p id=\"caption-attachment-51885\" class=\"wp-caption-text\">Quatro envolvidos em um esquema de tr\u00e1fico de drogas .(PC\/SE)<\/p><\/div>\n<p style=\"text-align: justify;\">As pris\u00f5es aconteceram na madrugada desta quarta-feira, 21, em um posto de combust\u00edveis localizado na entrada de Aracaju e foram motivadas ap\u00f3s uma den\u00fancia atrav\u00e9s do Disque-Den\u00fancia (181). Na oportunidade, foram presos Adelmo da Silva Costa, apontado como o comprador da droga em Aracaju, Jos\u00e9 Uilton Moura Barreto, que transportou a droga do Estado de Rond\u00f4nia para Aracaju e receberia pela tarefa R$ 10 mil, e Nevton de Castro Freistas e seu pai Nelson Santana de Freitas, que s\u00e3o os donos da droga.<\/p>\n<p style=\"text-align: justify;\">A pol\u00edcia encontrou em um caminh\u00e3o bi-trem 20 quilos de crack e mais de R$ 70 mil em dinheiro. &#8220;O Nelson e o seu filho Neviton s\u00e3o sergipanos mas moram no estado de Rond\u00f4nia. Eles adquiriam a droga na Bolivia e contratava caminhoneiros para fazer o trabalho de &#8216;mula&#8217;, transportando a droga at\u00e9 os estados de Sergipe e Pernambuco&#8221;, explicou o delegado Osvaldo Rezende.<\/p>\n<p style=\"text-align: justify;\">Ainda segundo o delegado, h\u00e1 a informa\u00e7\u00e3o que eles repassaram em Pernambuco mais 50 quilos de crack, vindo para Sergipe para comercializar os 20 quilos da droga com Nelson que repassava o entorpecente para traficantes menores em Sergipe. &#8220;O Nelson e seu filho viajavam at\u00e9 Pernambuco de avi\u00e3o e l\u00e1 tinham \u00e0 disposi\u00e7\u00e3o uma camionete Hilux para transitar. Eles viajaram com esse ve\u00edculo at\u00e9 Sergipe onde se encontraram com Nelson para fechar neg\u00f3cio&#8221;, destacou Osvaldo.<\/p>\n<p style=\"text-align: justify;\">O delegado informou, ainda, que as investiga\u00e7\u00f5es v\u00e3o prosseguir na tentativa de identificar e prender outros evolvidos com essa conex\u00e3o criminosa.<\/p>\n<p style=\"text-align: justify;\"><strong>Da Assessoria de Comunica\u00e7\u00e3o da SSP\/SE<\/strong><\/p>\n","protected":false},"excerpt":{"rendered":"<p>Na manh\u00e3 desta sexta-feira, 23, a Pol\u00edcia Civil, atrav\u00e9s do Departamento de Narc\u00f3ticos (Denarc), detalhou a pris\u00e3o de quatro pessoas envolvidas em um esquema de tr\u00e1fico de drogas que seguia uma conex\u00e3o que iniciava na cidade de Giparan\u00e1, em Rond\u00f4nia, passando por Pernambuco e tendo como destino final Sergipe. As pris\u00f5es aconteceram na madrugada desta [&hellip;]<\/p>\n","protected":false},"author":1,"featured_media":51885,"comment_status":"closed","ping_status":"closed","sticky":false,"template":"","format":"standard","meta":{"footnotes":""},"categories":[1],"tags":[],"class_list":{"0":"post-51884","1":"post","2":"type-post","3":"status-publish","4":"format-standard","5":"has-post-thumbnail","7":"category-sem-categoria"},"_links":{"self":[{"href":"https:\/\/senoticias.com.br\/se\/wp-json\/wp\/v2\/posts\/51884"}],"collection":[{"href":"https:\/\/senoticias.com.br\/se\/wp-json\/wp\/v2\/posts"}],"about":[{"href":"https:\/\/senoticias.com.br\/se\/wp-json\/wp\/v2\/types\/post"}],"author":[{"embeddable":true,"href":"https:\/\/senoticias.com.br\/se\/wp-json\/wp\/v2\/users\/1"}],"replies":[{"embeddable":true,"href":"https:\/\/senoticias.com.br\/se\/wp-json\/wp\/v2\/comments?post=51884"}],"version-history":[{"count":0,"href":"https:\/\/senoticias.com.br\/se\/wp-json\/wp\/v2\/posts\/51884\/revisions"}],"wp:featuredmedia":[{"embeddable":true,"href":"https:\/\/senoticias.com.br\/se\/wp-json\/wp\/v2\/media\/51885"}],"wp:attachment":[{"href":"https:\/\/senoticias.com.br\/se\/wp-json\/wp\/v2\/media?parent=51884"}],"wp:term":[{"taxonomy":"category","embeddable":true,"href":"https:\/\/senoticias.com.br\/se\/wp-json\/wp\/v2\/categories?post=51884"},{"taxonomy":"post_tag","embeddable":true,"href":"https:\/\/senoticias.com.br\/se\/wp-json\/wp\/v2\/tags?post=51884"}],"curies":[{"name":"wp","href":"https:\/\/api.w.org\/{rel}","templated":true}]}}