{"id":51881,"date":"2013-08-23T12:45:37","date_gmt":"2013-08-23T15:45:37","guid":{"rendered":"http:\/\/senoticias.com.br\/se\/?p=51881"},"modified":"2013-08-25T12:43:23","modified_gmt":"2013-08-25T15:43:23","slug":"pc-regional-se-reune-para-discutir-comissao-provisoria-de-sao-cristovao","status":"publish","type":"post","link":"https:\/\/senoticias.com.br\/se\/pc-regional-se-reune-para-discutir-comissao-provisoria-de-sao-cristovao\/","title":{"rendered":"PC regional se re\u00fane para discutir comiss\u00e3o provis\u00f3ria de S\u00e3o Crist\u00f3v\u00e3o"},"content":{"rendered":"<p>&nbsp;<\/p>\n<div id=\"attachment_51882\" style=\"width: 310px\" class=\"wp-caption alignright\"><a href=\"http:\/\/senoticias.com.br\/se\/wp-content\/uploads\/2013\/08\/20130819_140500.jpg\"><img loading=\"lazy\" decoding=\"async\" aria-describedby=\"caption-attachment-51882\" class=\"size-medium wp-image-51882\" alt=\"  Presidente da comiss\u00e3o do PT de S\u00e3o Crist\u00f3v\u00e3o, Advogado Jo\u00e3o Garcez. (Foto: arquivo pessoal)\" src=\"http:\/\/senoticias.com.br\/se\/wp-content\/uploads\/2013\/08\/20130819_140500-300x225.jpg\" width=\"300\" height=\"225\" srcset=\"https:\/\/senoticias.com.br\/se\/wp-content\/uploads\/2013\/08\/20130819_140500-300x225.jpg 300w, https:\/\/senoticias.com.br\/se\/wp-content\/uploads\/2013\/08\/20130819_140500-342x256.jpg 342w, https:\/\/senoticias.com.br\/se\/wp-content\/uploads\/2013\/08\/20130819_140500-60x45.jpg 60w, https:\/\/senoticias.com.br\/se\/wp-content\/uploads\/2013\/08\/20130819_140500-150x113.jpg 150w, https:\/\/senoticias.com.br\/se\/wp-content\/uploads\/2013\/08\/20130819_140500-269x201.jpg 269w, https:\/\/senoticias.com.br\/se\/wp-content\/uploads\/2013\/08\/20130819_140500.jpg 588w\" sizes=\"(max-width: 300px) 100vw, 300px\" \/><\/a><p id=\"caption-attachment-51882\" class=\"wp-caption-text\"><br \/>Presidente da comiss\u00e3o do PC de S\u00e3o Crist\u00f3v\u00e3o, Advogado Jo\u00e3o Garcez. (Foto: arquivo pessoal)<\/p><\/div>\n<p style=\"text-align: justify;\">O Partido Crist\u00e3o em S\u00e3o Crist\u00f3v\u00e3o, reuniu-se no \u00faltimo s\u00e1bado (17), na sede da Associa\u00e7\u00e3o de Moradores do Conjunto Eduardo Gomes, para deliberar sobre as atividades que ir\u00e3o ser realizadas no pr\u00f3ximo m\u00eas de setembro visando a homologa\u00e7\u00e3o por parte do TSE, do registro definitivo do Partido. Segundo o Presidente do diret\u00f3rio municipal de S\u00e3o Crist\u00f3v\u00e3o, o Advogado Jo\u00e3o Garcez \u201c o Partido Crist\u00e3o vem se fortalecendo a cada dia, conseguindo apoio das fam\u00edlias crist\u00e3s e de lideran\u00e7as pol\u00edticas do nosso munic\u00edpio , como por exemplo do Vereador Chagas, essas ades\u00f5es s\u00e3o de suma import\u00e2ncia para que o registro definitivo do Partido seja homologado pelo TSE\u201d .<\/p>\n<p style=\"text-align: justify;\">Estiveram presentes a reuni\u00e3o o Presidente do Diret\u00f3rio Estadual Tony Lima, o secret\u00e1rio Claudivan, o tesoureiro Will e o vice Miguel, bem como lideran\u00e7as municipais como: Idelfonso, Lizandro, Tairone, Woshington da Base do Rosa Elze, Fabica do Box , dentre outros. Ficou estabelecido o apoio irrestrito do Diret\u00f3rio Municipal de S\u00e3o Crist\u00f3v\u00e3o, para que o IV Encontro Nacional do Partido Crist\u00e3o, seja realizado na cidade de Aracaju, nos pr\u00f3ximos dias 28 e 29 de setembro de 2013.<\/p>\n<p style=\"text-align: justify;\"><em><strong>Da Assessoria do Partido Crist\u00e3o<\/strong><\/em><\/p>\n","protected":false},"excerpt":{"rendered":"<p>&nbsp; O Partido Crist\u00e3o em S\u00e3o Crist\u00f3v\u00e3o, reuniu-se no \u00faltimo s\u00e1bado (17), na sede da Associa\u00e7\u00e3o de Moradores do Conjunto Eduardo Gomes, para deliberar sobre as atividades que ir\u00e3o ser realizadas no pr\u00f3ximo m\u00eas de setembro visando a homologa\u00e7\u00e3o por parte do TSE, do registro definitivo do Partido. Segundo o Presidente do diret\u00f3rio municipal de [&hellip;]<\/p>\n","protected":false},"author":1,"featured_media":51882,"comment_status":"closed","ping_status":"closed","sticky":false,"template":"","format":"standard","meta":{"footnotes":""},"categories":[38,6],"tags":[],"class_list":{"0":"post-51881","1":"post","2":"type-post","3":"status-publish","4":"format-standard","5":"has-post-thumbnail","7":"category-municipios","8":"category-politica"},"_links":{"self":[{"href":"https:\/\/senoticias.com.br\/se\/wp-json\/wp\/v2\/posts\/51881"}],"collection":[{"href":"https:\/\/senoticias.com.br\/se\/wp-json\/wp\/v2\/posts"}],"about":[{"href":"https:\/\/senoticias.com.br\/se\/wp-json\/wp\/v2\/types\/post"}],"author":[{"embeddable":true,"href":"https:\/\/senoticias.com.br\/se\/wp-json\/wp\/v2\/users\/1"}],"replies":[{"embeddable":true,"href":"https:\/\/senoticias.com.br\/se\/wp-json\/wp\/v2\/comments?post=51881"}],"version-history":[{"count":0,"href":"https:\/\/senoticias.com.br\/se\/wp-json\/wp\/v2\/posts\/51881\/revisions"}],"wp:featuredmedia":[{"embeddable":true,"href":"https:\/\/senoticias.com.br\/se\/wp-json\/wp\/v2\/media\/51882"}],"wp:attachment":[{"href":"https:\/\/senoticias.com.br\/se\/wp-json\/wp\/v2\/media?parent=51881"}],"wp:term":[{"taxonomy":"category","embeddable":true,"href":"https:\/\/senoticias.com.br\/se\/wp-json\/wp\/v2\/categories?post=51881"},{"taxonomy":"post_tag","embeddable":true,"href":"https:\/\/senoticias.com.br\/se\/wp-json\/wp\/v2\/tags?post=51881"}],"curies":[{"name":"wp","href":"https:\/\/api.w.org\/{rel}","templated":true}]}}