{"id":51877,"date":"2013-08-23T10:57:54","date_gmt":"2013-08-23T13:57:54","guid":{"rendered":"http:\/\/senoticias.com.br\/se\/?p=51877"},"modified":"2013-08-26T06:18:03","modified_gmt":"2013-08-26T09:18:03","slug":"policia-federal-apreende-150-kg-de-maconha-e-prende-foragido-em-operacao-na-br-101","status":"publish","type":"post","link":"https:\/\/senoticias.com.br\/se\/policia-federal-apreende-150-kg-de-maconha-e-prende-foragido-em-operacao-na-br-101\/","title":{"rendered":"Pol\u00edcia Federal apreende 150 kg de maconha, e prende foragido em opera\u00e7\u00e3o na BR-101"},"content":{"rendered":"<div id=\"attachment_51878\" style=\"width: 310px\" class=\"wp-caption alignright\"><a href=\"http:\/\/senoticias.com.br\/se\/wp-content\/uploads\/2013\/08\/100-kg-de-maconha-22.08.2013.jpg\"><img loading=\"lazy\" decoding=\"async\" aria-describedby=\"caption-attachment-51878\" class=\"size-medium wp-image-51878\" alt=\"100 kg de maconha, apreendidos em Japaratuba. (Divulga\u00e7\u00e3o)\" src=\"http:\/\/senoticias.com.br\/se\/wp-content\/uploads\/2013\/08\/100-kg-de-maconha-22.08.2013-300x247.jpg\" width=\"300\" height=\"247\" srcset=\"https:\/\/senoticias.com.br\/se\/wp-content\/uploads\/2013\/08\/100-kg-de-maconha-22.08.2013-300x247.jpg 300w, https:\/\/senoticias.com.br\/se\/wp-content\/uploads\/2013\/08\/100-kg-de-maconha-22.08.2013-342x282.jpg 342w, https:\/\/senoticias.com.br\/se\/wp-content\/uploads\/2013\/08\/100-kg-de-maconha-22.08.2013.jpg 440w\" sizes=\"(max-width: 300px) 100vw, 300px\" \/><\/a><p id=\"caption-attachment-51878\" class=\"wp-caption-text\">100 kg de maconha, apreendidos em Japaratuba. (Divulga\u00e7\u00e3o)<\/p><\/div>\n<p style=\"text-align: justify;\">Na manh\u00e3 de ontem, 22 de agosto, policiais federais apreenderam 100 kg de maconha e muni\u00e7\u00e3o de rev\u00f3lver calibre 38, durante barreira de rotina realizada na BR 101, no Munic\u00edpio de Japaratuba\/SE. A opera\u00e7\u00e3o resultou na pris\u00e3o do motorista da carreta com placa de Guarulhos\/SP, onde se encontrava o entorpecente ocultado na carga transportada.<\/p>\n<p style=\"text-align: justify;\">JOS\u00c9 DE SOUZA GON\u00c7ALVES de 49 anos, natural de Juazeiro do Norte\/CE, respons\u00e1vel pelo transporte do entorpecente, recebeu voz de pris\u00e3o ap\u00f3s revista dos policiais federais. Durante seu interrogat\u00f3rio, o preso n\u00e3o revelou o local de destino do entorpecente apreendido. As investiga\u00e7\u00f5es prosseguir\u00e3o para esclarecer a participa\u00e7\u00e3o de terceiros no crime.<\/p>\n<p style=\"text-align: justify;\">O preso foi indiciado pelos crimes de tr\u00e1fico interestadual de entorpecentes e porte ilegal de arma de fogo, nos termos dos artigos 33 e 40, V da Lei 11.343\/2006 e artigo 16 da lei 10.826\/2003, com penas previstas de at\u00e9 31 anos de pris\u00e3o, permanecendo em estabelecimento prisional \u00e0 disposi\u00e7\u00e3o do Ju\u00edzo da Comarca de Japaratuba\/SE.<\/p>\n<div id=\"attachment_51879\" style=\"width: 268px\" class=\"wp-caption alignright\"><a href=\"http:\/\/senoticias.com.br\/se\/wp-content\/uploads\/2013\/08\/50-kg-de-maconha-23.08.2013.jpg\"><img loading=\"lazy\" decoding=\"async\" aria-describedby=\"caption-attachment-51879\" class=\"size-medium wp-image-51879\" alt=\"50 kg de maconha, apreendidos em Cristin\u00e1polis.(Divulga\u00e7\u00e3o)\" src=\"http:\/\/senoticias.com.br\/se\/wp-content\/uploads\/2013\/08\/50-kg-de-maconha-23.08.2013-258x300.jpg\" width=\"258\" height=\"300\" srcset=\"https:\/\/senoticias.com.br\/se\/wp-content\/uploads\/2013\/08\/50-kg-de-maconha-23.08.2013-258x300.jpg 258w, https:\/\/senoticias.com.br\/se\/wp-content\/uploads\/2013\/08\/50-kg-de-maconha-23.08.2013-342x397.jpg 342w, https:\/\/senoticias.com.br\/se\/wp-content\/uploads\/2013\/08\/50-kg-de-maconha-23.08.2013-300x348.jpg 300w, https:\/\/senoticias.com.br\/se\/wp-content\/uploads\/2013\/08\/50-kg-de-maconha-23.08.2013.jpg 450w\" sizes=\"(max-width: 258px) 100vw, 258px\" \/><\/a><p id=\"caption-attachment-51879\" class=\"wp-caption-text\">50 kg de maconha, apreendidos em Cristin\u00e1polis.(Divulga\u00e7\u00e3o)<\/p><\/div>\n<p style=\"text-align: justify;\">Na madrugada desta sexta-feira, 23 de agosto, em nova barreira policial de rotina na BR 101, Munic\u00edpio de Cristin\u00e1polis\/SE, policiais federais apreenderam 50 kg de maconha, sendo transportados pelo passageiro ERICSSON MILLER CASSEMIRO DA SILVA, 20 anos, natural de Macei\u00f3\/AL.<\/p>\n<p style=\"text-align: justify;\">O detido recebeu voz de pris\u00e3o, ap\u00f3s revista dos policiais federais nas bagagens transportadas em \u00f4nibus proveniente do Estado de S\u00e3o Paulo, que tinha como destino a cidade de Propri\u00e1\/SE. Durante o interrogat\u00f3rio, o preso n\u00e3o revelou o local de destino do entorpecente apreendido. O passageiro estava sendo procurado pela Justi\u00e7a do Estado de Alagoas, onde responde pelos crimes de roubo e porte ilegal de arma.<\/p>\n<p style=\"text-align: justify;\">O preso foi indiciado pelo crime de tr\u00e1fico interestadual de entorpecentes, nos termos dos artigos 33 e 40, III e V da Lei 11.343\/2006, com penas previstas de at\u00e9 25 anos de pris\u00e3o, permanecendo em estabelecimento prisional \u00e0 disposi\u00e7\u00e3o do Ju\u00edzo da Comarca de Cristin\u00e1polis\/SE.<\/p>\n<p style=\"text-align: justify;\"><strong>Comunica\u00e7\u00e3o Social \u2013 SR\/SE<\/strong><\/p>\n","protected":false},"excerpt":{"rendered":"<p>Na manh\u00e3 de ontem, 22 de agosto, policiais federais apreenderam 100 kg de maconha e muni\u00e7\u00e3o de rev\u00f3lver calibre 38, durante barreira de rotina realizada na BR 101, no Munic\u00edpio de Japaratuba\/SE. A opera\u00e7\u00e3o resultou na pris\u00e3o do motorista da carreta com placa de Guarulhos\/SP, onde se encontrava o entorpecente ocultado na carga transportada. JOS\u00c9 [&hellip;]<\/p>\n","protected":false},"author":1,"featured_media":51879,"comment_status":"closed","ping_status":"closed","sticky":false,"template":"","format":"standard","meta":{"footnotes":""},"categories":[15,7],"tags":[],"class_list":{"0":"post-51877","1":"post","2":"type-post","3":"status-publish","4":"format-standard","5":"has-post-thumbnail","7":"category-destaques","8":"category-policia"},"_links":{"self":[{"href":"https:\/\/senoticias.com.br\/se\/wp-json\/wp\/v2\/posts\/51877"}],"collection":[{"href":"https:\/\/senoticias.com.br\/se\/wp-json\/wp\/v2\/posts"}],"about":[{"href":"https:\/\/senoticias.com.br\/se\/wp-json\/wp\/v2\/types\/post"}],"author":[{"embeddable":true,"href":"https:\/\/senoticias.com.br\/se\/wp-json\/wp\/v2\/users\/1"}],"replies":[{"embeddable":true,"href":"https:\/\/senoticias.com.br\/se\/wp-json\/wp\/v2\/comments?post=51877"}],"version-history":[{"count":0,"href":"https:\/\/senoticias.com.br\/se\/wp-json\/wp\/v2\/posts\/51877\/revisions"}],"wp:featuredmedia":[{"embeddable":true,"href":"https:\/\/senoticias.com.br\/se\/wp-json\/wp\/v2\/media\/51879"}],"wp:attachment":[{"href":"https:\/\/senoticias.com.br\/se\/wp-json\/wp\/v2\/media?parent=51877"}],"wp:term":[{"taxonomy":"category","embeddable":true,"href":"https:\/\/senoticias.com.br\/se\/wp-json\/wp\/v2\/categories?post=51877"},{"taxonomy":"post_tag","embeddable":true,"href":"https:\/\/senoticias.com.br\/se\/wp-json\/wp\/v2\/tags?post=51877"}],"curies":[{"name":"wp","href":"https:\/\/api.w.org\/{rel}","templated":true}]}}